{"id":469010,"date":"2026-08-27T09:25:23","date_gmt":"2026-08-27T09:25:23","guid":{"rendered":"https:\/\/admin.industriall-union.org\/?post_type=article&#038;p=469010"},"modified":"2026-08-31T10:31:35","modified_gmt":"2026-08-31T10:31:35","slug":"droits-travailleurs-ykk-turquie","status":"publish","type":"article","link":"https:\/\/admin.industriall-union.org\/fr\/droits-travailleurs-ykk-turquie\/","title":{"rendered":"Les travailleurs et travailleuses de YKK priv\u00e9s de leurs droits fondamentaux\u00a0: les enseignes doivent prendre leurs responsabilit\u00e9s"},"content":{"rendered":"\n<p class=\"wp-block-paragraph\">La <a href=\"https:\/\/www.industriall-union.org\/fr\/les-travailleurs-et-travailleuses-de-ykk-toujours-prives-de-leurs-droits-en-turquie\">pression exerc\u00e9e sur le personnel ne cesse de s\u2019intensifier<\/a>. Au cours des trois jours qui ont suivi l\u2019autorisation du syndicat en mai 2024, 44&nbsp;membres ont d\u00e9missionn\u00e9 sous la contrainte de l\u2019employeur. Les cadres interm\u00e9diaires ont exerc\u00e9 des pressions directes sur les salari\u00e9s. Dans un cas pr\u00e9cis, un chef d\u2019\u00e9quipe a exig\u00e9 qu\u2019une syndicaliste fournisse une capture d\u2019\u00e9cran prouvant qu\u2019elle s\u2019\u00e9tait retir\u00e9e de Petrol-\u0130\u015f. Elle s\u2019est ex\u00e9cut\u00e9e \u2014 ce qui constitue une violation flagrante des droits de l\u2019homme.<\/p>\n\n\n\n<p class=\"wp-block-paragraph\">L\u2019entreprise a mis en place un comit\u00e9 contr\u00f4l\u00e9 par la direction afin de discr\u00e9diter les repr\u00e9sentants \u00e9lus par les salari\u00e9s. Elle a refus\u00e9 tout dialogue. Elle d\u00e9ploie depuis trois ans maintenant des man\u0153uvres juridiques dilatoires dans le but de saper la d\u00e9termination des salari\u00e9s comme du syndicat.<\/p>\n\n\n\n<p class=\"wp-block-paragraph\">Une enqu\u00eate ind\u00e9pendante men\u00e9e par la <a href=\"https:\/\/www.fairlabor.org\/reports\/ykk-cerkezkoy-factory-turkiye\/\">Fair Labor Association en 2025<\/a> a document\u00e9 ces violations, confirmant notamment les conclusions suivantes&nbsp;:<\/p>\n\n\n\n<ul class=\"wp-block-list\">\n<li>La capacit\u00e9 des salari\u00e9s \u00e0 exercer effectivement leurs droits \u00e0 la libert\u00e9 syndicale et \u00e0 la n\u00e9gociation collective a \u00e9t\u00e9 consid\u00e9rablement entrav\u00e9e<\/li>\n\n\n\n<li>YKK T\u00fcrkiye s\u2019est abstenue d\u2019engager un dialogue social constructif avec le syndicat l\u00e9gitimement constitu\u00e9<\/li>\n\n\n\n<li>Certains aspects du comportement de la direction et l\u2019insuffisance des contr\u00f4les exerc\u00e9s ont contribu\u00e9 \u00e0 instaurer un environnement dans lequel les droits des travailleurs n\u2019\u00e9taient pas pleinement respect\u00e9s<\/li>\n\n\n\n<li>L\u2019absence d\u2019engagement de bonne foi a emp\u00each\u00e9 la mise en place de n\u00e9gociations collectives malgr\u00e9 le soutien manifeste des travailleurs et travailleuses \u00e0 la repr\u00e9sentation syndicale.<\/li>\n<\/ul>\n\n\n\n<p class=\"wp-block-paragraph\">Pourtant, les enseignes continuent de s\u2019approvisionner aupr\u00e8s de YKK.<\/p>\n\n\n\n<p class=\"wp-block-paragraph\">Mehmet Kaya, membre du Comit\u00e9 ex\u00e9cutif de Petrol-\u0130\u015f, a d\u00e9clar\u00e9&nbsp;:&nbsp;<\/p>\n\n\n\n<blockquote class=\"wp-block-quote is-layout-flow wp-block-quote-is-layout-flow\">\n<p class=\"wp-block-paragraph\"><em>\u00ab&nbsp;Tout ce que nous avons v\u00e9cu sur les lieux de travail de YKK constitue une violation flagrante non seulement de la libert\u00e9 syndicale et du droit \u00e0 la n\u00e9gociation collective, mais aussi des droits humains fondamentaux.&nbsp;\u00bb<\/em><\/p>\n<\/blockquote>\n\n\n\n<p class=\"wp-block-paragraph\">Adidas, H&amp;M et Puma ont sign\u00e9 des d\u00e9clarations communes appelant YKK \u00e0 engager le dialogue. IndustriALL a officiellement approuv\u00e9 les conclusions de la FLA. Mais il ne suffit pas de signer des d\u00e9clarations.&nbsp;Tant que ces enseignes continueront de passer commande aupr\u00e8s de YKK sans exiger de changements concrets, elles se rendront complices des violations des droits fondamentaux des travailleurs et travailleuses.<\/p>\n\n\n\n<p class=\"wp-block-paragraph\">Atle H\u00f8ie, Secr\u00e9taire g\u00e9n\u00e9ral d\u2019IndustriALL, a d\u00e9clar\u00e9&nbsp;:&nbsp;<\/p>\n\n\n\n<blockquote class=\"wp-block-quote is-layout-flow wp-block-quote-is-layout-flow\">\n<p class=\"wp-block-paragraph\"><em>\u00ab&nbsp;Depuis pr\u00e8s de trois ans, YKK recourt \u00e0 des man\u0153uvres juridiques dilatoires pour priver les travailleurs de leur droit fondamental de se syndiquer et de n\u00e9gocier collectivement. Un tel comportement est inacceptable de la part d\u2019une entreprise mondiale qui pr\u00e9tend respecter les normes internationales du travail.&nbsp;<\/em><\/p>\n<\/blockquote>\n\n\n\n<blockquote class=\"wp-block-quote is-layout-flow wp-block-quote-is-layout-flow\">\n<p class=\"wp-block-paragraph\"><em>\u00ab&nbsp;Le fait que les enseignes qui s\u2019approvisionnent aupr\u00e8s de YKK restent les bras crois\u00e9s face \u00e0 cette situation est tout aussi inacceptable. Nous appelons toutes les enseignes concern\u00e9es \u00e0 user de leur influence d\u00e8s \u00e0 pr\u00e9sent pour exiger que YKK engage sans d\u00e9lai un dialogue constructif avec Petrol-\u0130\u015f et pour obliger l\u2019entreprise \u00e0 mettre en \u0153uvre des changements concrets.&nbsp;\u00bb&nbsp;<\/em><\/p>\n<\/blockquote>\n","protected":false},"featured_media":0,"template":"","issues":[406,422,424,425],"companies":[],"regions":[250],"sectors":[464],"article_tags":[],"class_list":["post-469010","article","type-article","status-publish","hentry","issues-confronting-global-capital","issues-human-trade-union-rights","issues-violation","issues-workers-rights","regions-turkiye","sectors-textile-leather-garment-shoes-and-textile-services"],"acf":[],"yoast_head":"<!-- This site is optimized with the Yoast SEO Premium plugin v27.1 (Yoast SEO v27.1) - https:\/\/yoast.com\/product\/yoast-seo-premium-wordpress\/ -->\n<title>Droits des travailleur\u00b7euses YKK en T\u00fcrkiye : r\u00e9pondre aux violations<\/title>\n<meta name=\"description\" content=\"Les travailleur\u00b7euses de YKK se voient refuser le droit \u00e0 la syndicalisation tandis que les grandes marques continuent leurs achats. IndustriALL exige la responsabilit\u00e9 des marques.\" \/>\n<meta name=\"robots\" content=\"index, follow, max-snippet:-1, max-image-preview:large, max-video-preview:-1\" \/>\n<link rel=\"canonical\" href=\"https:\/\/admin.industriall-union.org\/fr\/droits-travailleurs-ykk-turquie\/\" \/>\n<meta property=\"og:locale\" content=\"fr_FR\" \/>\n<meta property=\"og:type\" content=\"article\" \/>\n<meta property=\"og:title\" content=\"Les travailleurs et travailleuses de YKK priv\u00e9s de leurs droits fondamentaux\u00a0: les enseignes doivent prendre leurs responsabilit\u00e9s\" \/>\n<meta property=\"og:description\" content=\"Les travailleur\u00b7euses de YKK se voient refuser le droit \u00e0 la syndicalisation tandis que les grandes marques continuent leurs achats. IndustriALL exige la responsabilit\u00e9 des marques.\" \/>\n<meta property=\"og:url\" content=\"https:\/\/admin.industriall-union.org\/fr\/droits-travailleurs-ykk-turquie\/\" \/>\n<meta property=\"og:site_name\" content=\"industriall-union\" \/>\n<meta property=\"article:modified_time\" content=\"2026-08-31T10:31:35+00:00\" \/>\n<meta name=\"twitter:card\" content=\"summary_large_image\" \/>\n<meta name=\"twitter:label1\" content=\"Est. reading time\" \/>\n\t<meta name=\"twitter:data1\" content=\"2 minutes\" \/>\n<script type=\"application\/ld+json\" class=\"yoast-schema-graph\">{\"@context\":\"https:\/\/schema.org\",\"@graph\":[{\"@type\":\"WebPage\",\"@id\":\"https:\/\/admin.industriall-union.org\/fr\/droits-travailleurs-ykk-turquie\/\",\"url\":\"https:\/\/admin.industriall-union.org\/fr\/droits-travailleurs-ykk-turquie\/\",\"name\":\"Droits des travailleur\u00b7euses YKK en T\u00fcrkiye : r\u00e9pondre aux violations\",\"isPartOf\":{\"@id\":\"https:\/\/admin.industriall-union.org\/ru\/#website\"},\"datePublished\":\"2026-08-27T09:25:23+00:00\",\"dateModified\":\"2026-08-31T10:31:35+00:00\",\"description\":\"Les travailleur\u00b7euses de YKK se voient refuser le droit \u00e0 la syndicalisation tandis que les grandes marques continuent leurs achats. IndustriALL exige la responsabilit\u00e9 des marques.\",\"breadcrumb\":{\"@id\":\"https:\/\/admin.industriall-union.org\/fr\/droits-travailleurs-ykk-turquie\/#breadcrumb\"},\"inLanguage\":\"fr-FR\",\"potentialAction\":[{\"@type\":\"ReadAction\",\"target\":[\"https:\/\/admin.industriall-union.org\/fr\/droits-travailleurs-ykk-turquie\/\"]}]},{\"@type\":\"BreadcrumbList\",\"@id\":\"https:\/\/admin.industriall-union.org\/fr\/droits-travailleurs-ykk-turquie\/#breadcrumb\",\"itemListElement\":[{\"@type\":\"ListItem\",\"position\":1,\"name\":\"Home\",\"item\":\"https:\/\/admin.industriall-union.org\/ru\/\"},{\"@type\":\"ListItem\",\"position\":2,\"name\":\"Articles\",\"item\":\"https:\/\/admin.industriall-union.org\/ru\/article\/\"},{\"@type\":\"ListItem\",\"position\":3,\"name\":\"Les travailleurs et travailleuses de YKK priv\u00e9s de leurs droits fondamentaux\u00a0: les enseignes doivent prendre leurs responsabilit\u00e9s\"}]},{\"@type\":\"WebSite\",\"@id\":\"https:\/\/admin.industriall-union.org\/ru\/#website\",\"url\":\"https:\/\/admin.industriall-union.org\/ru\/\",\"name\":\"industriall-union\",\"description\":\"\",\"potentialAction\":[{\"@type\":\"SearchAction\",\"target\":{\"@type\":\"EntryPoint\",\"urlTemplate\":\"https:\/\/admin.industriall-union.org\/ru\/?s={search_term_string}\"},\"query-input\":{\"@type\":\"PropertyValueSpecification\",\"valueRequired\":true,\"valueName\":\"search_term_string\"}}],\"inLanguage\":\"fr-FR\"}]}<\/script>\n<!-- \/ Yoast SEO Premium plugin. -->","yoast_head_json":{"title":"Droits des travailleur\u00b7euses YKK en T\u00fcrkiye : r\u00e9pondre aux violations","description":"Les travailleur\u00b7euses de YKK se voient refuser le droit \u00e0 la syndicalisation tandis que les grandes marques continuent leurs achats. IndustriALL exige la responsabilit\u00e9 des marques.","robots":{"index":"index","follow":"follow","max-snippet":"max-snippet:-1","max-image-preview":"max-image-preview:large","max-video-preview":"max-video-preview:-1"},"canonical":"https:\/\/admin.industriall-union.org\/fr\/droits-travailleurs-ykk-turquie\/","og_locale":"fr_FR","og_type":"article","og_title":"Les travailleurs et travailleuses de YKK priv\u00e9s de leurs droits fondamentaux\u00a0: les enseignes doivent prendre leurs responsabilit\u00e9s","og_description":"Les travailleur\u00b7euses de YKK se voient refuser le droit \u00e0 la syndicalisation tandis que les grandes marques continuent leurs achats. IndustriALL exige la responsabilit\u00e9 des marques.","og_url":"https:\/\/admin.industriall-union.org\/fr\/droits-travailleurs-ykk-turquie\/","og_site_name":"industriall-union","article_modified_time":"2026-08-31T10:31:35+00:00","twitter_card":"summary_large_image","twitter_misc":{"Est. reading time":"2 minutes"},"schema":{"@context":"https:\/\/schema.org","@graph":[{"@type":"WebPage","@id":"https:\/\/admin.industriall-union.org\/fr\/droits-travailleurs-ykk-turquie\/","url":"https:\/\/admin.industriall-union.org\/fr\/droits-travailleurs-ykk-turquie\/","name":"Droits des travailleur\u00b7euses YKK en T\u00fcrkiye : r\u00e9pondre aux violations","isPartOf":{"@id":"https:\/\/admin.industriall-union.org\/ru\/#website"},"datePublished":"2026-08-27T09:25:23+00:00","dateModified":"2026-08-31T10:31:35+00:00","description":"Les travailleur\u00b7euses de YKK se voient refuser le droit \u00e0 la syndicalisation tandis que les grandes marques continuent leurs achats. IndustriALL exige la responsabilit\u00e9 des marques.","breadcrumb":{"@id":"https:\/\/admin.industriall-union.org\/fr\/droits-travailleurs-ykk-turquie\/#breadcrumb"},"inLanguage":"fr-FR","potentialAction":[{"@type":"ReadAction","target":["https:\/\/admin.industriall-union.org\/fr\/droits-travailleurs-ykk-turquie\/"]}]},{"@type":"BreadcrumbList","@id":"https:\/\/admin.industriall-union.org\/fr\/droits-travailleurs-ykk-turquie\/#breadcrumb","itemListElement":[{"@type":"ListItem","position":1,"name":"Home","item":"https:\/\/admin.industriall-union.org\/ru\/"},{"@type":"ListItem","position":2,"name":"Articles","item":"https:\/\/admin.industriall-union.org\/ru\/article\/"},{"@type":"ListItem","position":3,"name":"Les travailleurs et travailleuses de YKK priv\u00e9s de leurs droits fondamentaux\u00a0: les enseignes doivent prendre leurs responsabilit\u00e9s"}]},{"@type":"WebSite","@id":"https:\/\/admin.industriall-union.org\/ru\/#website","url":"https:\/\/admin.industriall-union.org\/ru\/","name":"industriall-union","description":"","potentialAction":[{"@type":"SearchAction","target":{"@type":"EntryPoint","urlTemplate":"https:\/\/admin.industriall-union.org\/ru\/?s={search_term_string}"},"query-input":{"@type":"PropertyValueSpecification","valueRequired":true,"valueName":"search_term_string"}}],"inLanguage":"fr-FR"}]}},"_links":{"self":[{"href":"https:\/\/admin.industriall-union.org\/fr\/wp-json\/wp\/v2\/article\/469010","targetHints":{"allow":["GET"]}}],"collection":[{"href":"https:\/\/admin.industriall-union.org\/fr\/wp-json\/wp\/v2\/article"}],"about":[{"href":"https:\/\/admin.industriall-union.org\/fr\/wp-json\/wp\/v2\/types\/article"}],"wp:attachment":[{"href":"https:\/\/admin.industriall-union.org\/fr\/wp-json\/wp\/v2\/media?parent=469010"}],"wp:term":[{"taxonomy":"issues","embeddable":true,"href":"https:\/\/admin.industriall-union.org\/fr\/wp-json\/wp\/v2\/issues?post=469010"},{"taxonomy":"companies","embeddable":true,"href":"https:\/\/admin.industriall-union.org\/fr\/wp-json\/wp\/v2\/companies?post=469010"},{"taxonomy":"regions","embeddable":true,"href":"https:\/\/admin.industriall-union.org\/fr\/wp-json\/wp\/v2\/regions?post=469010"},{"taxonomy":"sectors","embeddable":true,"href":"https:\/\/admin.industriall-union.org\/fr\/wp-json\/wp\/v2\/sectors?post=469010"},{"taxonomy":"article_tags","embeddable":true,"href":"https:\/\/admin.industriall-union.org\/fr\/wp-json\/wp\/v2\/article_tags?post=469010"}],"curies":[{"name":"wp","href":"https:\/\/api.w.org\/{rel}","templated":true}]}}