{"id":466277,"date":"2025-08-14T14:14:44","date_gmt":"2025-08-14T14:14:44","guid":{"rendered":"https:\/\/admin.industriall-union.org\/les-travailleurs-ses-de-la-confection-en-turquie-denoncent-harcelement-et-pratiques-antisyndicales\/"},"modified":"2025-08-14T14:14:44","modified_gmt":"2025-08-14T14:14:44","slug":"les-travailleurs-ses-de-la-confection-en-turquie-denoncent-harcelement-et-pratiques-antisyndicales","status":"publish","type":"article","link":"https:\/\/admin.industriall-union.org\/fr\/les-travailleurs-ses-de-la-confection-en-turquie-denoncent-harcelement-et-pratiques-antisyndicales\/","title":{"rendered":"Les travailleurs-ses de la confection en Turquie d\u00e9noncent harc\u00e8lement et pratiques antisyndicales"},"content":{"rendered":"<p>La rencontre pr\u00e9sentait une affiche frappante d\u00e9taillant les abus auxquels les travailleurs et travailleuses sont confront\u00e9s quotidiennement : &ldquo;Harc\u00e8lement moral, violence psychologique, bizutage, pression, intimidation, harc\u00e8lement au travail, harc\u00e8lement sexuel, licenciement abusif, discrimination, insultes, pratiques sur le lieu de travail contraires \u00e0 la dignit\u00e9 humaine et \u00e0 la dignit\u00e9 des femmes&rdquo;. Selon TEKS\u0130F, affili\u00e9 d&rsquo;IndustriALL, ces expressions refl\u00e8tent les exp\u00e9riences r\u00e9elles et permanentes rapport\u00e9es par des centaines de travailleurs et travailleuses de Digel, en particulier des femmes, sur une p\u00e9riode de plusieurs ann\u00e9es.<\/p><p><img decoding=\"async\" alt=\"\" src=\"\/wp-content\/uploads\/images\/2025\/Turkey\/Digel_Textile\/whatsapp_image_2025-08-12_at_14.09.59.jpeg\" style=\"width: 400px;height: 535px\" \/><\/p><p>Ces r\u00e9v\u00e9lations, bas\u00e9es sur des dizaines de t\u00e9moignages de travailleurs et travailleuses, pour la plupart des femmes, sont d\u00e9crites par TEKS\u0130F comme r\u00e9v\u00e9latrices d&rsquo;une image inqui\u00e9tante de la vie \u00e0 l&rsquo;int\u00e9rieur de l&rsquo;usine. Le rapport r\u00e9cemment publi\u00e9 par le syndicat d\u00e9taille les all\u00e9gations de harc\u00e8lement moral, de violence psychologique, de harc\u00e8lement sexuel, de licenciements abusifs et de discrimination fond\u00e9e sur le genre qui, selon lui, se sont intensifi\u00e9es depuis que les travailleurs et travailleuses se sont syndiqu\u00e9s en janvier 2025.<\/p><p>La conf\u00e9rence de presse a soulign\u00e9 que le 17 janvier 2025, apr\u00e8s que les travailleurs et travailleuses aient protest\u00e9 contre les bas salaires et les conditions de travail d\u00e9gradantes, Digel a licenci\u00e9 quatre membres dirigeants du syndicat sans indemnit\u00e9 de licenciement le jour m\u00eame o\u00f9 ils ont rejoint TEKS\u0130F et obtenu la reconnaissance officielle du minist\u00e8re du Travail. D&rsquo;autres licenciements ont suivi les 6 f\u00e9vrier et 13 juin, portant \u00e0 15 le nombre total de membres licenci\u00e9s pendant le processus de syndicalisation.<\/p><p>Le rapport fait \u00e9tat de cas inqui\u00e9tants, notamment&nbsp;:<\/p><ul><li>Des dirigeants auraient dit \u00e0 des femmes &ldquo;de ne pas tomber enceintes&rdquo;, exig\u00e9 des \u00e9chographies pour &ldquo;prouver&rdquo; leur grossesse et m\u00eame fait des commentaires d\u00e9gradants sur le corps des femmes.<\/li><li>Des femmes se seraient vu refuser l&rsquo;acc\u00e8s aux toilettes pendant leurs r\u00e8gles ou auraient \u00e9t\u00e9 humili\u00e9es publiquement pour avoir demand\u00e9 des pauses.<\/li><li>Le harc\u00e8lement sexuel par des responsables et des coll\u00e8gues, aurait \u00e9t\u00e9 ignor\u00e9, voire perp\u00e9tr\u00e9, par les superviseurs.<\/li><li>Des actes de harc\u00e8lement moral et des insultes verbales visant les femmes qui auraient r\u00e9sist\u00e9 \u00e0 l&rsquo;intimidation.<\/li><\/ul><p>TEKS\u0130F a soulign\u00e9 que ces t\u00e9moignages portent sur environ sept ans et ne constituent pas des incidents isol\u00e9s, mais refl\u00e8tent une culture persistante sur le lieu de travail o\u00f9 les femmes sont victimes de violence, de discrimination et d&rsquo;humiliation fond\u00e9es sur le sexe. Le syndicat a d\u00e9clar\u00e9 que les plaintes sont souvent rest\u00e9es sans suite et que, dans certains cas, les auteurs ont \u00e9t\u00e9 r\u00e9compens\u00e9s plut\u00f4t que sanctionn\u00e9s.<\/p><p>Depuis janvier, Digel a licenci\u00e9 sans indemnit\u00e9 15 membres du syndicat, dans le cadre de ce que TEKS\u0130F qualifie de campagne d\u00e9lib\u00e9r\u00e9e visant \u00e0 briser le syndicat. Bon nombre des personnes vis\u00e9es \u00e9taient des figures de proue de la lutte pour des salaires d\u00e9cents, la s\u00e9curit\u00e9 et la dignit\u00e9 au travail.<\/p><p>Les travailleurs et travailleuses de Digel ont fait la une des journaux en janvier lorsqu&rsquo;ils ont organis\u00e9 une manifestation dans l&rsquo;usine pour protester contre les salaires de mis\u00e8re et les conditions de travail d\u00e9gradantes. Le m\u00eame jour, ils ont adh\u00e9r\u00e9 \u00e0 TEKS\u0130F et obtenu la reconnaissance officielle du minist\u00e8re du Travail. Au lieu de respecter les droits des travailleurs, la direction avait lanc\u00e9 une vague de licenciements en repr\u00e9sailles et intensifi\u00e9 le harc\u00e8lement.<\/p><p>Depuis pr\u00e8s de 210 jours, les travailleurs et travailleuses licenci\u00e9s manifestent avec d\u00e9termination devant les portes de l&rsquo;usine, dans ce que le TEKS\u0130F d\u00e9crit comme une lutte pour la r\u00e9int\u00e9gration et, plus largement, pour des lieux de travail s\u00fbrs, \u00e9quitables et exempts de harc\u00e8lement.<\/p><p>Kemal \u00d6zkan, Secr\u00e9taire g\u00e9n\u00e9ral adjoint d&rsquo;IndustriALL, a d\u00e9clar\u00e9&nbsp;:<\/p><blockquote><p>&ldquo;Le comportement de Digel Textile est une violation honteuse des droits des travailleurs et de la dignit\u00e9 humaine. Nous soutenons pleinement la lutte de TEKS\u0130F pour mettre fin aux abus, r\u00e9int\u00e9grer les travailleurs et travailleuses licenci\u00e9s et garantir un lieu de travail o\u00f9 tant les femmes que les hommes sont trait\u00e9s avec respect.&rdquo;<\/p><\/blockquote>","protected":false},"featured_media":0,"template":"","issues":[],"companies":[],"regions":[],"sectors":[],"article_tags":[],"class_list":["post-466277","article","type-article","status-publish","hentry"],"acf":[],"yoast_head":"<!-- This site is optimized with the Yoast SEO Premium plugin v27.1 (Yoast SEO v27.1) - https:\/\/yoast.com\/product\/yoast-seo-premium-wordpress\/ -->\n<title>Les travailleurs-ses de la confection en Turquie d\u00e9noncent harc\u00e8lement et pratiques antisyndicales - industriall-union<\/title>\n<meta name=\"description\" content=\"La rencontre pr\u00e9sentait une affiche frappante d\u00e9taillant les abus auxquels les travailleurs et travailleuses sont confront\u00e9s quotidiennement :\" \/>\n<meta name=\"robots\" content=\"index, follow, max-snippet:-1, max-image-preview:large, max-video-preview:-1\" \/>\n<link rel=\"canonical\" href=\"https:\/\/admin.industriall-union.org\/fr\/les-travailleurs-ses-de-la-confection-en-turquie-denoncent-harcelement-et-pratiques-antisyndicales\/\" \/>\n<meta property=\"og:locale\" content=\"fr_FR\" \/>\n<meta property=\"og:type\" content=\"article\" \/>\n<meta property=\"og:title\" content=\"Les travailleurs-ses de la confection en Turquie d\u00e9noncent harc\u00e8lement et pratiques antisyndicales\" \/>\n<meta property=\"og:description\" content=\"La rencontre pr\u00e9sentait une affiche frappante d\u00e9taillant les abus auxquels les travailleurs et travailleuses sont confront\u00e9s quotidiennement :\" \/>\n<meta property=\"og:url\" content=\"https:\/\/admin.industriall-union.org\/fr\/les-travailleurs-ses-de-la-confection-en-turquie-denoncent-harcelement-et-pratiques-antisyndicales\/\" \/>\n<meta property=\"og:site_name\" content=\"industriall-union\" \/>\n<meta name=\"twitter:card\" content=\"summary_large_image\" \/>\n<meta name=\"twitter:label1\" content=\"Est. reading time\" \/>\n\t<meta name=\"twitter:data1\" content=\"4 minutes\" \/>\n<script type=\"application\/ld+json\" class=\"yoast-schema-graph\">{\"@context\":\"https:\/\/schema.org\",\"@graph\":[{\"@type\":\"WebPage\",\"@id\":\"https:\/\/admin.industriall-union.org\/fr\/les-travailleurs-ses-de-la-confection-en-turquie-denoncent-harcelement-et-pratiques-antisyndicales\/\",\"url\":\"https:\/\/admin.industriall-union.org\/fr\/les-travailleurs-ses-de-la-confection-en-turquie-denoncent-harcelement-et-pratiques-antisyndicales\/\",\"name\":\"Les travailleurs-ses de la confection en Turquie d\u00e9noncent harc\u00e8lement et pratiques antisyndicales - industriall-union\",\"isPartOf\":{\"@id\":\"https:\/\/admin.industriall-union.org\/#website\"},\"datePublished\":\"2025-08-14T14:14:44+00:00\",\"description\":\"La rencontre pr\u00e9sentait une affiche frappante d\u00e9taillant les abus auxquels les travailleurs et travailleuses sont confront\u00e9s quotidiennement :\",\"breadcrumb\":{\"@id\":\"https:\/\/admin.industriall-union.org\/fr\/les-travailleurs-ses-de-la-confection-en-turquie-denoncent-harcelement-et-pratiques-antisyndicales\/#breadcrumb\"},\"inLanguage\":\"fr-FR\",\"potentialAction\":[{\"@type\":\"ReadAction\",\"target\":[\"https:\/\/admin.industriall-union.org\/fr\/les-travailleurs-ses-de-la-confection-en-turquie-denoncent-harcelement-et-pratiques-antisyndicales\/\"]}]},{\"@type\":\"BreadcrumbList\",\"@id\":\"https:\/\/admin.industriall-union.org\/fr\/les-travailleurs-ses-de-la-confection-en-turquie-denoncent-harcelement-et-pratiques-antisyndicales\/#breadcrumb\",\"itemListElement\":[{\"@type\":\"ListItem\",\"position\":1,\"name\":\"Home\",\"item\":\"https:\/\/admin.industriall-union.org\/\"},{\"@type\":\"ListItem\",\"position\":2,\"name\":\"Articles\",\"item\":\"https:\/\/admin.industriall-union.org\/article\/\"},{\"@type\":\"ListItem\",\"position\":3,\"name\":\"Les travailleurs-ses de la confection en Turquie d\u00e9noncent harc\u00e8lement et pratiques antisyndicales\"}]},{\"@type\":\"WebSite\",\"@id\":\"https:\/\/admin.industriall-union.org\/#website\",\"url\":\"https:\/\/admin.industriall-union.org\/\",\"name\":\"industriall-union\",\"description\":\"\",\"potentialAction\":[{\"@type\":\"SearchAction\",\"target\":{\"@type\":\"EntryPoint\",\"urlTemplate\":\"https:\/\/admin.industriall-union.org\/?s={search_term_string}\"},\"query-input\":{\"@type\":\"PropertyValueSpecification\",\"valueRequired\":true,\"valueName\":\"search_term_string\"}}],\"inLanguage\":\"fr-FR\"}]}<\/script>\n<!-- \/ Yoast SEO Premium plugin. -->","yoast_head_json":{"title":"Les travailleurs-ses de la confection en Turquie d\u00e9noncent harc\u00e8lement et pratiques antisyndicales - industriall-union","description":"La rencontre pr\u00e9sentait une affiche frappante d\u00e9taillant les abus auxquels les travailleurs et travailleuses sont confront\u00e9s quotidiennement :","robots":{"index":"index","follow":"follow","max-snippet":"max-snippet:-1","max-image-preview":"max-image-preview:large","max-video-preview":"max-video-preview:-1"},"canonical":"https:\/\/admin.industriall-union.org\/fr\/les-travailleurs-ses-de-la-confection-en-turquie-denoncent-harcelement-et-pratiques-antisyndicales\/","og_locale":"fr_FR","og_type":"article","og_title":"Les travailleurs-ses de la confection en Turquie d\u00e9noncent harc\u00e8lement et pratiques antisyndicales","og_description":"La rencontre pr\u00e9sentait une affiche frappante d\u00e9taillant les abus auxquels les travailleurs et travailleuses sont confront\u00e9s quotidiennement :","og_url":"https:\/\/admin.industriall-union.org\/fr\/les-travailleurs-ses-de-la-confection-en-turquie-denoncent-harcelement-et-pratiques-antisyndicales\/","og_site_name":"industriall-union","twitter_card":"summary_large_image","twitter_misc":{"Est. reading time":"4 minutes"},"schema":{"@context":"https:\/\/schema.org","@graph":[{"@type":"WebPage","@id":"https:\/\/admin.industriall-union.org\/fr\/les-travailleurs-ses-de-la-confection-en-turquie-denoncent-harcelement-et-pratiques-antisyndicales\/","url":"https:\/\/admin.industriall-union.org\/fr\/les-travailleurs-ses-de-la-confection-en-turquie-denoncent-harcelement-et-pratiques-antisyndicales\/","name":"Les travailleurs-ses de la confection en Turquie d\u00e9noncent harc\u00e8lement et pratiques antisyndicales - industriall-union","isPartOf":{"@id":"https:\/\/admin.industriall-union.org\/#website"},"datePublished":"2025-08-14T14:14:44+00:00","description":"La rencontre pr\u00e9sentait une affiche frappante d\u00e9taillant les abus auxquels les travailleurs et travailleuses sont confront\u00e9s quotidiennement :","breadcrumb":{"@id":"https:\/\/admin.industriall-union.org\/fr\/les-travailleurs-ses-de-la-confection-en-turquie-denoncent-harcelement-et-pratiques-antisyndicales\/#breadcrumb"},"inLanguage":"fr-FR","potentialAction":[{"@type":"ReadAction","target":["https:\/\/admin.industriall-union.org\/fr\/les-travailleurs-ses-de-la-confection-en-turquie-denoncent-harcelement-et-pratiques-antisyndicales\/"]}]},{"@type":"BreadcrumbList","@id":"https:\/\/admin.industriall-union.org\/fr\/les-travailleurs-ses-de-la-confection-en-turquie-denoncent-harcelement-et-pratiques-antisyndicales\/#breadcrumb","itemListElement":[{"@type":"ListItem","position":1,"name":"Home","item":"https:\/\/admin.industriall-union.org\/"},{"@type":"ListItem","position":2,"name":"Articles","item":"https:\/\/admin.industriall-union.org\/article\/"},{"@type":"ListItem","position":3,"name":"Les travailleurs-ses de la confection en Turquie d\u00e9noncent harc\u00e8lement et pratiques antisyndicales"}]},{"@type":"WebSite","@id":"https:\/\/admin.industriall-union.org\/#website","url":"https:\/\/admin.industriall-union.org\/","name":"industriall-union","description":"","potentialAction":[{"@type":"SearchAction","target":{"@type":"EntryPoint","urlTemplate":"https:\/\/admin.industriall-union.org\/?s={search_term_string}"},"query-input":{"@type":"PropertyValueSpecification","valueRequired":true,"valueName":"search_term_string"}}],"inLanguage":"fr-FR"}]}},"_links":{"self":[{"href":"https:\/\/admin.industriall-union.org\/fr\/wp-json\/wp\/v2\/article\/466277","targetHints":{"allow":["GET"]}}],"collection":[{"href":"https:\/\/admin.industriall-union.org\/fr\/wp-json\/wp\/v2\/article"}],"about":[{"href":"https:\/\/admin.industriall-union.org\/fr\/wp-json\/wp\/v2\/types\/article"}],"wp:attachment":[{"href":"https:\/\/admin.industriall-union.org\/fr\/wp-json\/wp\/v2\/media?parent=466277"}],"wp:term":[{"taxonomy":"issues","embeddable":true,"href":"https:\/\/admin.industriall-union.org\/fr\/wp-json\/wp\/v2\/issues?post=466277"},{"taxonomy":"companies","embeddable":true,"href":"https:\/\/admin.industriall-union.org\/fr\/wp-json\/wp\/v2\/companies?post=466277"},{"taxonomy":"regions","embeddable":true,"href":"https:\/\/admin.industriall-union.org\/fr\/wp-json\/wp\/v2\/regions?post=466277"},{"taxonomy":"sectors","embeddable":true,"href":"https:\/\/admin.industriall-union.org\/fr\/wp-json\/wp\/v2\/sectors?post=466277"},{"taxonomy":"article_tags","embeddable":true,"href":"https:\/\/admin.industriall-union.org\/fr\/wp-json\/wp\/v2\/article_tags?post=466277"}],"curies":[{"name":"wp","href":"https:\/\/api.w.org\/{rel}","templated":true}]}}