{"id":175739,"date":"2012-06-18T20:39:47","date_gmt":"2012-06-18T20:39:47","guid":{"rendered":"https:\/\/admin.industriall-union.org\/le-hero-de-l-everest-a-l-honneur-lors-du-congres-d-industriall\/"},"modified":"2025-02-08T21:42:18","modified_gmt":"2025-02-08T21:42:18","slug":"le-hero-de-l-everest-a-l-honneur-lors-du-congres-d-industriall","status":"publish","type":"article","link":"https:\/\/admin.industriall-union.org\/fr\/le-hero-de-l-everest-a-l-honneur-lors-du-congres-d-industriall\/","title":{"rendered":"Le h\u00e9ro de l\u2019Everest \u00e0 l\u2019honneur lors du Congr\u00e8s d\u2019IndustriALL"},"content":{"rendered":"<p>Dorje est un membre du Comit\u00e9 central du syndicat UNITRAV (Travailleurs des soci\u00e9t\u00e9s de trekking, rafting et compagnies a\u00e9riennes), affili\u00e9 \u00e0 la F\u00e9d\u00e9ration g\u00e9n\u00e9rale des syndicats n\u00e9palais (GEFONT), elle-m\u00eame un affili\u00e9 n\u00e9palais d&rsquo;IndustriALL.<\/p><p>Le 25 mai, Dorje, accompagn\u00e9 de deux coll\u00e8gues et de quatre alpinistes de UK Adventure Peaks, a conquis le toit du monde. C&rsquo;\u00e9tait sa huiti\u00e8me ascension de l&rsquo;Everest. Dorje est revenu au camp de base le m\u00eame jour et est rentr\u00e9 \u00e0 Katmandou le 1<sup>er<\/sup> juin.<\/p><p>Au cours de ses exp\u00e9ditions pr\u00e9c\u00e9dentes, Khatri a plant\u00e9 sur l&rsquo;Everest des drapeaux de la GEFONT et de certains de ses affili\u00e9s ainsi que ceux d&rsquo;autres F\u00e9d\u00e9rations syndicales internationales dont l&rsquo;Internationale des travailleurs du b\u00e2timent et du bois (IBB). L&rsquo;an dernier, il y avait hiss\u00e9 le drapeau de la Conf\u00e9d\u00e9ration syndicale internationale (CSI) dans le cadre d&rsquo;une campagne coordonn\u00e9e par la GEFONT intitul\u00e9e ITUC @Mt Everest 2011. En voil\u00e0 une tradition impressionnante&nbsp;!<\/p><p>Au cours des derni\u00e8res ann\u00e9es, la conf\u00e9d\u00e9ration syndicale n\u00e9palaise GEFONT a combattu toutes les lois discriminatoires pr\u00e9sentes dans le pays, et ce, en ayant gain de cause. GEFONT poss\u00e8de un programme significatif de d\u00e9veloppement du leadership pour les femmes, qui comprend de la formation et un soutien pour un plan de syndicalisation des femmes. Lors du Congr\u00e8s Fondateur d&rsquo;IndustriALL, Jyrki Raina a aujourd&rsquo;hui lou\u00e9 l&rsquo;incroyable exploit de Dorje et lui a remis un prix de 1.000 francs suisses en soutien des activit\u00e9s progressistes en faveur de l&rsquo;\u00e9galit\u00e9 des genres de son syndicat.<\/p>","protected":false},"featured_media":0,"template":"","issues":[],"companies":[],"regions":[155,179],"sectors":[],"article_tags":[511],"class_list":["post-175739","article","type-article","status-publish","hentry","regions-asia-pacific","regions-nepal","article_tags-industriall"],"acf":[],"yoast_head":"<!-- This site is optimized with the Yoast SEO Premium plugin v27.1 (Yoast SEO v27.1) - https:\/\/yoast.com\/product\/yoast-seo-premium-wordpress\/ -->\n<title>Le h\u00e9ro de l\u2019Everest \u00e0 l\u2019honneur lors du Congr\u00e8s d\u2019IndustriALL - industriall-union<\/title>\n<meta name=\"description\" content=\"Dorje est un membre du Comit\u00e9 central du syndicat UNITRAV (Travailleurs des soci\u00e9t\u00e9s de trekking, rafting et compagnies a\u00e9riennes), affili\u00e9 \u00e0 la\" \/>\n<meta name=\"robots\" content=\"index, follow, max-snippet:-1, max-image-preview:large, max-video-preview:-1\" \/>\n<link rel=\"canonical\" href=\"https:\/\/admin.industriall-union.org\/fr\/le-hero-de-l-everest-a-l-honneur-lors-du-congres-d-industriall\/\" \/>\n<meta property=\"og:locale\" content=\"fr_FR\" \/>\n<meta property=\"og:type\" content=\"article\" \/>\n<meta property=\"og:title\" content=\"Le h\u00e9ro de l\u2019Everest \u00e0 l\u2019honneur lors du Congr\u00e8s d\u2019IndustriALL\" \/>\n<meta property=\"og:description\" content=\"Dorje est un membre du Comit\u00e9 central du syndicat UNITRAV (Travailleurs des soci\u00e9t\u00e9s de trekking, rafting et compagnies a\u00e9riennes), affili\u00e9 \u00e0 la\" \/>\n<meta property=\"og:url\" content=\"https:\/\/admin.industriall-union.org\/fr\/le-hero-de-l-everest-a-l-honneur-lors-du-congres-d-industriall\/\" \/>\n<meta property=\"og:site_name\" content=\"industriall-union\" \/>\n<meta property=\"article:modified_time\" content=\"2025-02-08T21:42:18+00:00\" \/>\n<meta name=\"twitter:card\" content=\"summary_large_image\" \/>\n<meta name=\"twitter:label1\" content=\"Est. reading time\" \/>\n\t<meta name=\"twitter:data1\" content=\"1 minute\" \/>\n<script type=\"application\/ld+json\" class=\"yoast-schema-graph\">{\"@context\":\"https:\/\/schema.org\",\"@graph\":[{\"@type\":\"WebPage\",\"@id\":\"https:\/\/admin.industriall-union.org\/fr\/le-hero-de-l-everest-a-l-honneur-lors-du-congres-d-industriall\/\",\"url\":\"https:\/\/admin.industriall-union.org\/fr\/le-hero-de-l-everest-a-l-honneur-lors-du-congres-d-industriall\/\",\"name\":\"Le h\u00e9ro de l\u2019Everest \u00e0 l\u2019honneur lors du Congr\u00e8s d\u2019IndustriALL - industriall-union\",\"isPartOf\":{\"@id\":\"https:\/\/admin.industriall-union.org\/#website\"},\"datePublished\":\"2012-06-18T20:39:47+00:00\",\"dateModified\":\"2025-02-08T21:42:18+00:00\",\"description\":\"Dorje est un membre du Comit\u00e9 central du syndicat UNITRAV (Travailleurs des soci\u00e9t\u00e9s de trekking, rafting et compagnies a\u00e9riennes), affili\u00e9 \u00e0 la\",\"breadcrumb\":{\"@id\":\"https:\/\/admin.industriall-union.org\/fr\/le-hero-de-l-everest-a-l-honneur-lors-du-congres-d-industriall\/#breadcrumb\"},\"inLanguage\":\"fr-FR\",\"potentialAction\":[{\"@type\":\"ReadAction\",\"target\":[\"https:\/\/admin.industriall-union.org\/fr\/le-hero-de-l-everest-a-l-honneur-lors-du-congres-d-industriall\/\"]}]},{\"@type\":\"BreadcrumbList\",\"@id\":\"https:\/\/admin.industriall-union.org\/fr\/le-hero-de-l-everest-a-l-honneur-lors-du-congres-d-industriall\/#breadcrumb\",\"itemListElement\":[{\"@type\":\"ListItem\",\"position\":1,\"name\":\"Home\",\"item\":\"https:\/\/admin.industriall-union.org\/\"},{\"@type\":\"ListItem\",\"position\":2,\"name\":\"Articles\",\"item\":\"https:\/\/admin.industriall-union.org\/article\/\"},{\"@type\":\"ListItem\",\"position\":3,\"name\":\"Le h\u00e9ro de l\u2019Everest \u00e0 l\u2019honneur lors du Congr\u00e8s d\u2019IndustriALL\"}]},{\"@type\":\"WebSite\",\"@id\":\"https:\/\/admin.industriall-union.org\/#website\",\"url\":\"https:\/\/admin.industriall-union.org\/\",\"name\":\"industriall-union\",\"description\":\"\",\"potentialAction\":[{\"@type\":\"SearchAction\",\"target\":{\"@type\":\"EntryPoint\",\"urlTemplate\":\"https:\/\/admin.industriall-union.org\/?s={search_term_string}\"},\"query-input\":{\"@type\":\"PropertyValueSpecification\",\"valueRequired\":true,\"valueName\":\"search_term_string\"}}],\"inLanguage\":\"fr-FR\"}]}<\/script>\n<!-- \/ Yoast SEO Premium plugin. -->","yoast_head_json":{"title":"Le h\u00e9ro de l\u2019Everest \u00e0 l\u2019honneur lors du Congr\u00e8s d\u2019IndustriALL - industriall-union","description":"Dorje est un membre du Comit\u00e9 central du syndicat UNITRAV (Travailleurs des soci\u00e9t\u00e9s de trekking, rafting et compagnies a\u00e9riennes), affili\u00e9 \u00e0 la","robots":{"index":"index","follow":"follow","max-snippet":"max-snippet:-1","max-image-preview":"max-image-preview:large","max-video-preview":"max-video-preview:-1"},"canonical":"https:\/\/admin.industriall-union.org\/fr\/le-hero-de-l-everest-a-l-honneur-lors-du-congres-d-industriall\/","og_locale":"fr_FR","og_type":"article","og_title":"Le h\u00e9ro de l\u2019Everest \u00e0 l\u2019honneur lors du Congr\u00e8s d\u2019IndustriALL","og_description":"Dorje est un membre du Comit\u00e9 central du syndicat UNITRAV (Travailleurs des soci\u00e9t\u00e9s de trekking, rafting et compagnies a\u00e9riennes), affili\u00e9 \u00e0 la","og_url":"https:\/\/admin.industriall-union.org\/fr\/le-hero-de-l-everest-a-l-honneur-lors-du-congres-d-industriall\/","og_site_name":"industriall-union","article_modified_time":"2025-02-08T21:42:18+00:00","twitter_card":"summary_large_image","twitter_misc":{"Est. reading time":"1 minute"},"schema":{"@context":"https:\/\/schema.org","@graph":[{"@type":"WebPage","@id":"https:\/\/admin.industriall-union.org\/fr\/le-hero-de-l-everest-a-l-honneur-lors-du-congres-d-industriall\/","url":"https:\/\/admin.industriall-union.org\/fr\/le-hero-de-l-everest-a-l-honneur-lors-du-congres-d-industriall\/","name":"Le h\u00e9ro de l\u2019Everest \u00e0 l\u2019honneur lors du Congr\u00e8s d\u2019IndustriALL - industriall-union","isPartOf":{"@id":"https:\/\/admin.industriall-union.org\/#website"},"datePublished":"2012-06-18T20:39:47+00:00","dateModified":"2025-02-08T21:42:18+00:00","description":"Dorje est un membre du Comit\u00e9 central du syndicat UNITRAV (Travailleurs des soci\u00e9t\u00e9s de trekking, rafting et compagnies a\u00e9riennes), affili\u00e9 \u00e0 la","breadcrumb":{"@id":"https:\/\/admin.industriall-union.org\/fr\/le-hero-de-l-everest-a-l-honneur-lors-du-congres-d-industriall\/#breadcrumb"},"inLanguage":"fr-FR","potentialAction":[{"@type":"ReadAction","target":["https:\/\/admin.industriall-union.org\/fr\/le-hero-de-l-everest-a-l-honneur-lors-du-congres-d-industriall\/"]}]},{"@type":"BreadcrumbList","@id":"https:\/\/admin.industriall-union.org\/fr\/le-hero-de-l-everest-a-l-honneur-lors-du-congres-d-industriall\/#breadcrumb","itemListElement":[{"@type":"ListItem","position":1,"name":"Home","item":"https:\/\/admin.industriall-union.org\/"},{"@type":"ListItem","position":2,"name":"Articles","item":"https:\/\/admin.industriall-union.org\/article\/"},{"@type":"ListItem","position":3,"name":"Le h\u00e9ro de l\u2019Everest \u00e0 l\u2019honneur lors du Congr\u00e8s d\u2019IndustriALL"}]},{"@type":"WebSite","@id":"https:\/\/admin.industriall-union.org\/#website","url":"https:\/\/admin.industriall-union.org\/","name":"industriall-union","description":"","potentialAction":[{"@type":"SearchAction","target":{"@type":"EntryPoint","urlTemplate":"https:\/\/admin.industriall-union.org\/?s={search_term_string}"},"query-input":{"@type":"PropertyValueSpecification","valueRequired":true,"valueName":"search_term_string"}}],"inLanguage":"fr-FR"}]}},"_links":{"self":[{"href":"https:\/\/admin.industriall-union.org\/fr\/wp-json\/wp\/v2\/article\/175739","targetHints":{"allow":["GET"]}}],"collection":[{"href":"https:\/\/admin.industriall-union.org\/fr\/wp-json\/wp\/v2\/article"}],"about":[{"href":"https:\/\/admin.industriall-union.org\/fr\/wp-json\/wp\/v2\/types\/article"}],"wp:attachment":[{"href":"https:\/\/admin.industriall-union.org\/fr\/wp-json\/wp\/v2\/media?parent=175739"}],"wp:term":[{"taxonomy":"issues","embeddable":true,"href":"https:\/\/admin.industriall-union.org\/fr\/wp-json\/wp\/v2\/issues?post=175739"},{"taxonomy":"companies","embeddable":true,"href":"https:\/\/admin.industriall-union.org\/fr\/wp-json\/wp\/v2\/companies?post=175739"},{"taxonomy":"regions","embeddable":true,"href":"https:\/\/admin.industriall-union.org\/fr\/wp-json\/wp\/v2\/regions?post=175739"},{"taxonomy":"sectors","embeddable":true,"href":"https:\/\/admin.industriall-union.org\/fr\/wp-json\/wp\/v2\/sectors?post=175739"},{"taxonomy":"article_tags","embeddable":true,"href":"https:\/\/admin.industriall-union.org\/fr\/wp-json\/wp\/v2\/article_tags?post=175739"}],"curies":[{"name":"wp","href":"https:\/\/api.w.org\/{rel}","templated":true}]}}