{"id":175714,"date":"2012-06-19T17:35:40","date_gmt":"2012-06-19T17:35:40","guid":{"rendered":"https:\/\/admin.industriall-union.org\/travail-precaire-en-inde\/"},"modified":"2025-02-08T21:38:09","modified_gmt":"2025-02-08T21:38:09","slug":"travail-precaire-en-inde","status":"publish","type":"article","link":"https:\/\/admin.industriall-union.org\/fr\/travail-precaire-en-inde\/","title":{"rendered":"Travail pr\u00e9caire en Inde"},"content":{"rendered":"<p>&nbsp;<\/p><p>Trente pourcents de l&rsquo;ensemble des travailleurs et travailleuses du secteur priv\u00e9 en Inde sont occup\u00e9s dans des emplois pr\u00e9caires en tant que sous-traitants.<\/p><p>Mais ceux et celles coinc\u00e9s dans des emplois pr\u00e9caires du secteur public indien sont plus nombreux encore que dans le secteur priv\u00e9, selon une analyse publi\u00e9e aujourd&rsquo;hui dans le cadre du Congr\u00e8s fondateur d&rsquo;IndustriALL Global Union \u00e0 Copenhague.<\/p><p><strong>La classe politique ne place pas haut la barre de ses normes<\/strong><\/p><p>&laquo;Pourquoi le secteur priv\u00e9 en Inde devrait-il changer sa mani\u00e8re de traiter sa main d&rsquo;\u0153uvre alors qu&rsquo;il voit le secteur public se comporter en pire employeur en mati\u00e8re d&rsquo;emploi pr\u00e9caire&nbsp;?,&nbsp;&raquo; a demand\u00e9 Jyrki Raina, le Secr\u00e9taire g\u00e9n\u00e9ral d&rsquo;IndustriALL Global Union.<\/p><p>&laquo;Le gouvernement devrait fixer des normes \u00e9lev\u00e9es pour prot\u00e9ger les conditions de vie de ses citoyens; mais cet important nouveau rapport indique qu&rsquo;en Inde, la classe politique n\u00e9glige cette question vitale.&nbsp;&raquo;<\/p><p><strong>Les secteurs industriels en croissance font leurs b\u00e9n\u00e9fices sur le dos de millions de travailleurs pr\u00e9caris\u00e9s<\/strong><\/p><p>Les secteurs industriels en croissance en Inde semblent d\u00e9pendre de la pr\u00e9carit\u00e9 de leurs travailleurs et travailleuses pour engranger leurs \u00e9normes profits, indique le rapport de 12 pages de la campagne d&rsquo;IndustriALL intitul\u00e9e Emplois Pr\u00e9caires en Inde.<\/p><p>La main d&rsquo;\u0153uvre manufacturi\u00e8re en Inde est divis\u00e9e entre des &laquo;&nbsp;nantis&nbsp;&raquo; qui ont un emploi permanent et des &laquo;&nbsp;d\u00e9munis&nbsp;&raquo; qui travaillent pour des sous-traitants ou ont des contrats directs mais temporaires du type &laquo;&nbsp;int\u00e9rim kleenex&nbsp;&raquo;.<\/p><p><strong>Mauvaise conditions de sant\u00e9 et s\u00e9curit\u00e9. La vie des travailleurs sous-traitants ne vaut pas autant que celles de la main d&rsquo;\u0153uvre permanente.<\/strong><\/p><p>&laquo;&nbsp;Ce n&rsquo;est pas seulement que les salaries sont distinctement diff\u00e9rents, mais ces travailleurs et travailleuses sous-traitants ne re\u00e7oivent m\u00eame pas des conditions de sant\u00e9 et de s\u00e9curit\u00e9 identiques.&nbsp;&raquo;<\/p><p>Ils travaillent c\u00f4te-\u00e0-c\u00f4te avec des permanents, mais ne re\u00e7oivent pas les gants de travail, les chaussures de s\u00e9curit\u00e9, le casque, le masque ou les bouchons d&rsquo;oreille que ces travailleurs permanents re\u00e7oivent d&rsquo;office,&nbsp;&raquo; a not\u00e9 M Raina.<\/p><p><strong>Un jugement de la Cour Supr\u00eame indienne marque un jalon et soutien la campagne<\/strong><\/p><p>IndustriALL Global Union va soutenir ses sept grands syndicats affili\u00e9s indiens dans le cadre de la campagne pour lutter contre la vulgarisation de l&rsquo;emploi pr\u00e9caire.&nbsp;<\/p><p>&laquo;&nbsp;Nous allons nous servir d&rsquo;un jugement de la Cour Supr\u00eame d&rsquo;Inde qui a marqu\u00e9 un jalon en septembre 2011 et qui donne une assise solide \u00e0 notre campagne, s&rsquo;agissant du jugement sur le travail en sous-traitance qui a mis en lumi\u00e8re l&rsquo;exploitation et les subterfuges utilis\u00e9s pour priver des travailleurs de leurs droits,&nbsp;&raquo; a d\u00e9clar\u00e9 M. Raina.<\/p><p><strong>Soutien plan\u00e9taire \u00e0 la campagne indienne pour mettre fin aux emplois pr\u00e9caires<\/strong><\/p><p>&laquo;Ce rapport de 12 pages fourni des \u00e9tudes importantes de cas dans les industries de la chimie, du ciment, des mines, du textile et de l&rsquo;habillement qui peuvent donner un fondement solide \u00e0 des campagnes syndicales qui pourront compter sur la solidarit\u00e9 mondiale de tous les affili\u00e9s d&rsquo;IndustriALL Global Union.&raquo;<\/p><p>&laquo;&nbsp;Ne l&rsquo;oublions pas&nbsp;: une attaque contre un est une attaque contre tous&nbsp;&raquo; a conclu le Secr\u00e9taire g\u00e9n\u00e9ral Jyrki Raina.<\/p>","protected":false},"featured_media":0,"template":"","issues":[396,422,412,420,415,399],"companies":[],"regions":[155,166],"sectors":[476,484,494],"article_tags":[511,513,521,527],"class_list":["post-175714","article","type-article","status-publish","hentry","issues-building-strong-unions","issues-human-trade-union-rights","issues-social-justice-and-globalization","issues-solidarity","issues-stop-precarious-work","issues-union-building","regions-asia-pacific","regions-india","sectors-chemical-pharmaceutical-bio-science","sectors-glass-cement-ceramic-and-associated-industries","sectors-mining-and-dgojp","article_tags-industriall","article_tags-labour-laws","article_tags-press-release","article_tags-social-protection"],"acf":[],"yoast_head":"<!-- This site is optimized with the Yoast SEO Premium plugin v27.1 (Yoast SEO v27.1) - https:\/\/yoast.com\/product\/yoast-seo-premium-wordpress\/ -->\n<title>Travail pr\u00e9caire en Inde - industriall-union<\/title>\n<meta name=\"description\" content=\"&nbsp;Trente pourcents de l&rsquo;ensemble des travailleurs et travailleuses du secteur priv\u00e9 en Inde sont occup\u00e9s dans des emplois pr\u00e9caires en tant que\" \/>\n<meta name=\"robots\" content=\"index, follow, max-snippet:-1, max-image-preview:large, max-video-preview:-1\" \/>\n<link rel=\"canonical\" href=\"https:\/\/admin.industriall-union.org\/fr\/travail-precaire-en-inde\/\" \/>\n<meta property=\"og:locale\" content=\"fr_FR\" \/>\n<meta property=\"og:type\" content=\"article\" \/>\n<meta property=\"og:title\" content=\"Travail pr\u00e9caire en Inde\" \/>\n<meta property=\"og:description\" content=\"&nbsp;Trente pourcents de l&rsquo;ensemble des travailleurs et travailleuses du secteur priv\u00e9 en Inde sont occup\u00e9s dans des emplois pr\u00e9caires en tant que\" \/>\n<meta property=\"og:url\" content=\"https:\/\/admin.industriall-union.org\/fr\/travail-precaire-en-inde\/\" \/>\n<meta property=\"og:site_name\" content=\"industriall-union\" \/>\n<meta property=\"article:modified_time\" content=\"2025-02-08T21:38:09+00:00\" \/>\n<meta name=\"twitter:card\" content=\"summary_large_image\" \/>\n<meta name=\"twitter:label1\" content=\"Est. reading time\" \/>\n\t<meta name=\"twitter:data1\" content=\"3 minutes\" \/>\n<script type=\"application\/ld+json\" class=\"yoast-schema-graph\">{\"@context\":\"https:\/\/schema.org\",\"@graph\":[{\"@type\":\"WebPage\",\"@id\":\"https:\/\/admin.industriall-union.org\/fr\/travail-precaire-en-inde\/\",\"url\":\"https:\/\/admin.industriall-union.org\/fr\/travail-precaire-en-inde\/\",\"name\":\"Travail pr\u00e9caire en Inde - industriall-union\",\"isPartOf\":{\"@id\":\"https:\/\/admin.industriall-union.org\/#website\"},\"datePublished\":\"2012-06-19T17:35:40+00:00\",\"dateModified\":\"2025-02-08T21:38:09+00:00\",\"description\":\"&nbsp;Trente pourcents de l&rsquo;ensemble des travailleurs et travailleuses du secteur priv\u00e9 en Inde sont occup\u00e9s dans des emplois pr\u00e9caires en tant que\",\"breadcrumb\":{\"@id\":\"https:\/\/admin.industriall-union.org\/fr\/travail-precaire-en-inde\/#breadcrumb\"},\"inLanguage\":\"fr-FR\",\"potentialAction\":[{\"@type\":\"ReadAction\",\"target\":[\"https:\/\/admin.industriall-union.org\/fr\/travail-precaire-en-inde\/\"]}]},{\"@type\":\"BreadcrumbList\",\"@id\":\"https:\/\/admin.industriall-union.org\/fr\/travail-precaire-en-inde\/#breadcrumb\",\"itemListElement\":[{\"@type\":\"ListItem\",\"position\":1,\"name\":\"Home\",\"item\":\"https:\/\/admin.industriall-union.org\/\"},{\"@type\":\"ListItem\",\"position\":2,\"name\":\"Articles\",\"item\":\"https:\/\/admin.industriall-union.org\/article\/\"},{\"@type\":\"ListItem\",\"position\":3,\"name\":\"Travail pr\u00e9caire en Inde\"}]},{\"@type\":\"WebSite\",\"@id\":\"https:\/\/admin.industriall-union.org\/#website\",\"url\":\"https:\/\/admin.industriall-union.org\/\",\"name\":\"industriall-union\",\"description\":\"\",\"potentialAction\":[{\"@type\":\"SearchAction\",\"target\":{\"@type\":\"EntryPoint\",\"urlTemplate\":\"https:\/\/admin.industriall-union.org\/?s={search_term_string}\"},\"query-input\":{\"@type\":\"PropertyValueSpecification\",\"valueRequired\":true,\"valueName\":\"search_term_string\"}}],\"inLanguage\":\"fr-FR\"}]}<\/script>\n<!-- \/ Yoast SEO Premium plugin. -->","yoast_head_json":{"title":"Travail pr\u00e9caire en Inde - industriall-union","description":"&nbsp;Trente pourcents de l&rsquo;ensemble des travailleurs et travailleuses du secteur priv\u00e9 en Inde sont occup\u00e9s dans des emplois pr\u00e9caires en tant que","robots":{"index":"index","follow":"follow","max-snippet":"max-snippet:-1","max-image-preview":"max-image-preview:large","max-video-preview":"max-video-preview:-1"},"canonical":"https:\/\/admin.industriall-union.org\/fr\/travail-precaire-en-inde\/","og_locale":"fr_FR","og_type":"article","og_title":"Travail pr\u00e9caire en Inde","og_description":"&nbsp;Trente pourcents de l&rsquo;ensemble des travailleurs et travailleuses du secteur priv\u00e9 en Inde sont occup\u00e9s dans des emplois pr\u00e9caires en tant que","og_url":"https:\/\/admin.industriall-union.org\/fr\/travail-precaire-en-inde\/","og_site_name":"industriall-union","article_modified_time":"2025-02-08T21:38:09+00:00","twitter_card":"summary_large_image","twitter_misc":{"Est. reading time":"3 minutes"},"schema":{"@context":"https:\/\/schema.org","@graph":[{"@type":"WebPage","@id":"https:\/\/admin.industriall-union.org\/fr\/travail-precaire-en-inde\/","url":"https:\/\/admin.industriall-union.org\/fr\/travail-precaire-en-inde\/","name":"Travail pr\u00e9caire en Inde - industriall-union","isPartOf":{"@id":"https:\/\/admin.industriall-union.org\/#website"},"datePublished":"2012-06-19T17:35:40+00:00","dateModified":"2025-02-08T21:38:09+00:00","description":"&nbsp;Trente pourcents de l&rsquo;ensemble des travailleurs et travailleuses du secteur priv\u00e9 en Inde sont occup\u00e9s dans des emplois pr\u00e9caires en tant que","breadcrumb":{"@id":"https:\/\/admin.industriall-union.org\/fr\/travail-precaire-en-inde\/#breadcrumb"},"inLanguage":"fr-FR","potentialAction":[{"@type":"ReadAction","target":["https:\/\/admin.industriall-union.org\/fr\/travail-precaire-en-inde\/"]}]},{"@type":"BreadcrumbList","@id":"https:\/\/admin.industriall-union.org\/fr\/travail-precaire-en-inde\/#breadcrumb","itemListElement":[{"@type":"ListItem","position":1,"name":"Home","item":"https:\/\/admin.industriall-union.org\/"},{"@type":"ListItem","position":2,"name":"Articles","item":"https:\/\/admin.industriall-union.org\/article\/"},{"@type":"ListItem","position":3,"name":"Travail pr\u00e9caire en Inde"}]},{"@type":"WebSite","@id":"https:\/\/admin.industriall-union.org\/#website","url":"https:\/\/admin.industriall-union.org\/","name":"industriall-union","description":"","potentialAction":[{"@type":"SearchAction","target":{"@type":"EntryPoint","urlTemplate":"https:\/\/admin.industriall-union.org\/?s={search_term_string}"},"query-input":{"@type":"PropertyValueSpecification","valueRequired":true,"valueName":"search_term_string"}}],"inLanguage":"fr-FR"}]}},"_links":{"self":[{"href":"https:\/\/admin.industriall-union.org\/fr\/wp-json\/wp\/v2\/article\/175714","targetHints":{"allow":["GET"]}}],"collection":[{"href":"https:\/\/admin.industriall-union.org\/fr\/wp-json\/wp\/v2\/article"}],"about":[{"href":"https:\/\/admin.industriall-union.org\/fr\/wp-json\/wp\/v2\/types\/article"}],"wp:attachment":[{"href":"https:\/\/admin.industriall-union.org\/fr\/wp-json\/wp\/v2\/media?parent=175714"}],"wp:term":[{"taxonomy":"issues","embeddable":true,"href":"https:\/\/admin.industriall-union.org\/fr\/wp-json\/wp\/v2\/issues?post=175714"},{"taxonomy":"companies","embeddable":true,"href":"https:\/\/admin.industriall-union.org\/fr\/wp-json\/wp\/v2\/companies?post=175714"},{"taxonomy":"regions","embeddable":true,"href":"https:\/\/admin.industriall-union.org\/fr\/wp-json\/wp\/v2\/regions?post=175714"},{"taxonomy":"sectors","embeddable":true,"href":"https:\/\/admin.industriall-union.org\/fr\/wp-json\/wp\/v2\/sectors?post=175714"},{"taxonomy":"article_tags","embeddable":true,"href":"https:\/\/admin.industriall-union.org\/fr\/wp-json\/wp\/v2\/article_tags?post=175714"}],"curies":[{"name":"wp","href":"https:\/\/api.w.org\/{rel}","templated":true}]}}