{"id":175710,"date":"2012-06-19T17:15:08","date_gmt":"2012-06-19T17:15:08","guid":{"rendered":"https:\/\/admin.industriall-union.org\/des-heros-pour-former-un-nouveau-syndicat-mondial\/"},"modified":"2025-02-08T21:36:53","modified_gmt":"2025-02-08T21:36:53","slug":"des-heros-pour-former-un-nouveau-syndicat-mondial","status":"publish","type":"article","link":"https:\/\/admin.industriall-union.org\/fr\/des-heros-pour-former-un-nouveau-syndicat-mondial\/","title":{"rendered":"Des h\u00e9ros pour former un nouveau syndicat mondial"},"content":{"rendered":"<div id=\"preamble\"><div><div><div><p>Secr\u00e9taire g\u00e9n\u00e9ral de cette nouvelle entit\u00e9 baptis\u00e9e IndustriALL Global Union, Jyrki Raina a dit aux d\u00e9l\u00e9gu\u00e9s qu&rsquo;ils rejoignaient une extraordinaire nouvelle famille de h\u00e9ros.<\/p><\/div><\/div><\/div><\/div><div><div><div><div><p>Jyrki Raina a \u00e9galement d\u00e9taill\u00e9 un plan d&rsquo;action en dix points qu&rsquo;il souhaitait d\u00e9velopper afin d&rsquo;assurer qu&rsquo;IndustriALL appuie ses affili\u00e9s, en particulier ceux qui sont sur la ligne de front des droits de l&rsquo;homme et des luttes pour les droits des travailleurs.<\/p><p>Un quart des d\u00e9l\u00e9gu\u00e9s venus \u00e0 Copenhague au congr\u00e8s fondateur ont confi\u00e9 avoir \u00e9t\u00e9 menac\u00e9s, eux ou leur famille, en raison de leur travail syndical. 18% ont \u00e9t\u00e9 arr\u00eat\u00e9s ou emprisonn\u00e9s pour leur action syndicale et 16% ont subi des violences physiques en raison de leur activit\u00e9 syndicale.<\/p><p>S&rsquo;adressant aux 1.400 d\u00e9l\u00e9gu\u00e9s des 140 pays pr\u00e9sents, Jyrki Raina a souhait\u00e9 la bienvenue \u00e0 tous et a attir\u00e9 l&rsquo;attention sur la pr\u00e9sence de plusieurs h\u00e9ros tout \u00e0 fait \u00e9tonnants dans la salle.<\/p><p>Grace Nyirenda,&nbsp; Secr\u00e9taire g\u00e9n\u00e9rale du Syndicat du Textile, du V\u00eatement, du Cuir et des Services de S\u00e9curit\u00e9 du Malawi.&nbsp;<\/p><p>&laquo;&nbsp;Elle a mis sa vie en danger pour repr\u00e9senter ses adh\u00e9rents alors qu&rsquo;ils \u00e9taient r\u00e9prim\u00e9s et m\u00eame assassin\u00e9s,&nbsp;&raquo; a dit Raina.<\/p><p>M. Raina a dit qu&rsquo;il voulait rendre hommage aux nombreux camarades arabes pr\u00e9sents aux congr\u00e8s qui ont particip\u00e9 au Printemps arabe. Il a en particulier attir\u00e9 l&rsquo;attention sur Hashmeya Mushin al-Saadawi,&nbsp; la &nbsp;dirigeante du Syndicat iraquien des travailleurs des compagnies d&rsquo;\u00e9lectricit\u00e9.<\/p><p>&laquo;&nbsp;Hashmeya est reconnue comme l&rsquo;une des fers de lance du mouvement de protestation iraquien exigeant des droits pour les travailleurs&nbsp;&raquo; a indiqu\u00e9 Jyrki Raina.<\/p><p>&laquo;&nbsp;Nous avons l\u00e0 une extraordinaire nouvelle famille de h\u00e9ros au sein d&rsquo;IndustriALL Global Union, vous ne pensez pas ?,&nbsp;&raquo; a-t-il lanc\u00e9 aux d\u00e9l\u00e9gu\u00e9s.<\/p><p>M. Raina a confi\u00e9 \u00e0 l&rsquo;assembl\u00e9e que la cr\u00e9ation d&rsquo;IndustriALL en tant que sindicat mondial se produisait \u00e0 un moment crucial.<\/p><p>&laquo;&nbsp;IndustriALL r\u00e9pond \u00e0 l&rsquo;int\u00e9gration croissante du capital \u00e0 l&rsquo;\u00e9chelle mondiale. Des cha\u00eenes d&rsquo;approvisionnement de plus en plus li\u00e9es entre les diff\u00e9rentes<\/p><p>industries font que les syndiqu\u00e9s ont besoin de se faire mieux entendre au plan mondial.&nbsp;&raquo;<\/p><p>&laquo;&nbsp;Les travailleurs doivent se mondialiser car les march\u00e9s sont mondialis\u00e9s, le capital est mondialis\u00e9 et l&rsquo;information et la communication sont mondialis\u00e9es&nbsp;&raquo;<\/p><p>&laquo;&nbsp;Les employeurs deviennent plus virulents \u00e0 mesure qu&rsquo;ils voient leurs profits menac\u00e9s&nbsp;&raquo;<\/p><p>&laquo;&nbsp; Partout on demande aux travailleurs de payer la facture d&rsquo;une crise dont la responsabilit\u00e9 ne leur appartient pas.&nbsp;&raquo; a dit M. Raina.<\/p><p>Suivez le lien pour lire <a href=\"http:\/\/www.industriall-union.org\/introducing-the-action-plan-of-industriall-global-union\">le discours dans son int\u00e9gralit\u00e9<\/a> (en anglais).<\/p><\/div><\/div><\/div><\/div><p>&nbsp;<\/p>","protected":false},"featured_media":0,"template":"","issues":[396,406,412,420],"companies":[],"regions":[],"sectors":[],"article_tags":[511],"class_list":["post-175710","article","type-article","status-publish","hentry","issues-building-strong-unions","issues-confronting-global-capital","issues-social-justice-and-globalization","issues-solidarity","article_tags-industriall"],"acf":[],"yoast_head":"<!-- This site is optimized with the Yoast SEO Premium plugin v27.1 (Yoast SEO v27.1) - https:\/\/yoast.com\/product\/yoast-seo-premium-wordpress\/ -->\n<title>Des h\u00e9ros pour former un nouveau syndicat mondial - industriall-union<\/title>\n<meta name=\"description\" content=\"Secr\u00e9taire g\u00e9n\u00e9ral de cette nouvelle entit\u00e9 baptis\u00e9e IndustriALL Global Union, Jyrki Raina a dit aux d\u00e9l\u00e9gu\u00e9s qu&rsquo;ils rejoignaient une extraordinaire\" \/>\n<meta name=\"robots\" content=\"index, follow, max-snippet:-1, max-image-preview:large, max-video-preview:-1\" \/>\n<link rel=\"canonical\" href=\"https:\/\/admin.industriall-union.org\/fr\/des-heros-pour-former-un-nouveau-syndicat-mondial\/\" \/>\n<meta property=\"og:locale\" content=\"fr_FR\" \/>\n<meta property=\"og:type\" content=\"article\" \/>\n<meta property=\"og:title\" content=\"Des h\u00e9ros pour former un nouveau syndicat mondial\" \/>\n<meta property=\"og:description\" content=\"Secr\u00e9taire g\u00e9n\u00e9ral de cette nouvelle entit\u00e9 baptis\u00e9e IndustriALL Global Union, Jyrki Raina a dit aux d\u00e9l\u00e9gu\u00e9s qu&rsquo;ils rejoignaient une extraordinaire\" \/>\n<meta property=\"og:url\" content=\"https:\/\/admin.industriall-union.org\/fr\/des-heros-pour-former-un-nouveau-syndicat-mondial\/\" \/>\n<meta property=\"og:site_name\" content=\"industriall-union\" \/>\n<meta property=\"article:modified_time\" content=\"2025-02-08T21:36:53+00:00\" \/>\n<meta name=\"twitter:card\" content=\"summary_large_image\" \/>\n<meta name=\"twitter:label1\" content=\"Est. reading time\" \/>\n\t<meta name=\"twitter:data1\" content=\"3 minutes\" \/>\n<script type=\"application\/ld+json\" class=\"yoast-schema-graph\">{\"@context\":\"https:\/\/schema.org\",\"@graph\":[{\"@type\":\"WebPage\",\"@id\":\"https:\/\/admin.industriall-union.org\/fr\/des-heros-pour-former-un-nouveau-syndicat-mondial\/\",\"url\":\"https:\/\/admin.industriall-union.org\/fr\/des-heros-pour-former-un-nouveau-syndicat-mondial\/\",\"name\":\"Des h\u00e9ros pour former un nouveau syndicat mondial - industriall-union\",\"isPartOf\":{\"@id\":\"https:\/\/admin.industriall-union.org\/#website\"},\"datePublished\":\"2012-06-19T17:15:08+00:00\",\"dateModified\":\"2025-02-08T21:36:53+00:00\",\"description\":\"Secr\u00e9taire g\u00e9n\u00e9ral de cette nouvelle entit\u00e9 baptis\u00e9e IndustriALL Global Union, Jyrki Raina a dit aux d\u00e9l\u00e9gu\u00e9s qu&rsquo;ils rejoignaient une extraordinaire\",\"breadcrumb\":{\"@id\":\"https:\/\/admin.industriall-union.org\/fr\/des-heros-pour-former-un-nouveau-syndicat-mondial\/#breadcrumb\"},\"inLanguage\":\"fr-FR\",\"potentialAction\":[{\"@type\":\"ReadAction\",\"target\":[\"https:\/\/admin.industriall-union.org\/fr\/des-heros-pour-former-un-nouveau-syndicat-mondial\/\"]}]},{\"@type\":\"BreadcrumbList\",\"@id\":\"https:\/\/admin.industriall-union.org\/fr\/des-heros-pour-former-un-nouveau-syndicat-mondial\/#breadcrumb\",\"itemListElement\":[{\"@type\":\"ListItem\",\"position\":1,\"name\":\"Home\",\"item\":\"https:\/\/admin.industriall-union.org\/\"},{\"@type\":\"ListItem\",\"position\":2,\"name\":\"Articles\",\"item\":\"https:\/\/admin.industriall-union.org\/article\/\"},{\"@type\":\"ListItem\",\"position\":3,\"name\":\"Des h\u00e9ros pour former un nouveau syndicat mondial\"}]},{\"@type\":\"WebSite\",\"@id\":\"https:\/\/admin.industriall-union.org\/#website\",\"url\":\"https:\/\/admin.industriall-union.org\/\",\"name\":\"industriall-union\",\"description\":\"\",\"potentialAction\":[{\"@type\":\"SearchAction\",\"target\":{\"@type\":\"EntryPoint\",\"urlTemplate\":\"https:\/\/admin.industriall-union.org\/?s={search_term_string}\"},\"query-input\":{\"@type\":\"PropertyValueSpecification\",\"valueRequired\":true,\"valueName\":\"search_term_string\"}}],\"inLanguage\":\"fr-FR\"}]}<\/script>\n<!-- \/ Yoast SEO Premium plugin. -->","yoast_head_json":{"title":"Des h\u00e9ros pour former un nouveau syndicat mondial - industriall-union","description":"Secr\u00e9taire g\u00e9n\u00e9ral de cette nouvelle entit\u00e9 baptis\u00e9e IndustriALL Global Union, Jyrki Raina a dit aux d\u00e9l\u00e9gu\u00e9s qu&rsquo;ils rejoignaient une extraordinaire","robots":{"index":"index","follow":"follow","max-snippet":"max-snippet:-1","max-image-preview":"max-image-preview:large","max-video-preview":"max-video-preview:-1"},"canonical":"https:\/\/admin.industriall-union.org\/fr\/des-heros-pour-former-un-nouveau-syndicat-mondial\/","og_locale":"fr_FR","og_type":"article","og_title":"Des h\u00e9ros pour former un nouveau syndicat mondial","og_description":"Secr\u00e9taire g\u00e9n\u00e9ral de cette nouvelle entit\u00e9 baptis\u00e9e IndustriALL Global Union, Jyrki Raina a dit aux d\u00e9l\u00e9gu\u00e9s qu&rsquo;ils rejoignaient une extraordinaire","og_url":"https:\/\/admin.industriall-union.org\/fr\/des-heros-pour-former-un-nouveau-syndicat-mondial\/","og_site_name":"industriall-union","article_modified_time":"2025-02-08T21:36:53+00:00","twitter_card":"summary_large_image","twitter_misc":{"Est. reading time":"3 minutes"},"schema":{"@context":"https:\/\/schema.org","@graph":[{"@type":"WebPage","@id":"https:\/\/admin.industriall-union.org\/fr\/des-heros-pour-former-un-nouveau-syndicat-mondial\/","url":"https:\/\/admin.industriall-union.org\/fr\/des-heros-pour-former-un-nouveau-syndicat-mondial\/","name":"Des h\u00e9ros pour former un nouveau syndicat mondial - industriall-union","isPartOf":{"@id":"https:\/\/admin.industriall-union.org\/#website"},"datePublished":"2012-06-19T17:15:08+00:00","dateModified":"2025-02-08T21:36:53+00:00","description":"Secr\u00e9taire g\u00e9n\u00e9ral de cette nouvelle entit\u00e9 baptis\u00e9e IndustriALL Global Union, Jyrki Raina a dit aux d\u00e9l\u00e9gu\u00e9s qu&rsquo;ils rejoignaient une extraordinaire","breadcrumb":{"@id":"https:\/\/admin.industriall-union.org\/fr\/des-heros-pour-former-un-nouveau-syndicat-mondial\/#breadcrumb"},"inLanguage":"fr-FR","potentialAction":[{"@type":"ReadAction","target":["https:\/\/admin.industriall-union.org\/fr\/des-heros-pour-former-un-nouveau-syndicat-mondial\/"]}]},{"@type":"BreadcrumbList","@id":"https:\/\/admin.industriall-union.org\/fr\/des-heros-pour-former-un-nouveau-syndicat-mondial\/#breadcrumb","itemListElement":[{"@type":"ListItem","position":1,"name":"Home","item":"https:\/\/admin.industriall-union.org\/"},{"@type":"ListItem","position":2,"name":"Articles","item":"https:\/\/admin.industriall-union.org\/article\/"},{"@type":"ListItem","position":3,"name":"Des h\u00e9ros pour former un nouveau syndicat mondial"}]},{"@type":"WebSite","@id":"https:\/\/admin.industriall-union.org\/#website","url":"https:\/\/admin.industriall-union.org\/","name":"industriall-union","description":"","potentialAction":[{"@type":"SearchAction","target":{"@type":"EntryPoint","urlTemplate":"https:\/\/admin.industriall-union.org\/?s={search_term_string}"},"query-input":{"@type":"PropertyValueSpecification","valueRequired":true,"valueName":"search_term_string"}}],"inLanguage":"fr-FR"}]}},"_links":{"self":[{"href":"https:\/\/admin.industriall-union.org\/fr\/wp-json\/wp\/v2\/article\/175710","targetHints":{"allow":["GET"]}}],"collection":[{"href":"https:\/\/admin.industriall-union.org\/fr\/wp-json\/wp\/v2\/article"}],"about":[{"href":"https:\/\/admin.industriall-union.org\/fr\/wp-json\/wp\/v2\/types\/article"}],"wp:attachment":[{"href":"https:\/\/admin.industriall-union.org\/fr\/wp-json\/wp\/v2\/media?parent=175710"}],"wp:term":[{"taxonomy":"issues","embeddable":true,"href":"https:\/\/admin.industriall-union.org\/fr\/wp-json\/wp\/v2\/issues?post=175710"},{"taxonomy":"companies","embeddable":true,"href":"https:\/\/admin.industriall-union.org\/fr\/wp-json\/wp\/v2\/companies?post=175710"},{"taxonomy":"regions","embeddable":true,"href":"https:\/\/admin.industriall-union.org\/fr\/wp-json\/wp\/v2\/regions?post=175710"},{"taxonomy":"sectors","embeddable":true,"href":"https:\/\/admin.industriall-union.org\/fr\/wp-json\/wp\/v2\/sectors?post=175710"},{"taxonomy":"article_tags","embeddable":true,"href":"https:\/\/admin.industriall-union.org\/fr\/wp-json\/wp\/v2\/article_tags?post=175710"}],"curies":[{"name":"wp","href":"https:\/\/api.w.org\/{rel}","templated":true}]}}