{"id":175642,"date":"2012-07-12T15:24:05","date_gmt":"2012-07-12T15:24:05","guid":{"rendered":"https:\/\/admin.industriall-union.org\/la-marcha-negra-des-mineurs-espagnols-arrive-a-madrid\/"},"modified":"2025-02-08T21:05:13","modified_gmt":"2025-02-08T21:05:13","slug":"la-marcha-negra-des-mineurs-espagnols-arrive-a-madrid","status":"publish","type":"article","link":"https:\/\/admin.industriall-union.org\/fr\/la-marcha-negra-des-mineurs-espagnols-arrive-a-madrid\/","title":{"rendered":"La \u201cMarcha Negra\u201d des mineurs espagnols arrive \u00e0 Madrid"},"content":{"rendered":"<p>La marche vers Madrid et la manifestation, organis\u00e9es par les syndicats FITAG-UGT et FI-CC.OO. affili\u00e9s \u00e0 IndustriALL Global Union, et b\u00e9n\u00e9ficiant du soutien de leurs conf\u00e9d\u00e9rations respectives, ont donn\u00e9 lieu \u00e0 une ovation de la foule pour accueillir les centaines de mineurs venus \u00e0 pied de leurs gisements de houille situ\u00e9s le plus souvent au nord de l&rsquo;Espagne. Les premiers marcheurs qui \u00e9taient partis le 22 juin ont travers\u00e9 de nombreuses agglom\u00e9rations sur le chemin menant \u00e0 Madrid, et ont re\u00e7u un grand soutien le long des 400 kilom\u00e8tres de route. Les feux d&rsquo;artifice, le slogan &ldquo;Non \u00e0 la fermeture des mines de charbon&rdquo; repris sans cesse et les discours enflamm\u00e9s qui ont eu lieu sur la &lsquo;Plaza de Col\u00f3n&rsquo;, ont attir\u00e9 l&rsquo;attention du monde et ont \u00e9t\u00e9 largement couverts dans la presse.<\/p><p>IndustriALL Global Union \u00e9tait repr\u00e9sent\u00e9e \u00e0 la manifestation par son secr\u00e9taire g\u00e9n\u00e9ral adjoint, Kemal \u00d6zkan, qui a transmis la solidarit\u00e9 des millions de membres pr\u00e9sents dans le monde pour la marche et la lutte des mineurs. &ldquo;Ce combat est un symbole qui montre aux gouvernements et aux entreprises multinationales que les mineurs veulent travailler, veulent produire, veulent une \u00e9conomie au service de la population, et non des banques et des financiers&rdquo;, a d\u00e9clar\u00e9 \u00d6zkan. Les discours des secr\u00e9taires g\u00e9n\u00e9raux de l&rsquo;UGT et de CCOO, C\u00e1ndido M\u00e9ndez et Ignacio Fern\u00e1ndez Toxo, ainsi que d&rsquo;Antonio Deusa Pedrazo de FITAG-UGT et de Felipe Lopez de FI-CC.OO. ont r\u00e9chauff\u00e9 les c\u0153urs, en promettant de poursuivre les manifestations ind\u00e9finiment jusqu&rsquo;\u00e0 ce que le gouvernement d\u00e9cide de n\u00e9gocier un revirement de sa politique.<\/p><p>La police anti-\u00e9meute qui avait \u00e9t\u00e9 mise en place par le gouvernement avait d\u00e9j\u00e0 fait des d\u00e9g\u00e2ts dans les communaut\u00e9s mini\u00e8res au cours des derni\u00e8res semaines. Elle a accueillie hier des manifestants par des tirs de balles en caoutchouc et par une attitude extr\u00eamement agressive. Au moins 76 mineurs et sympathisants ont \u00e9t\u00e9 bless\u00e9s dans des \u00e9chauffour\u00e9es avec la police. Des mineurs signalent que la police a tir\u00e9 syst\u00e9matiquement des balles en caoutchouc. La brutalit\u00e9 de la police \u00e9tait telle que des coups de matraque ont atteint une fillette de 11 ans qui a \u00e9t\u00e9 s\u00e9rieusement bless\u00e9e.<\/p><p>Au m\u00eame moment, le Premier ministre Rajoy tentait de d\u00e9tourner l&rsquo;attention et la col\u00e8re du public de la lutte des mineurs en annon\u00e7ant de nouvelles mesures d&rsquo;aust\u00e9rit\u00e9 qui toucheront en premier lieu les plus pauvres. Il s&rsquo;agit d&rsquo;une hausse de 3 pour cent de la TVA et d&rsquo;une r\u00e9duction de 3,5 milliards d&rsquo;euros des d\u00e9penses du gouvernement au niveau local.<\/p><p>Les r\u00e9ductions propos\u00e9es constituent une rupture de l&rsquo;accord conclu l&rsquo;ann\u00e9e derni\u00e8re entre les syndicats et le gouvernement sur une r\u00e9duction par \u00e9tapes des subventions sur une p\u00e9riode de cinq ans. Le gouvernement de droite de Mariano Rajoy tente maintenant d&rsquo;imposer une r\u00e9duction imm\u00e9diate de 64 pour cent dans le cadre de dures mesures d&rsquo;aust\u00e9rit\u00e9 qui vont d\u00e9truire l&rsquo;industrie, condamner 8.000 mineurs et leurs familles et indirectement 30.000 travailleurs et travailleuses, \u00e0 payer pour la crise financi\u00e8re.<\/p><p>Dans une lettre envoy\u00e9e la semaine derni\u00e8re au Premier ministre espagnol, le secr\u00e9taire g\u00e9n\u00e9ral de IndustriALL, Jyrki Raina, a \u00e9crit: &ldquo;Nous sommes convaincus que cette politique adopt\u00e9e par votre gouvernement, conform\u00e9ment \u00e0 la d\u00e9cision des autorit\u00e9s de l&rsquo;Union europ\u00e9enne, ne tient pas compte des cons\u00e9quences sociales, et se base sur des estimations \u00e9conomiques manquant de logique&rdquo;.<\/p>","protected":false},"featured_media":0,"template":"","issues":[412,420],"companies":[],"regions":[246],"sectors":[495],"article_tags":[511],"class_list":["post-175642","article","type-article","status-publish","hentry","issues-social-justice-and-globalization","issues-solidarity","regions-spain","sectors-mining","article_tags-industriall"],"acf":[],"yoast_head":"<!-- This site is optimized with the Yoast SEO Premium plugin v27.1 (Yoast SEO v27.1) - https:\/\/yoast.com\/product\/yoast-seo-premium-wordpress\/ -->\n<title>La \u201cMarcha Negra\u201d des mineurs espagnols arrive \u00e0 Madrid - industriall-union<\/title>\n<meta name=\"description\" content=\"La marche vers Madrid et la manifestation, organis\u00e9es par les syndicats FITAG-UGT et FI-CC.OO. affili\u00e9s \u00e0 IndustriALL Global Union, et b\u00e9n\u00e9ficiant du\" \/>\n<meta name=\"robots\" content=\"index, follow, max-snippet:-1, max-image-preview:large, max-video-preview:-1\" \/>\n<link rel=\"canonical\" href=\"https:\/\/admin.industriall-union.org\/fr\/la-marcha-negra-des-mineurs-espagnols-arrive-a-madrid\/\" \/>\n<meta property=\"og:locale\" content=\"fr_FR\" \/>\n<meta property=\"og:type\" content=\"article\" \/>\n<meta property=\"og:title\" content=\"La \u201cMarcha Negra\u201d des mineurs espagnols arrive \u00e0 Madrid\" \/>\n<meta property=\"og:description\" content=\"La marche vers Madrid et la manifestation, organis\u00e9es par les syndicats FITAG-UGT et FI-CC.OO. affili\u00e9s \u00e0 IndustriALL Global Union, et b\u00e9n\u00e9ficiant du\" \/>\n<meta property=\"og:url\" content=\"https:\/\/admin.industriall-union.org\/fr\/la-marcha-negra-des-mineurs-espagnols-arrive-a-madrid\/\" \/>\n<meta property=\"og:site_name\" content=\"industriall-union\" \/>\n<meta property=\"article:modified_time\" content=\"2025-02-08T21:05:13+00:00\" \/>\n<meta name=\"twitter:card\" content=\"summary_large_image\" \/>\n<meta name=\"twitter:label1\" content=\"Est. reading time\" \/>\n\t<meta name=\"twitter:data1\" content=\"3 minutes\" \/>\n<script type=\"application\/ld+json\" class=\"yoast-schema-graph\">{\"@context\":\"https:\/\/schema.org\",\"@graph\":[{\"@type\":\"WebPage\",\"@id\":\"https:\/\/admin.industriall-union.org\/fr\/la-marcha-negra-des-mineurs-espagnols-arrive-a-madrid\/\",\"url\":\"https:\/\/admin.industriall-union.org\/fr\/la-marcha-negra-des-mineurs-espagnols-arrive-a-madrid\/\",\"name\":\"La \u201cMarcha Negra\u201d des mineurs espagnols arrive \u00e0 Madrid - industriall-union\",\"isPartOf\":{\"@id\":\"https:\/\/admin.industriall-union.org\/#website\"},\"datePublished\":\"2012-07-12T15:24:05+00:00\",\"dateModified\":\"2025-02-08T21:05:13+00:00\",\"description\":\"La marche vers Madrid et la manifestation, organis\u00e9es par les syndicats FITAG-UGT et FI-CC.OO. affili\u00e9s \u00e0 IndustriALL Global Union, et b\u00e9n\u00e9ficiant du\",\"breadcrumb\":{\"@id\":\"https:\/\/admin.industriall-union.org\/fr\/la-marcha-negra-des-mineurs-espagnols-arrive-a-madrid\/#breadcrumb\"},\"inLanguage\":\"fr-FR\",\"potentialAction\":[{\"@type\":\"ReadAction\",\"target\":[\"https:\/\/admin.industriall-union.org\/fr\/la-marcha-negra-des-mineurs-espagnols-arrive-a-madrid\/\"]}]},{\"@type\":\"BreadcrumbList\",\"@id\":\"https:\/\/admin.industriall-union.org\/fr\/la-marcha-negra-des-mineurs-espagnols-arrive-a-madrid\/#breadcrumb\",\"itemListElement\":[{\"@type\":\"ListItem\",\"position\":1,\"name\":\"Home\",\"item\":\"https:\/\/admin.industriall-union.org\/\"},{\"@type\":\"ListItem\",\"position\":2,\"name\":\"Articles\",\"item\":\"https:\/\/admin.industriall-union.org\/article\/\"},{\"@type\":\"ListItem\",\"position\":3,\"name\":\"La \u201cMarcha Negra\u201d des mineurs espagnols arrive \u00e0 Madrid\"}]},{\"@type\":\"WebSite\",\"@id\":\"https:\/\/admin.industriall-union.org\/#website\",\"url\":\"https:\/\/admin.industriall-union.org\/\",\"name\":\"industriall-union\",\"description\":\"\",\"potentialAction\":[{\"@type\":\"SearchAction\",\"target\":{\"@type\":\"EntryPoint\",\"urlTemplate\":\"https:\/\/admin.industriall-union.org\/?s={search_term_string}\"},\"query-input\":{\"@type\":\"PropertyValueSpecification\",\"valueRequired\":true,\"valueName\":\"search_term_string\"}}],\"inLanguage\":\"fr-FR\"}]}<\/script>\n<!-- \/ Yoast SEO Premium plugin. -->","yoast_head_json":{"title":"La \u201cMarcha Negra\u201d des mineurs espagnols arrive \u00e0 Madrid - industriall-union","description":"La marche vers Madrid et la manifestation, organis\u00e9es par les syndicats FITAG-UGT et FI-CC.OO. affili\u00e9s \u00e0 IndustriALL Global Union, et b\u00e9n\u00e9ficiant du","robots":{"index":"index","follow":"follow","max-snippet":"max-snippet:-1","max-image-preview":"max-image-preview:large","max-video-preview":"max-video-preview:-1"},"canonical":"https:\/\/admin.industriall-union.org\/fr\/la-marcha-negra-des-mineurs-espagnols-arrive-a-madrid\/","og_locale":"fr_FR","og_type":"article","og_title":"La \u201cMarcha Negra\u201d des mineurs espagnols arrive \u00e0 Madrid","og_description":"La marche vers Madrid et la manifestation, organis\u00e9es par les syndicats FITAG-UGT et FI-CC.OO. affili\u00e9s \u00e0 IndustriALL Global Union, et b\u00e9n\u00e9ficiant du","og_url":"https:\/\/admin.industriall-union.org\/fr\/la-marcha-negra-des-mineurs-espagnols-arrive-a-madrid\/","og_site_name":"industriall-union","article_modified_time":"2025-02-08T21:05:13+00:00","twitter_card":"summary_large_image","twitter_misc":{"Est. reading time":"3 minutes"},"schema":{"@context":"https:\/\/schema.org","@graph":[{"@type":"WebPage","@id":"https:\/\/admin.industriall-union.org\/fr\/la-marcha-negra-des-mineurs-espagnols-arrive-a-madrid\/","url":"https:\/\/admin.industriall-union.org\/fr\/la-marcha-negra-des-mineurs-espagnols-arrive-a-madrid\/","name":"La \u201cMarcha Negra\u201d des mineurs espagnols arrive \u00e0 Madrid - industriall-union","isPartOf":{"@id":"https:\/\/admin.industriall-union.org\/#website"},"datePublished":"2012-07-12T15:24:05+00:00","dateModified":"2025-02-08T21:05:13+00:00","description":"La marche vers Madrid et la manifestation, organis\u00e9es par les syndicats FITAG-UGT et FI-CC.OO. affili\u00e9s \u00e0 IndustriALL Global Union, et b\u00e9n\u00e9ficiant du","breadcrumb":{"@id":"https:\/\/admin.industriall-union.org\/fr\/la-marcha-negra-des-mineurs-espagnols-arrive-a-madrid\/#breadcrumb"},"inLanguage":"fr-FR","potentialAction":[{"@type":"ReadAction","target":["https:\/\/admin.industriall-union.org\/fr\/la-marcha-negra-des-mineurs-espagnols-arrive-a-madrid\/"]}]},{"@type":"BreadcrumbList","@id":"https:\/\/admin.industriall-union.org\/fr\/la-marcha-negra-des-mineurs-espagnols-arrive-a-madrid\/#breadcrumb","itemListElement":[{"@type":"ListItem","position":1,"name":"Home","item":"https:\/\/admin.industriall-union.org\/"},{"@type":"ListItem","position":2,"name":"Articles","item":"https:\/\/admin.industriall-union.org\/article\/"},{"@type":"ListItem","position":3,"name":"La \u201cMarcha Negra\u201d des mineurs espagnols arrive \u00e0 Madrid"}]},{"@type":"WebSite","@id":"https:\/\/admin.industriall-union.org\/#website","url":"https:\/\/admin.industriall-union.org\/","name":"industriall-union","description":"","potentialAction":[{"@type":"SearchAction","target":{"@type":"EntryPoint","urlTemplate":"https:\/\/admin.industriall-union.org\/?s={search_term_string}"},"query-input":{"@type":"PropertyValueSpecification","valueRequired":true,"valueName":"search_term_string"}}],"inLanguage":"fr-FR"}]}},"_links":{"self":[{"href":"https:\/\/admin.industriall-union.org\/fr\/wp-json\/wp\/v2\/article\/175642","targetHints":{"allow":["GET"]}}],"collection":[{"href":"https:\/\/admin.industriall-union.org\/fr\/wp-json\/wp\/v2\/article"}],"about":[{"href":"https:\/\/admin.industriall-union.org\/fr\/wp-json\/wp\/v2\/types\/article"}],"wp:attachment":[{"href":"https:\/\/admin.industriall-union.org\/fr\/wp-json\/wp\/v2\/media?parent=175642"}],"wp:term":[{"taxonomy":"issues","embeddable":true,"href":"https:\/\/admin.industriall-union.org\/fr\/wp-json\/wp\/v2\/issues?post=175642"},{"taxonomy":"companies","embeddable":true,"href":"https:\/\/admin.industriall-union.org\/fr\/wp-json\/wp\/v2\/companies?post=175642"},{"taxonomy":"regions","embeddable":true,"href":"https:\/\/admin.industriall-union.org\/fr\/wp-json\/wp\/v2\/regions?post=175642"},{"taxonomy":"sectors","embeddable":true,"href":"https:\/\/admin.industriall-union.org\/fr\/wp-json\/wp\/v2\/sectors?post=175642"},{"taxonomy":"article_tags","embeddable":true,"href":"https:\/\/admin.industriall-union.org\/fr\/wp-json\/wp\/v2\/article_tags?post=175642"}],"curies":[{"name":"wp","href":"https:\/\/api.w.org\/{rel}","templated":true}]}}