{"id":175598,"date":"2012-07-25T15:12:29","date_gmt":"2012-07-25T15:12:29","guid":{"rendered":"https:\/\/admin.industriall-union.org\/la-presidente-du-zewu-parmi-les-135-travailleurs-suspendus-chez-zesa\/"},"modified":"2025-02-08T20:51:17","modified_gmt":"2025-02-08T20:51:17","slug":"la-presidente-du-zewu-parmi-les-135-travailleurs-suspendus-chez-zesa","status":"publish","type":"article","link":"https:\/\/admin.industriall-union.org\/fr\/la-presidente-du-zewu-parmi-les-135-travailleurs-suspendus-chez-zesa\/","title":{"rendered":"La pr\u00e9sidente du ZEWU parmi les 135 travailleurs suspendus chez ZESA"},"content":{"rendered":"<div><p>Les membres du syndicat \u00e9taient l\u00e9gitimement m\u00e9contents du fait que ZESA n&rsquo;a tenu aucun compte de la convention collective conclue en janvier de cette ann\u00e9e. L&rsquo;accord, qui donne droit aux travailleurs et travailleuses gagnant le moins \u00e0 une augmentation de salaire qui passe de 190 \u00e0 275 USD, a \u00e9t\u00e9 confirm\u00e9 par un arbitrage. Cependant, la direction pr\u00e9tend maintenant \u00eatre dans l&rsquo;incapacit\u00e9 d&rsquo;accorder la hausse salariale.&nbsp;<\/p><p>Jyki Raina, secr\u00e9taire g\u00e9n\u00e9ral de IndustriALL Global Union,&nbsp; a envoy\u00e9 une <a href=\"\/wp-content\/uploads\/documents\/ZEWU\/suspension_of_workers_at_zesa.pdf\">lettre<\/a> \u00e0 ZESA, dans laquelle il dit: &ldquo;IndustriALL Global Union soutient la revendication de son affili\u00e9 ZEWU, portant sur la r\u00e9int\u00e9gration par ZESA de tous les travailleurs et travailleuses suspendus, notamment les responsables syndicaux, et la mise en application de la convention collective&rdquo;.&nbsp; &nbsp;<\/p><p>La pr\u00e9sidente du ZEWU, Angelina Chitambo, qui est \u00e9galement membre du Comit\u00e9 ex\u00e9cutif de IndustriALL, a \u00e9t\u00e9 particuli\u00e8rement vis\u00e9e pour ses d\u00e9clarations dans la presse. Elle a \u00e9t\u00e9 accus\u00e9e avec deux autres dirigeants syndicaux d&rsquo;inciter les gens \u00e0 protester chez ZESA, ce qui est clairement un cas de repr\u00e9sailles contre ces syndicalistes \u00e0 qui l&rsquo;on reproche d&rsquo;accomplir leurs obligations syndicales.<\/p><\/div><p>&nbsp;<\/p>","protected":false},"featured_media":0,"template":"","issues":[420,425],"companies":[],"regions":[358],"sectors":[483],"article_tags":[],"class_list":["post-175598","article","type-article","status-publish","hentry","issues-solidarity","issues-workers-rights","regions-zimbabwe","sectors-energy-oil-gas-electricity-and-nuclear"],"acf":[],"yoast_head":"<!-- This site is optimized with the Yoast SEO Premium plugin v27.1 (Yoast SEO v27.1) - https:\/\/yoast.com\/product\/yoast-seo-premium-wordpress\/ -->\n<title>La pr\u00e9sidente du ZEWU parmi les 135 travailleurs suspendus chez ZESA - industriall-union<\/title>\n<meta name=\"description\" content=\"Les membres du syndicat \u00e9taient l\u00e9gitimement m\u00e9contents du fait que ZESA n&rsquo;a tenu aucun compte de la convention collective conclue en janvier de\" \/>\n<meta name=\"robots\" content=\"index, follow, max-snippet:-1, max-image-preview:large, max-video-preview:-1\" \/>\n<link rel=\"canonical\" href=\"https:\/\/admin.industriall-union.org\/fr\/la-presidente-du-zewu-parmi-les-135-travailleurs-suspendus-chez-zesa\/\" \/>\n<meta property=\"og:locale\" content=\"fr_FR\" \/>\n<meta property=\"og:type\" content=\"article\" \/>\n<meta property=\"og:title\" content=\"La pr\u00e9sidente du ZEWU parmi les 135 travailleurs suspendus chez ZESA\" \/>\n<meta property=\"og:description\" content=\"Les membres du syndicat \u00e9taient l\u00e9gitimement m\u00e9contents du fait que ZESA n&rsquo;a tenu aucun compte de la convention collective conclue en janvier de\" \/>\n<meta property=\"og:url\" content=\"https:\/\/admin.industriall-union.org\/fr\/la-presidente-du-zewu-parmi-les-135-travailleurs-suspendus-chez-zesa\/\" \/>\n<meta property=\"og:site_name\" content=\"industriall-union\" \/>\n<meta property=\"article:modified_time\" content=\"2025-02-08T20:51:17+00:00\" \/>\n<meta name=\"twitter:card\" content=\"summary_large_image\" \/>\n<meta name=\"twitter:label1\" content=\"Est. reading time\" \/>\n\t<meta name=\"twitter:data1\" content=\"1 minute\" \/>\n<script type=\"application\/ld+json\" class=\"yoast-schema-graph\">{\"@context\":\"https:\/\/schema.org\",\"@graph\":[{\"@type\":\"WebPage\",\"@id\":\"https:\/\/admin.industriall-union.org\/fr\/la-presidente-du-zewu-parmi-les-135-travailleurs-suspendus-chez-zesa\/\",\"url\":\"https:\/\/admin.industriall-union.org\/fr\/la-presidente-du-zewu-parmi-les-135-travailleurs-suspendus-chez-zesa\/\",\"name\":\"La pr\u00e9sidente du ZEWU parmi les 135 travailleurs suspendus chez ZESA - industriall-union\",\"isPartOf\":{\"@id\":\"https:\/\/admin.industriall-union.org\/ru\/#website\"},\"datePublished\":\"2012-07-25T15:12:29+00:00\",\"dateModified\":\"2025-02-08T20:51:17+00:00\",\"description\":\"Les membres du syndicat \u00e9taient l\u00e9gitimement m\u00e9contents du fait que ZESA n&rsquo;a tenu aucun compte de la convention collective conclue en janvier de\",\"breadcrumb\":{\"@id\":\"https:\/\/admin.industriall-union.org\/fr\/la-presidente-du-zewu-parmi-les-135-travailleurs-suspendus-chez-zesa\/#breadcrumb\"},\"inLanguage\":\"fr-FR\",\"potentialAction\":[{\"@type\":\"ReadAction\",\"target\":[\"https:\/\/admin.industriall-union.org\/fr\/la-presidente-du-zewu-parmi-les-135-travailleurs-suspendus-chez-zesa\/\"]}]},{\"@type\":\"BreadcrumbList\",\"@id\":\"https:\/\/admin.industriall-union.org\/fr\/la-presidente-du-zewu-parmi-les-135-travailleurs-suspendus-chez-zesa\/#breadcrumb\",\"itemListElement\":[{\"@type\":\"ListItem\",\"position\":1,\"name\":\"Home\",\"item\":\"https:\/\/admin.industriall-union.org\/ru\/\"},{\"@type\":\"ListItem\",\"position\":2,\"name\":\"Articles\",\"item\":\"https:\/\/admin.industriall-union.org\/ru\/article\/\"},{\"@type\":\"ListItem\",\"position\":3,\"name\":\"La pr\u00e9sidente du ZEWU parmi les 135 travailleurs suspendus chez ZESA\"}]},{\"@type\":\"WebSite\",\"@id\":\"https:\/\/admin.industriall-union.org\/ru\/#website\",\"url\":\"https:\/\/admin.industriall-union.org\/ru\/\",\"name\":\"industriall-union\",\"description\":\"\",\"potentialAction\":[{\"@type\":\"SearchAction\",\"target\":{\"@type\":\"EntryPoint\",\"urlTemplate\":\"https:\/\/admin.industriall-union.org\/ru\/?s={search_term_string}\"},\"query-input\":{\"@type\":\"PropertyValueSpecification\",\"valueRequired\":true,\"valueName\":\"search_term_string\"}}],\"inLanguage\":\"fr-FR\"}]}<\/script>\n<!-- \/ Yoast SEO Premium plugin. -->","yoast_head_json":{"title":"La pr\u00e9sidente du ZEWU parmi les 135 travailleurs suspendus chez ZESA - industriall-union","description":"Les membres du syndicat \u00e9taient l\u00e9gitimement m\u00e9contents du fait que ZESA n&rsquo;a tenu aucun compte de la convention collective conclue en janvier de","robots":{"index":"index","follow":"follow","max-snippet":"max-snippet:-1","max-image-preview":"max-image-preview:large","max-video-preview":"max-video-preview:-1"},"canonical":"https:\/\/admin.industriall-union.org\/fr\/la-presidente-du-zewu-parmi-les-135-travailleurs-suspendus-chez-zesa\/","og_locale":"fr_FR","og_type":"article","og_title":"La pr\u00e9sidente du ZEWU parmi les 135 travailleurs suspendus chez ZESA","og_description":"Les membres du syndicat \u00e9taient l\u00e9gitimement m\u00e9contents du fait que ZESA n&rsquo;a tenu aucun compte de la convention collective conclue en janvier de","og_url":"https:\/\/admin.industriall-union.org\/fr\/la-presidente-du-zewu-parmi-les-135-travailleurs-suspendus-chez-zesa\/","og_site_name":"industriall-union","article_modified_time":"2025-02-08T20:51:17+00:00","twitter_card":"summary_large_image","twitter_misc":{"Est. reading time":"1 minute"},"schema":{"@context":"https:\/\/schema.org","@graph":[{"@type":"WebPage","@id":"https:\/\/admin.industriall-union.org\/fr\/la-presidente-du-zewu-parmi-les-135-travailleurs-suspendus-chez-zesa\/","url":"https:\/\/admin.industriall-union.org\/fr\/la-presidente-du-zewu-parmi-les-135-travailleurs-suspendus-chez-zesa\/","name":"La pr\u00e9sidente du ZEWU parmi les 135 travailleurs suspendus chez ZESA - industriall-union","isPartOf":{"@id":"https:\/\/admin.industriall-union.org\/ru\/#website"},"datePublished":"2012-07-25T15:12:29+00:00","dateModified":"2025-02-08T20:51:17+00:00","description":"Les membres du syndicat \u00e9taient l\u00e9gitimement m\u00e9contents du fait que ZESA n&rsquo;a tenu aucun compte de la convention collective conclue en janvier de","breadcrumb":{"@id":"https:\/\/admin.industriall-union.org\/fr\/la-presidente-du-zewu-parmi-les-135-travailleurs-suspendus-chez-zesa\/#breadcrumb"},"inLanguage":"fr-FR","potentialAction":[{"@type":"ReadAction","target":["https:\/\/admin.industriall-union.org\/fr\/la-presidente-du-zewu-parmi-les-135-travailleurs-suspendus-chez-zesa\/"]}]},{"@type":"BreadcrumbList","@id":"https:\/\/admin.industriall-union.org\/fr\/la-presidente-du-zewu-parmi-les-135-travailleurs-suspendus-chez-zesa\/#breadcrumb","itemListElement":[{"@type":"ListItem","position":1,"name":"Home","item":"https:\/\/admin.industriall-union.org\/ru\/"},{"@type":"ListItem","position":2,"name":"Articles","item":"https:\/\/admin.industriall-union.org\/ru\/article\/"},{"@type":"ListItem","position":3,"name":"La pr\u00e9sidente du ZEWU parmi les 135 travailleurs suspendus chez ZESA"}]},{"@type":"WebSite","@id":"https:\/\/admin.industriall-union.org\/ru\/#website","url":"https:\/\/admin.industriall-union.org\/ru\/","name":"industriall-union","description":"","potentialAction":[{"@type":"SearchAction","target":{"@type":"EntryPoint","urlTemplate":"https:\/\/admin.industriall-union.org\/ru\/?s={search_term_string}"},"query-input":{"@type":"PropertyValueSpecification","valueRequired":true,"valueName":"search_term_string"}}],"inLanguage":"fr-FR"}]}},"_links":{"self":[{"href":"https:\/\/admin.industriall-union.org\/fr\/wp-json\/wp\/v2\/article\/175598","targetHints":{"allow":["GET"]}}],"collection":[{"href":"https:\/\/admin.industriall-union.org\/fr\/wp-json\/wp\/v2\/article"}],"about":[{"href":"https:\/\/admin.industriall-union.org\/fr\/wp-json\/wp\/v2\/types\/article"}],"wp:attachment":[{"href":"https:\/\/admin.industriall-union.org\/fr\/wp-json\/wp\/v2\/media?parent=175598"}],"wp:term":[{"taxonomy":"issues","embeddable":true,"href":"https:\/\/admin.industriall-union.org\/fr\/wp-json\/wp\/v2\/issues?post=175598"},{"taxonomy":"companies","embeddable":true,"href":"https:\/\/admin.industriall-union.org\/fr\/wp-json\/wp\/v2\/companies?post=175598"},{"taxonomy":"regions","embeddable":true,"href":"https:\/\/admin.industriall-union.org\/fr\/wp-json\/wp\/v2\/regions?post=175598"},{"taxonomy":"sectors","embeddable":true,"href":"https:\/\/admin.industriall-union.org\/fr\/wp-json\/wp\/v2\/sectors?post=175598"},{"taxonomy":"article_tags","embeddable":true,"href":"https:\/\/admin.industriall-union.org\/fr\/wp-json\/wp\/v2\/article_tags?post=175598"}],"curies":[{"name":"wp","href":"https:\/\/api.w.org\/{rel}","templated":true}]}}