{"id":175582,"date":"2012-07-31T08:13:09","date_gmt":"2012-07-31T08:13:09","guid":{"rendered":"https:\/\/admin.industriall-union.org\/industriall-signe-un-acm-avec-siemens\/"},"modified":"2025-02-08T20:43:16","modified_gmt":"2025-02-08T20:43:16","slug":"industriall-signe-un-acm-avec-siemens","status":"publish","type":"article","link":"https:\/\/admin.industriall-union.org\/fr\/industriall-signe-un-acm-avec-siemens\/","title":{"rendered":"IndustriALL signe un ACM avec Siemens"},"content":{"rendered":"<p>Dans cet accord, Siemens s&rsquo;engage une fois de plus \u00e0 respecter les droits des travailleurs et travailleuses dans les domaines de l&rsquo;\u00e9galit\u00e9 des chances, de la libert\u00e9 syndicale et de la n\u00e9gociation collective.<\/p><p>&ldquo;Il est particuli\u00e8rement important pour les salari\u00e9s et les syndicats que les entreprises menant des activit\u00e9s au niveau mondial soutiennent les droits de la personne et les droits des travailleurs et travailleuses, et agissent en cons\u00e9quence&rdquo; a d\u00e9clar\u00e9 Berthold Huber, pr\u00e9sident de IG Metall et pr\u00e9sident de IndustriALL Global Union. &ldquo;Notre d\u00e9claration commune avec Siemens nous donne cette garantie&rdquo;.<\/p><p>L&rsquo;accord fait r\u00e9f\u00e9rence aux droits fondamentaux des travailleurs et travailleuses sp\u00e9cifi\u00e9s dans les conventions internationales, les normes fondamentales du travail de l&rsquo;Organisation internationale du Travail (OIT) et le Pacte mondial des Nations unies. Cela inclut, par exemple, l&rsquo;abolition du travail forc\u00e9, l&rsquo;interdiction de la discrimination et le principe d&rsquo;une \u00e9galit\u00e9 de traitement, l&rsquo;interdiction du travail des enfants et la fixation d&rsquo;un \u00e2ge minimum pour travailler, la libert\u00e9 syndicale et la n\u00e9gociation collective.<\/p><p>Jyrki Raina, secr\u00e9taire g\u00e9n\u00e9ral de IndustriALL Global Union, a d\u00e9clar\u00e9: &ldquo;L&rsquo;accord avec Siemens est l&rsquo;un des 40 accords conclus entre IndustriALL et des entreprises multinationales, pour fixer les normes que chaque entreprise est tenue de respecter envers ses salari\u00e9s et les syndicats dans le monde entier&rdquo;.<\/p><p>Lothar Adler, pr\u00e9sident du comit\u00e9 g\u00e9n\u00e9ral d&rsquo;entreprise de Siemens, a d\u00e9clar\u00e9 de son c\u00f4t\u00e9: &ldquo;Nous sommes partisans de conditions d&rsquo;emploi \u00e9quitables dans le monde. L&rsquo;accord met particuli\u00e8rement l&rsquo;accent sur les droits fondamentaux des salari\u00e9s de Siemens. Pour nous, les personnes passent avant les b\u00e9n\u00e9fices. La signature de cet accord donne la possibilit\u00e9 de continuer \u00e0 observer dans la pratique le droit de participer pour des conditions de travail \u00e9quitables&rdquo;.<\/p><p>Dans un communiqu\u00e9 de presse, Peter L\u00f6scher, directeur g\u00e9n\u00e9ral de Siemens, a affirm\u00e9 que cet accord est le r\u00e9sultat de la prise de conscience par Siemens AG de ses responsabilit\u00e9s envers son personnel, et montre les rapports de confiance entre l&rsquo;entreprise, le comit\u00e9 d&rsquo;entreprise et le syndicat.<\/p><p>Le texte de l&rsquo;accord-cadre international en allemand et en anglais se trouve sur le site de IndustriALL Global Union.<\/p>","protected":false},"featured_media":0,"template":"","issues":[407],"companies":[124],"regions":[219],"sectors":[490],"article_tags":[511],"class_list":["post-175582","article","type-article","status-publish","hentry","issues-global-framework-agreements","companies-siemens","regions-germany","sectors-ict-electrical-and-electronics","article_tags-industriall"],"acf":[],"yoast_head":"<!-- This site is optimized with the Yoast SEO Premium plugin v27.1 (Yoast SEO v27.1) - https:\/\/yoast.com\/product\/yoast-seo-premium-wordpress\/ -->\n<title>IndustriALL signe un ACM avec Siemens - industriall-union<\/title>\n<meta name=\"description\" content=\"Dans cet accord, Siemens s&rsquo;engage une fois de plus \u00e0 respecter les droits des travailleurs et travailleuses dans les domaines de l&rsquo;\u00e9galit\u00e9 des\" \/>\n<meta name=\"robots\" content=\"index, follow, max-snippet:-1, max-image-preview:large, max-video-preview:-1\" \/>\n<link rel=\"canonical\" href=\"https:\/\/admin.industriall-union.org\/fr\/industriall-signe-un-acm-avec-siemens\/\" \/>\n<meta property=\"og:locale\" content=\"fr_FR\" \/>\n<meta property=\"og:type\" content=\"article\" \/>\n<meta property=\"og:title\" content=\"IndustriALL signe un ACM avec Siemens\" \/>\n<meta property=\"og:description\" content=\"Dans cet accord, Siemens s&rsquo;engage une fois de plus \u00e0 respecter les droits des travailleurs et travailleuses dans les domaines de l&rsquo;\u00e9galit\u00e9 des\" \/>\n<meta property=\"og:url\" content=\"https:\/\/admin.industriall-union.org\/fr\/industriall-signe-un-acm-avec-siemens\/\" \/>\n<meta property=\"og:site_name\" content=\"industriall-union\" \/>\n<meta property=\"article:modified_time\" content=\"2025-02-08T20:43:16+00:00\" \/>\n<meta name=\"twitter:card\" content=\"summary_large_image\" \/>\n<meta name=\"twitter:label1\" content=\"Est. reading time\" \/>\n\t<meta name=\"twitter:data1\" content=\"2 minutes\" \/>\n<script type=\"application\/ld+json\" class=\"yoast-schema-graph\">{\"@context\":\"https:\/\/schema.org\",\"@graph\":[{\"@type\":\"WebPage\",\"@id\":\"https:\/\/admin.industriall-union.org\/fr\/industriall-signe-un-acm-avec-siemens\/\",\"url\":\"https:\/\/admin.industriall-union.org\/fr\/industriall-signe-un-acm-avec-siemens\/\",\"name\":\"IndustriALL signe un ACM avec Siemens - industriall-union\",\"isPartOf\":{\"@id\":\"https:\/\/admin.industriall-union.org\/ru\/#website\"},\"datePublished\":\"2012-07-31T08:13:09+00:00\",\"dateModified\":\"2025-02-08T20:43:16+00:00\",\"description\":\"Dans cet accord, Siemens s&rsquo;engage une fois de plus \u00e0 respecter les droits des travailleurs et travailleuses dans les domaines de l&rsquo;\u00e9galit\u00e9 des\",\"breadcrumb\":{\"@id\":\"https:\/\/admin.industriall-union.org\/fr\/industriall-signe-un-acm-avec-siemens\/#breadcrumb\"},\"inLanguage\":\"fr-FR\",\"potentialAction\":[{\"@type\":\"ReadAction\",\"target\":[\"https:\/\/admin.industriall-union.org\/fr\/industriall-signe-un-acm-avec-siemens\/\"]}]},{\"@type\":\"BreadcrumbList\",\"@id\":\"https:\/\/admin.industriall-union.org\/fr\/industriall-signe-un-acm-avec-siemens\/#breadcrumb\",\"itemListElement\":[{\"@type\":\"ListItem\",\"position\":1,\"name\":\"Home\",\"item\":\"https:\/\/admin.industriall-union.org\/ru\/\"},{\"@type\":\"ListItem\",\"position\":2,\"name\":\"Articles\",\"item\":\"https:\/\/admin.industriall-union.org\/ru\/article\/\"},{\"@type\":\"ListItem\",\"position\":3,\"name\":\"IndustriALL signe un ACM avec Siemens\"}]},{\"@type\":\"WebSite\",\"@id\":\"https:\/\/admin.industriall-union.org\/ru\/#website\",\"url\":\"https:\/\/admin.industriall-union.org\/ru\/\",\"name\":\"industriall-union\",\"description\":\"\",\"potentialAction\":[{\"@type\":\"SearchAction\",\"target\":{\"@type\":\"EntryPoint\",\"urlTemplate\":\"https:\/\/admin.industriall-union.org\/ru\/?s={search_term_string}\"},\"query-input\":{\"@type\":\"PropertyValueSpecification\",\"valueRequired\":true,\"valueName\":\"search_term_string\"}}],\"inLanguage\":\"fr-FR\"}]}<\/script>\n<!-- \/ Yoast SEO Premium plugin. -->","yoast_head_json":{"title":"IndustriALL signe un ACM avec Siemens - industriall-union","description":"Dans cet accord, Siemens s&rsquo;engage une fois de plus \u00e0 respecter les droits des travailleurs et travailleuses dans les domaines de l&rsquo;\u00e9galit\u00e9 des","robots":{"index":"index","follow":"follow","max-snippet":"max-snippet:-1","max-image-preview":"max-image-preview:large","max-video-preview":"max-video-preview:-1"},"canonical":"https:\/\/admin.industriall-union.org\/fr\/industriall-signe-un-acm-avec-siemens\/","og_locale":"fr_FR","og_type":"article","og_title":"IndustriALL signe un ACM avec Siemens","og_description":"Dans cet accord, Siemens s&rsquo;engage une fois de plus \u00e0 respecter les droits des travailleurs et travailleuses dans les domaines de l&rsquo;\u00e9galit\u00e9 des","og_url":"https:\/\/admin.industriall-union.org\/fr\/industriall-signe-un-acm-avec-siemens\/","og_site_name":"industriall-union","article_modified_time":"2025-02-08T20:43:16+00:00","twitter_card":"summary_large_image","twitter_misc":{"Est. reading time":"2 minutes"},"schema":{"@context":"https:\/\/schema.org","@graph":[{"@type":"WebPage","@id":"https:\/\/admin.industriall-union.org\/fr\/industriall-signe-un-acm-avec-siemens\/","url":"https:\/\/admin.industriall-union.org\/fr\/industriall-signe-un-acm-avec-siemens\/","name":"IndustriALL signe un ACM avec Siemens - industriall-union","isPartOf":{"@id":"https:\/\/admin.industriall-union.org\/ru\/#website"},"datePublished":"2012-07-31T08:13:09+00:00","dateModified":"2025-02-08T20:43:16+00:00","description":"Dans cet accord, Siemens s&rsquo;engage une fois de plus \u00e0 respecter les droits des travailleurs et travailleuses dans les domaines de l&rsquo;\u00e9galit\u00e9 des","breadcrumb":{"@id":"https:\/\/admin.industriall-union.org\/fr\/industriall-signe-un-acm-avec-siemens\/#breadcrumb"},"inLanguage":"fr-FR","potentialAction":[{"@type":"ReadAction","target":["https:\/\/admin.industriall-union.org\/fr\/industriall-signe-un-acm-avec-siemens\/"]}]},{"@type":"BreadcrumbList","@id":"https:\/\/admin.industriall-union.org\/fr\/industriall-signe-un-acm-avec-siemens\/#breadcrumb","itemListElement":[{"@type":"ListItem","position":1,"name":"Home","item":"https:\/\/admin.industriall-union.org\/ru\/"},{"@type":"ListItem","position":2,"name":"Articles","item":"https:\/\/admin.industriall-union.org\/ru\/article\/"},{"@type":"ListItem","position":3,"name":"IndustriALL signe un ACM avec Siemens"}]},{"@type":"WebSite","@id":"https:\/\/admin.industriall-union.org\/ru\/#website","url":"https:\/\/admin.industriall-union.org\/ru\/","name":"industriall-union","description":"","potentialAction":[{"@type":"SearchAction","target":{"@type":"EntryPoint","urlTemplate":"https:\/\/admin.industriall-union.org\/ru\/?s={search_term_string}"},"query-input":{"@type":"PropertyValueSpecification","valueRequired":true,"valueName":"search_term_string"}}],"inLanguage":"fr-FR"}]}},"_links":{"self":[{"href":"https:\/\/admin.industriall-union.org\/fr\/wp-json\/wp\/v2\/article\/175582","targetHints":{"allow":["GET"]}}],"collection":[{"href":"https:\/\/admin.industriall-union.org\/fr\/wp-json\/wp\/v2\/article"}],"about":[{"href":"https:\/\/admin.industriall-union.org\/fr\/wp-json\/wp\/v2\/types\/article"}],"wp:attachment":[{"href":"https:\/\/admin.industriall-union.org\/fr\/wp-json\/wp\/v2\/media?parent=175582"}],"wp:term":[{"taxonomy":"issues","embeddable":true,"href":"https:\/\/admin.industriall-union.org\/fr\/wp-json\/wp\/v2\/issues?post=175582"},{"taxonomy":"companies","embeddable":true,"href":"https:\/\/admin.industriall-union.org\/fr\/wp-json\/wp\/v2\/companies?post=175582"},{"taxonomy":"regions","embeddable":true,"href":"https:\/\/admin.industriall-union.org\/fr\/wp-json\/wp\/v2\/regions?post=175582"},{"taxonomy":"sectors","embeddable":true,"href":"https:\/\/admin.industriall-union.org\/fr\/wp-json\/wp\/v2\/sectors?post=175582"},{"taxonomy":"article_tags","embeddable":true,"href":"https:\/\/admin.industriall-union.org\/fr\/wp-json\/wp\/v2\/article_tags?post=175582"}],"curies":[{"name":"wp","href":"https:\/\/api.w.org\/{rel}","templated":true}]}}