{"id":175576,"date":"2012-08-08T09:06:24","date_gmt":"2012-08-08T09:06:24","guid":{"rendered":"https:\/\/admin.industriall-union.org\/un-contremaitre-tue-lors-d-une-protestation-a-la-mine-de-collum-en-zambie\/"},"modified":"2025-02-08T20:41:09","modified_gmt":"2025-02-08T20:41:09","slug":"un-contremaitre-tue-lors-d-une-protestation-a-la-mine-de-collum-en-zambie","status":"publish","type":"article","link":"https:\/\/admin.industriall-union.org\/fr\/un-contremaitre-tue-lors-d-une-protestation-a-la-mine-de-collum-en-zambie\/","title":{"rendered":"Un contrema\u00eetre tu\u00e9 lors d\u2019une protestation \u00e0 la mine de Collum en Zambie"},"content":{"rendered":"<p>Le secr\u00e9taire g\u00e9n\u00e9ral du syndicat des mineurs de Zambie (MUZ), Joseph Chewe, a d\u00e9clar\u00e9 que la faiblesse des salaires \u00e9tait un probl\u00e8me \u00e0 la mine, et que le syndicat avait n\u00e9goci\u00e9 avec la direction la semaine pr\u00e9c\u00e9dente une am\u00e9lioration des conditions de service et des salaires, en ajoutant qu&rsquo;il \u00e9tait regrettable que des travailleurs aient perdu patience.&nbsp;<\/p><p>L&rsquo;investissement chinois en Zambie se monte \u00e0 plus d&rsquo;un milliard d&rsquo;USD, mais les relations industrielles dans certaines entreprises chinoises ont amen\u00e9 des probl\u00e8mes, notamment dans le secteur minier. Un rapport publi\u00e9 en novembre 2011 par Human Rights Watch (HRW) fait \u00e9tat d&rsquo;abus continuels dans les mines exploit\u00e9es par des entreprises chinoises. &ldquo;L&rsquo;investissement de la Chine en Zambie, qui est important dans l&rsquo;industrie des mines de cuivre, peut b\u00e9n\u00e9ficier \u00e0 la fois aux Chinois et aux Zambiens&rdquo;, a d\u00e9clar\u00e9 Daniel Bekele, directeur africain de Human Rights Watch. &ldquo;Mais dans les entreprises contr\u00f4l\u00e9es par les Chinois, les mineurs sont soumis \u00e0 de mauvaises conditions de sant\u00e9, de s\u00e9curit\u00e9 et de travail, et souffrent depuis longtemps de l&rsquo;indiff\u00e9rence du gouvernement&rdquo;. &nbsp;<\/p><p>Les relations de travail \u00e0 la mine de Collum ont \u00e9t\u00e9 agit\u00e9es dans le pass\u00e9. En 2010, deux contrema\u00eetres chinois avaient tir\u00e9 et bless\u00e9 13 mineurs \u00e0 l&rsquo;occasion d&rsquo;une autre dispute sur les salaires.&nbsp;<\/p><p>Chewe a condamn\u00e9 la violence des travailleurs r\u00e9cemment \u00e0 Collum en ces termes: &quot;Nous condamnons les actes de violence car tous les probl\u00e8mes doivent \u00eatre r\u00e9solus par un dialogue autour d&rsquo;une table. La primaut\u00e9 du droit doit pr\u00e9valoir dans ce cas&rdquo;. La police a arr\u00eat\u00e9 12 travailleurs et une pr\u00e9sence polici\u00e8re restera \u00e0 la mine pendant un certain temps.<\/p>","protected":false},"featured_media":0,"template":"","issues":[403,402,422,424],"companies":[],"regions":[357],"sectors":[494],"article_tags":[],"class_list":["post-175576","article","type-article","status-publish","hentry","issues-convention-176-mine-safety","issues-health-and-safety","issues-human-trade-union-rights","issues-violation","regions-zambia","sectors-mining-and-dgojp"],"acf":[],"yoast_head":"<!-- This site is optimized with the Yoast SEO Premium plugin v27.1 (Yoast SEO v27.1) - https:\/\/yoast.com\/product\/yoast-seo-premium-wordpress\/ -->\n<title>Un contrema\u00eetre tu\u00e9 lors d\u2019une protestation \u00e0 la mine de Collum en Zambie - industriall-union<\/title>\n<meta name=\"description\" content=\"Le secr\u00e9taire g\u00e9n\u00e9ral du syndicat des mineurs de Zambie (MUZ), Joseph Chewe, a d\u00e9clar\u00e9 que la faiblesse des salaires \u00e9tait un probl\u00e8me \u00e0 la mine, et que\" \/>\n<meta name=\"robots\" content=\"index, follow, max-snippet:-1, max-image-preview:large, max-video-preview:-1\" \/>\n<link rel=\"canonical\" href=\"https:\/\/admin.industriall-union.org\/fr\/un-contremaitre-tue-lors-d-une-protestation-a-la-mine-de-collum-en-zambie\/\" \/>\n<meta property=\"og:locale\" content=\"fr_FR\" \/>\n<meta property=\"og:type\" content=\"article\" \/>\n<meta property=\"og:title\" content=\"Un contrema\u00eetre tu\u00e9 lors d\u2019une protestation \u00e0 la mine de Collum en Zambie\" \/>\n<meta property=\"og:description\" content=\"Le secr\u00e9taire g\u00e9n\u00e9ral du syndicat des mineurs de Zambie (MUZ), Joseph Chewe, a d\u00e9clar\u00e9 que la faiblesse des salaires \u00e9tait un probl\u00e8me \u00e0 la mine, et que\" \/>\n<meta property=\"og:url\" content=\"https:\/\/admin.industriall-union.org\/fr\/un-contremaitre-tue-lors-d-une-protestation-a-la-mine-de-collum-en-zambie\/\" \/>\n<meta property=\"og:site_name\" content=\"industriall-union\" \/>\n<meta property=\"article:modified_time\" content=\"2025-02-08T20:41:09+00:00\" \/>\n<meta name=\"twitter:card\" content=\"summary_large_image\" \/>\n<meta name=\"twitter:label1\" content=\"Est. reading time\" \/>\n\t<meta name=\"twitter:data1\" content=\"2 minutes\" \/>\n<script type=\"application\/ld+json\" class=\"yoast-schema-graph\">{\"@context\":\"https:\/\/schema.org\",\"@graph\":[{\"@type\":\"WebPage\",\"@id\":\"https:\/\/admin.industriall-union.org\/fr\/un-contremaitre-tue-lors-d-une-protestation-a-la-mine-de-collum-en-zambie\/\",\"url\":\"https:\/\/admin.industriall-union.org\/fr\/un-contremaitre-tue-lors-d-une-protestation-a-la-mine-de-collum-en-zambie\/\",\"name\":\"Un contrema\u00eetre tu\u00e9 lors d\u2019une protestation \u00e0 la mine de Collum en Zambie - industriall-union\",\"isPartOf\":{\"@id\":\"https:\/\/admin.industriall-union.org\/ru\/#website\"},\"datePublished\":\"2012-08-08T09:06:24+00:00\",\"dateModified\":\"2025-02-08T20:41:09+00:00\",\"description\":\"Le secr\u00e9taire g\u00e9n\u00e9ral du syndicat des mineurs de Zambie (MUZ), Joseph Chewe, a d\u00e9clar\u00e9 que la faiblesse des salaires \u00e9tait un probl\u00e8me \u00e0 la mine, et que\",\"breadcrumb\":{\"@id\":\"https:\/\/admin.industriall-union.org\/fr\/un-contremaitre-tue-lors-d-une-protestation-a-la-mine-de-collum-en-zambie\/#breadcrumb\"},\"inLanguage\":\"fr-FR\",\"potentialAction\":[{\"@type\":\"ReadAction\",\"target\":[\"https:\/\/admin.industriall-union.org\/fr\/un-contremaitre-tue-lors-d-une-protestation-a-la-mine-de-collum-en-zambie\/\"]}]},{\"@type\":\"BreadcrumbList\",\"@id\":\"https:\/\/admin.industriall-union.org\/fr\/un-contremaitre-tue-lors-d-une-protestation-a-la-mine-de-collum-en-zambie\/#breadcrumb\",\"itemListElement\":[{\"@type\":\"ListItem\",\"position\":1,\"name\":\"Home\",\"item\":\"https:\/\/admin.industriall-union.org\/ru\/\"},{\"@type\":\"ListItem\",\"position\":2,\"name\":\"Articles\",\"item\":\"https:\/\/admin.industriall-union.org\/ru\/article\/\"},{\"@type\":\"ListItem\",\"position\":3,\"name\":\"Un contrema\u00eetre tu\u00e9 lors d\u2019une protestation \u00e0 la mine de Collum en Zambie\"}]},{\"@type\":\"WebSite\",\"@id\":\"https:\/\/admin.industriall-union.org\/ru\/#website\",\"url\":\"https:\/\/admin.industriall-union.org\/ru\/\",\"name\":\"industriall-union\",\"description\":\"\",\"potentialAction\":[{\"@type\":\"SearchAction\",\"target\":{\"@type\":\"EntryPoint\",\"urlTemplate\":\"https:\/\/admin.industriall-union.org\/ru\/?s={search_term_string}\"},\"query-input\":{\"@type\":\"PropertyValueSpecification\",\"valueRequired\":true,\"valueName\":\"search_term_string\"}}],\"inLanguage\":\"fr-FR\"}]}<\/script>\n<!-- \/ Yoast SEO Premium plugin. -->","yoast_head_json":{"title":"Un contrema\u00eetre tu\u00e9 lors d\u2019une protestation \u00e0 la mine de Collum en Zambie - industriall-union","description":"Le secr\u00e9taire g\u00e9n\u00e9ral du syndicat des mineurs de Zambie (MUZ), Joseph Chewe, a d\u00e9clar\u00e9 que la faiblesse des salaires \u00e9tait un probl\u00e8me \u00e0 la mine, et que","robots":{"index":"index","follow":"follow","max-snippet":"max-snippet:-1","max-image-preview":"max-image-preview:large","max-video-preview":"max-video-preview:-1"},"canonical":"https:\/\/admin.industriall-union.org\/fr\/un-contremaitre-tue-lors-d-une-protestation-a-la-mine-de-collum-en-zambie\/","og_locale":"fr_FR","og_type":"article","og_title":"Un contrema\u00eetre tu\u00e9 lors d\u2019une protestation \u00e0 la mine de Collum en Zambie","og_description":"Le secr\u00e9taire g\u00e9n\u00e9ral du syndicat des mineurs de Zambie (MUZ), Joseph Chewe, a d\u00e9clar\u00e9 que la faiblesse des salaires \u00e9tait un probl\u00e8me \u00e0 la mine, et que","og_url":"https:\/\/admin.industriall-union.org\/fr\/un-contremaitre-tue-lors-d-une-protestation-a-la-mine-de-collum-en-zambie\/","og_site_name":"industriall-union","article_modified_time":"2025-02-08T20:41:09+00:00","twitter_card":"summary_large_image","twitter_misc":{"Est. reading time":"2 minutes"},"schema":{"@context":"https:\/\/schema.org","@graph":[{"@type":"WebPage","@id":"https:\/\/admin.industriall-union.org\/fr\/un-contremaitre-tue-lors-d-une-protestation-a-la-mine-de-collum-en-zambie\/","url":"https:\/\/admin.industriall-union.org\/fr\/un-contremaitre-tue-lors-d-une-protestation-a-la-mine-de-collum-en-zambie\/","name":"Un contrema\u00eetre tu\u00e9 lors d\u2019une protestation \u00e0 la mine de Collum en Zambie - industriall-union","isPartOf":{"@id":"https:\/\/admin.industriall-union.org\/ru\/#website"},"datePublished":"2012-08-08T09:06:24+00:00","dateModified":"2025-02-08T20:41:09+00:00","description":"Le secr\u00e9taire g\u00e9n\u00e9ral du syndicat des mineurs de Zambie (MUZ), Joseph Chewe, a d\u00e9clar\u00e9 que la faiblesse des salaires \u00e9tait un probl\u00e8me \u00e0 la mine, et que","breadcrumb":{"@id":"https:\/\/admin.industriall-union.org\/fr\/un-contremaitre-tue-lors-d-une-protestation-a-la-mine-de-collum-en-zambie\/#breadcrumb"},"inLanguage":"fr-FR","potentialAction":[{"@type":"ReadAction","target":["https:\/\/admin.industriall-union.org\/fr\/un-contremaitre-tue-lors-d-une-protestation-a-la-mine-de-collum-en-zambie\/"]}]},{"@type":"BreadcrumbList","@id":"https:\/\/admin.industriall-union.org\/fr\/un-contremaitre-tue-lors-d-une-protestation-a-la-mine-de-collum-en-zambie\/#breadcrumb","itemListElement":[{"@type":"ListItem","position":1,"name":"Home","item":"https:\/\/admin.industriall-union.org\/ru\/"},{"@type":"ListItem","position":2,"name":"Articles","item":"https:\/\/admin.industriall-union.org\/ru\/article\/"},{"@type":"ListItem","position":3,"name":"Un contrema\u00eetre tu\u00e9 lors d\u2019une protestation \u00e0 la mine de Collum en Zambie"}]},{"@type":"WebSite","@id":"https:\/\/admin.industriall-union.org\/ru\/#website","url":"https:\/\/admin.industriall-union.org\/ru\/","name":"industriall-union","description":"","potentialAction":[{"@type":"SearchAction","target":{"@type":"EntryPoint","urlTemplate":"https:\/\/admin.industriall-union.org\/ru\/?s={search_term_string}"},"query-input":{"@type":"PropertyValueSpecification","valueRequired":true,"valueName":"search_term_string"}}],"inLanguage":"fr-FR"}]}},"_links":{"self":[{"href":"https:\/\/admin.industriall-union.org\/fr\/wp-json\/wp\/v2\/article\/175576","targetHints":{"allow":["GET"]}}],"collection":[{"href":"https:\/\/admin.industriall-union.org\/fr\/wp-json\/wp\/v2\/article"}],"about":[{"href":"https:\/\/admin.industriall-union.org\/fr\/wp-json\/wp\/v2\/types\/article"}],"wp:attachment":[{"href":"https:\/\/admin.industriall-union.org\/fr\/wp-json\/wp\/v2\/media?parent=175576"}],"wp:term":[{"taxonomy":"issues","embeddable":true,"href":"https:\/\/admin.industriall-union.org\/fr\/wp-json\/wp\/v2\/issues?post=175576"},{"taxonomy":"companies","embeddable":true,"href":"https:\/\/admin.industriall-union.org\/fr\/wp-json\/wp\/v2\/companies?post=175576"},{"taxonomy":"regions","embeddable":true,"href":"https:\/\/admin.industriall-union.org\/fr\/wp-json\/wp\/v2\/regions?post=175576"},{"taxonomy":"sectors","embeddable":true,"href":"https:\/\/admin.industriall-union.org\/fr\/wp-json\/wp\/v2\/sectors?post=175576"},{"taxonomy":"article_tags","embeddable":true,"href":"https:\/\/admin.industriall-union.org\/fr\/wp-json\/wp\/v2\/article_tags?post=175576"}],"curies":[{"name":"wp","href":"https:\/\/api.w.org\/{rel}","templated":true}]}}