{"id":175574,"date":"2012-08-09T09:43:32","date_gmt":"2012-08-09T09:43:32","guid":{"rendered":"https:\/\/admin.industriall-union.org\/en-serbie-ier-nezavisnost-riposte-aux-attaques-chez-kronospan\/"},"modified":"2025-02-08T20:40:50","modified_gmt":"2025-02-08T20:40:50","slug":"en-serbie-ier-nezavisnost-riposte-aux-attaques-chez-kronospan","status":"publish","type":"article","link":"https:\/\/admin.industriall-union.org\/fr\/en-serbie-ier-nezavisnost-riposte-aux-attaques-chez-kronospan\/","title":{"rendered":"En Serbie, IER Nezavisnost riposte aux attaques chez Kronospan"},"content":{"rendered":"<p>IER Nezavisnost subit l&rsquo;animosit\u00e9 de la direction depuis qu&rsquo;il a syndiqu\u00e9, en avril 2010, les travailleurs et travailleuses de l&rsquo;usine Kronospan \u00e0 Lapovo en Serbie centrale. La direction de l&rsquo;usine a essay\u00e9 \u00e0 de nombreuses reprises de r\u00e9duire l&rsquo;influence syndicale, et a m\u00eame tent\u00e9 de chasser tout simplement le syndicat. Dix syndicalistes ont \u00e9t\u00e9 licenci\u00e9s le 29 juin dans le but d&rsquo;affaiblir le syndicat.<\/p><p>Le secr\u00e9taire g\u00e9n\u00e9ral de IndustriALL, Jyrki Raina, a envoy\u00e9 une lettre \u00e0 Kronospan pour protester contre les conditions de travail malsaines, les bas salaires des membres du syndicat, la dur\u00e9e excessive du travail, le non-paiement des cong\u00e9s de maladie et des heures suppl\u00e9mentaires, les pressions et tentatives d&rsquo;humiliation des membres du syndicat, et enfin contre le licenciement de syndicalistes.<\/p><p>Bien que la direction de Kronospan en Serbie soutienne que les licenciements ont \u00e9t\u00e9 d\u00e9cid\u00e9s pour des raisons \u00e9conomiques et pour assurer la bonne marche de l&rsquo;entreprise, IndustriALL relance la campagne alors que l&rsquo;usine augmente la production en allongeant la dur\u00e9e du travail post\u00e9 jusqu&rsquo;\u00e0 12 heures pour tenter d&rsquo;observer un soi-disant plan commercial ambitieux. Les dix personnes licenci\u00e9es, qui \u00e9taient toutes membres du syndicat, \u00e9taient employ\u00e9es \u00e0 la production. Ce licenciement massif r\u00e9duit de mani\u00e8re importante la force du syndicat et envoie un signal clair aux autres membres qui risquent de perdre leur emploi en restant au syndicat.<\/p><p>La tentative de Kronospan d&rsquo;obtenir des syndicalistes la fermeture du syndicat et de travailler directement avec la direction au sein du comit\u00e9 d&rsquo;entreprise est d\u00e9nonc\u00e9e avec documents \u00e0 l&rsquo;appui. L&rsquo;incapacit\u00e9 de la direction de permettre l&rsquo;\u00e9tablissement de la repr\u00e9sentativit\u00e9 du syndicat, obligation juridique pr\u00e9vue par la l\u00e9gislation du travail de Serbie, constitue une infraction importante. De m\u00eame, l&rsquo;incapacit\u00e9 de la direction de fournir un bureau et les \u00e9quipements n\u00e9cessaires aux r\u00e9unions et activit\u00e9s syndicales constitue une autre infraction. Les nombreuses n\u00e9gligences relev\u00e9e r\u00e9cemment par l&rsquo;inspection du travail dans l&rsquo;usine serviront de support aux poursuites judiciaires qui statueront, sans doute, en faveur des travailleurs et travailleuses.<\/p><p>IndustriALL Global Union demande instamment \u00e0 la direction de Kronospan de mettre fin \u00e0 cette politique et au mauvais traitement inflig\u00e9 aux salari\u00e9s, et se tient aux c\u00f4t\u00e9s de son affili\u00e9 qui pr\u00e9pare des poursuites judiciaires et autres m\u00e9thodes de r\u00e9sistance. Toutefois, afin d&rsquo;\u00e9viter que la direction ne prenne de nouvelles mesures, la campagne continue pour obtenir la r\u00e9int\u00e9gration des 10 personnes licenci\u00e9es et pour que IER Nezavisnost puisse entreprendre une n\u00e9gociation s\u00e9rieuse au niveau social \u00e0 Lapovo.<\/p>","protected":false},"featured_media":0,"template":"","issues":[424,425],"companies":[],"regions":[243],"sectors":[],"article_tags":[],"class_list":["post-175574","article","type-article","status-publish","hentry","issues-violation","issues-workers-rights","regions-serbia"],"acf":[],"yoast_head":"<!-- This site is optimized with the Yoast SEO Premium plugin v27.1 (Yoast SEO v27.1) - https:\/\/yoast.com\/product\/yoast-seo-premium-wordpress\/ -->\n<title>En Serbie, IER Nezavisnost riposte aux attaques chez Kronospan - industriall-union<\/title>\n<meta name=\"description\" content=\"IER Nezavisnost subit l&rsquo;animosit\u00e9 de la direction depuis qu&rsquo;il a syndiqu\u00e9, en avril 2010, les travailleurs et travailleuses de l&rsquo;usine\" \/>\n<meta name=\"robots\" content=\"index, follow, max-snippet:-1, max-image-preview:large, max-video-preview:-1\" \/>\n<link rel=\"canonical\" href=\"https:\/\/admin.industriall-union.org\/fr\/en-serbie-ier-nezavisnost-riposte-aux-attaques-chez-kronospan\/\" \/>\n<meta property=\"og:locale\" content=\"fr_FR\" \/>\n<meta property=\"og:type\" content=\"article\" \/>\n<meta property=\"og:title\" content=\"En Serbie, IER Nezavisnost riposte aux attaques chez Kronospan\" \/>\n<meta property=\"og:description\" content=\"IER Nezavisnost subit l&rsquo;animosit\u00e9 de la direction depuis qu&rsquo;il a syndiqu\u00e9, en avril 2010, les travailleurs et travailleuses de l&rsquo;usine\" \/>\n<meta property=\"og:url\" content=\"https:\/\/admin.industriall-union.org\/fr\/en-serbie-ier-nezavisnost-riposte-aux-attaques-chez-kronospan\/\" \/>\n<meta property=\"og:site_name\" content=\"industriall-union\" \/>\n<meta property=\"article:modified_time\" content=\"2025-02-08T20:40:50+00:00\" \/>\n<meta name=\"twitter:card\" content=\"summary_large_image\" \/>\n<meta name=\"twitter:label1\" content=\"Est. reading time\" \/>\n\t<meta name=\"twitter:data1\" content=\"2 minutes\" \/>\n<script type=\"application\/ld+json\" class=\"yoast-schema-graph\">{\"@context\":\"https:\/\/schema.org\",\"@graph\":[{\"@type\":\"WebPage\",\"@id\":\"https:\/\/admin.industriall-union.org\/fr\/en-serbie-ier-nezavisnost-riposte-aux-attaques-chez-kronospan\/\",\"url\":\"https:\/\/admin.industriall-union.org\/fr\/en-serbie-ier-nezavisnost-riposte-aux-attaques-chez-kronospan\/\",\"name\":\"En Serbie, IER Nezavisnost riposte aux attaques chez Kronospan - industriall-union\",\"isPartOf\":{\"@id\":\"https:\/\/admin.industriall-union.org\/ru\/#website\"},\"datePublished\":\"2012-08-09T09:43:32+00:00\",\"dateModified\":\"2025-02-08T20:40:50+00:00\",\"description\":\"IER Nezavisnost subit l&rsquo;animosit\u00e9 de la direction depuis qu&rsquo;il a syndiqu\u00e9, en avril 2010, les travailleurs et travailleuses de l&rsquo;usine\",\"breadcrumb\":{\"@id\":\"https:\/\/admin.industriall-union.org\/fr\/en-serbie-ier-nezavisnost-riposte-aux-attaques-chez-kronospan\/#breadcrumb\"},\"inLanguage\":\"fr-FR\",\"potentialAction\":[{\"@type\":\"ReadAction\",\"target\":[\"https:\/\/admin.industriall-union.org\/fr\/en-serbie-ier-nezavisnost-riposte-aux-attaques-chez-kronospan\/\"]}]},{\"@type\":\"BreadcrumbList\",\"@id\":\"https:\/\/admin.industriall-union.org\/fr\/en-serbie-ier-nezavisnost-riposte-aux-attaques-chez-kronospan\/#breadcrumb\",\"itemListElement\":[{\"@type\":\"ListItem\",\"position\":1,\"name\":\"Home\",\"item\":\"https:\/\/admin.industriall-union.org\/ru\/\"},{\"@type\":\"ListItem\",\"position\":2,\"name\":\"Articles\",\"item\":\"https:\/\/admin.industriall-union.org\/ru\/article\/\"},{\"@type\":\"ListItem\",\"position\":3,\"name\":\"En Serbie, IER Nezavisnost riposte aux attaques chez Kronospan\"}]},{\"@type\":\"WebSite\",\"@id\":\"https:\/\/admin.industriall-union.org\/ru\/#website\",\"url\":\"https:\/\/admin.industriall-union.org\/ru\/\",\"name\":\"industriall-union\",\"description\":\"\",\"potentialAction\":[{\"@type\":\"SearchAction\",\"target\":{\"@type\":\"EntryPoint\",\"urlTemplate\":\"https:\/\/admin.industriall-union.org\/ru\/?s={search_term_string}\"},\"query-input\":{\"@type\":\"PropertyValueSpecification\",\"valueRequired\":true,\"valueName\":\"search_term_string\"}}],\"inLanguage\":\"fr-FR\"}]}<\/script>\n<!-- \/ Yoast SEO Premium plugin. -->","yoast_head_json":{"title":"En Serbie, IER Nezavisnost riposte aux attaques chez Kronospan - industriall-union","description":"IER Nezavisnost subit l&rsquo;animosit\u00e9 de la direction depuis qu&rsquo;il a syndiqu\u00e9, en avril 2010, les travailleurs et travailleuses de l&rsquo;usine","robots":{"index":"index","follow":"follow","max-snippet":"max-snippet:-1","max-image-preview":"max-image-preview:large","max-video-preview":"max-video-preview:-1"},"canonical":"https:\/\/admin.industriall-union.org\/fr\/en-serbie-ier-nezavisnost-riposte-aux-attaques-chez-kronospan\/","og_locale":"fr_FR","og_type":"article","og_title":"En Serbie, IER Nezavisnost riposte aux attaques chez Kronospan","og_description":"IER Nezavisnost subit l&rsquo;animosit\u00e9 de la direction depuis qu&rsquo;il a syndiqu\u00e9, en avril 2010, les travailleurs et travailleuses de l&rsquo;usine","og_url":"https:\/\/admin.industriall-union.org\/fr\/en-serbie-ier-nezavisnost-riposte-aux-attaques-chez-kronospan\/","og_site_name":"industriall-union","article_modified_time":"2025-02-08T20:40:50+00:00","twitter_card":"summary_large_image","twitter_misc":{"Est. reading time":"2 minutes"},"schema":{"@context":"https:\/\/schema.org","@graph":[{"@type":"WebPage","@id":"https:\/\/admin.industriall-union.org\/fr\/en-serbie-ier-nezavisnost-riposte-aux-attaques-chez-kronospan\/","url":"https:\/\/admin.industriall-union.org\/fr\/en-serbie-ier-nezavisnost-riposte-aux-attaques-chez-kronospan\/","name":"En Serbie, IER Nezavisnost riposte aux attaques chez Kronospan - industriall-union","isPartOf":{"@id":"https:\/\/admin.industriall-union.org\/ru\/#website"},"datePublished":"2012-08-09T09:43:32+00:00","dateModified":"2025-02-08T20:40:50+00:00","description":"IER Nezavisnost subit l&rsquo;animosit\u00e9 de la direction depuis qu&rsquo;il a syndiqu\u00e9, en avril 2010, les travailleurs et travailleuses de l&rsquo;usine","breadcrumb":{"@id":"https:\/\/admin.industriall-union.org\/fr\/en-serbie-ier-nezavisnost-riposte-aux-attaques-chez-kronospan\/#breadcrumb"},"inLanguage":"fr-FR","potentialAction":[{"@type":"ReadAction","target":["https:\/\/admin.industriall-union.org\/fr\/en-serbie-ier-nezavisnost-riposte-aux-attaques-chez-kronospan\/"]}]},{"@type":"BreadcrumbList","@id":"https:\/\/admin.industriall-union.org\/fr\/en-serbie-ier-nezavisnost-riposte-aux-attaques-chez-kronospan\/#breadcrumb","itemListElement":[{"@type":"ListItem","position":1,"name":"Home","item":"https:\/\/admin.industriall-union.org\/ru\/"},{"@type":"ListItem","position":2,"name":"Articles","item":"https:\/\/admin.industriall-union.org\/ru\/article\/"},{"@type":"ListItem","position":3,"name":"En Serbie, IER Nezavisnost riposte aux attaques chez Kronospan"}]},{"@type":"WebSite","@id":"https:\/\/admin.industriall-union.org\/ru\/#website","url":"https:\/\/admin.industriall-union.org\/ru\/","name":"industriall-union","description":"","potentialAction":[{"@type":"SearchAction","target":{"@type":"EntryPoint","urlTemplate":"https:\/\/admin.industriall-union.org\/ru\/?s={search_term_string}"},"query-input":{"@type":"PropertyValueSpecification","valueRequired":true,"valueName":"search_term_string"}}],"inLanguage":"fr-FR"}]}},"_links":{"self":[{"href":"https:\/\/admin.industriall-union.org\/fr\/wp-json\/wp\/v2\/article\/175574","targetHints":{"allow":["GET"]}}],"collection":[{"href":"https:\/\/admin.industriall-union.org\/fr\/wp-json\/wp\/v2\/article"}],"about":[{"href":"https:\/\/admin.industriall-union.org\/fr\/wp-json\/wp\/v2\/types\/article"}],"wp:attachment":[{"href":"https:\/\/admin.industriall-union.org\/fr\/wp-json\/wp\/v2\/media?parent=175574"}],"wp:term":[{"taxonomy":"issues","embeddable":true,"href":"https:\/\/admin.industriall-union.org\/fr\/wp-json\/wp\/v2\/issues?post=175574"},{"taxonomy":"companies","embeddable":true,"href":"https:\/\/admin.industriall-union.org\/fr\/wp-json\/wp\/v2\/companies?post=175574"},{"taxonomy":"regions","embeddable":true,"href":"https:\/\/admin.industriall-union.org\/fr\/wp-json\/wp\/v2\/regions?post=175574"},{"taxonomy":"sectors","embeddable":true,"href":"https:\/\/admin.industriall-union.org\/fr\/wp-json\/wp\/v2\/sectors?post=175574"},{"taxonomy":"article_tags","embeddable":true,"href":"https:\/\/admin.industriall-union.org\/fr\/wp-json\/wp\/v2\/article_tags?post=175574"}],"curies":[{"name":"wp","href":"https:\/\/api.w.org\/{rel}","templated":true}]}}