{"id":175535,"date":"2012-08-22T08:38:47","date_gmt":"2012-08-22T08:38:47","guid":{"rendered":"https:\/\/admin.industriall-union.org\/justice-pour-les-travailleurs-coreens-de-hyundai-kia-motors\/"},"modified":"2025-02-08T20:26:48","modified_gmt":"2025-02-08T20:26:48","slug":"justice-pour-les-travailleurs-coreens-de-hyundai-kia-motors","status":"publish","type":"article","link":"https:\/\/admin.industriall-union.org\/fr\/justice-pour-les-travailleurs-coreens-de-hyundai-kia-motors\/","title":{"rendered":"Justice pour les travailleurs cor\u00e9ens de Hyundai Kia Motors"},"content":{"rendered":"<div><p>Mercredi 22 ao\u00fbt, le KMWU, affili\u00e9 \u00e0 IndustriALL Global Union, demande \u00e0 la communaut\u00e9 syndicale internationale d&rsquo;organiser des rassemblements et des actions revendicatives de soutien aux syndicats de Hyundai et de Kia Motors. IndustriALL demande aux affili\u00e9s de soutenir cet appel des travailleurs et travailleuses de l&rsquo;automobile en Cor\u00e9e, d&rsquo;organiser des rassemblements et de communiquer des informations et des photos sur les actions entreprises \u00e0: <a href=\"http:\/\/www.industriall-union.org\">http:\/\/kmwu-kctu.tumblr.com<\/a>.<\/p><p>Depuis juillet 2012, les travailleurs et travailleuses ont fait plusieurs gr\u00e8ves en Cor\u00e9e pour exiger que l&rsquo;entreprise augmente les salaires mensuels de 151.696 won (134 USD) et affecte 30 pour cent du b\u00e9n\u00e9fice net de l&rsquo;entreprise au m\u00e9canisme de primes bas\u00e9 sur le rendement.&nbsp;<\/p><p>Le syndicat demande de transformer les contrats d&rsquo;emploi pr\u00e9caire en emplois permanents, alors que jusqu&rsquo;\u00e0 maintenant, l&rsquo;entreprise offre des contrats graduellement permanents \u00e0 seulement 3.000 travailleurs et travailleuses d&rsquo;ici 2015 sur les 8.000 personnes internes \u00e0 l&rsquo;entreprise, employ\u00e9es actuellement en sous-traitance. Au d\u00e9but de cette ann\u00e9e, la Cour supr\u00eame de Cor\u00e9e a statu\u00e9 en faveur d&rsquo;une travailleur en sous-traitance de Hyundai Motor, dans un proc\u00e8s engag\u00e9 en 2005, en d\u00e9cidant que le travailleur devait b\u00e9n\u00e9ficier d&rsquo;un statut de salari\u00e9 permanent, \u00e9tablissant ainsi un pr\u00e9c\u00e9dent pour un changement de pratique dans l&rsquo;industrie automobile cor\u00e9enne qui utilise actuellement, sur une grande \u00e9chelle, une main-d&rsquo;\u0153uvre en sous-traitance pour soutirer de plus gros b\u00e9n\u00e9fices.<\/p><p>Le KMWU insiste \u00e9galement pour obtenir la suppression du travail post\u00e9 de nuit, en rempla\u00e7ant le syst\u00e8me actuel des \u00e9quipes de dix heures par des horaires plus courts, uniquement de jour, permettant ainsi \u00e0 tous les travailleurs et travailleuses de quitter les cha\u00eenes de production au plus tard \u00e0 minuit. Le travail de nuit et la dur\u00e9e excessive du travail impos\u00e9e par le syst\u00e8me actuel de travail en \u00e9quipe est la cause de troubles graves du sommeil et m\u00eame de d\u00e9c\u00e8s caus\u00e9s par un surmenage au travail, connu en Cor\u00e9e du nom de &ldquo;gwarosa&rdquo;.<\/p><p>Hyundai et Kia forment ensemble, par leurs ventes, le cinqui\u00e8me plus grand constructeur automobile au monde. Les deux entreprises ont enregistr\u00e9 de fortes ventes au premier semestre de cette ann\u00e9e, Hyundai parvenant \u00e0 obtenir une hausse de 11,5 pour cent des ventes depuis l&rsquo;ann\u00e9e derni\u00e8re et Kia c\u00e9l\u00e9brant un bond de 12 pour cent au premier semestre de cette ann\u00e9e par rapport \u00e0 la m\u00eame p\u00e9riode de l&rsquo;ann\u00e9e derni\u00e8re. Hyundai contr\u00f4le 34 pour cent de Kia Motors.<\/p><\/div><p>&nbsp;<\/p>","protected":false},"featured_media":0,"template":"","issues":[420,415,425],"companies":[],"regions":[170],"sectors":[482],"article_tags":[529],"class_list":["post-175535","article","type-article","status-publish","hentry","issues-solidarity","issues-stop-precarious-work","issues-workers-rights","regions-korea","sectors-automotive","article_tags-strike"],"acf":[],"yoast_head":"<!-- This site is optimized with the Yoast SEO Premium plugin v27.1 (Yoast SEO v27.1) - https:\/\/yoast.com\/product\/yoast-seo-premium-wordpress\/ -->\n<title>Justice pour les travailleurs cor\u00e9ens de Hyundai Kia Motors - industriall-union<\/title>\n<meta name=\"description\" content=\"Mercredi 22 ao\u00fbt, le KMWU, affili\u00e9 \u00e0 IndustriALL Global Union, demande \u00e0 la communaut\u00e9 syndicale internationale d&rsquo;organiser des rassemblements et\" \/>\n<meta name=\"robots\" content=\"index, follow, max-snippet:-1, max-image-preview:large, max-video-preview:-1\" \/>\n<link rel=\"canonical\" href=\"https:\/\/admin.industriall-union.org\/fr\/justice-pour-les-travailleurs-coreens-de-hyundai-kia-motors\/\" \/>\n<meta property=\"og:locale\" content=\"fr_FR\" \/>\n<meta property=\"og:type\" content=\"article\" \/>\n<meta property=\"og:title\" content=\"Justice pour les travailleurs cor\u00e9ens de Hyundai Kia Motors\" \/>\n<meta property=\"og:description\" content=\"Mercredi 22 ao\u00fbt, le KMWU, affili\u00e9 \u00e0 IndustriALL Global Union, demande \u00e0 la communaut\u00e9 syndicale internationale d&rsquo;organiser des rassemblements et\" \/>\n<meta property=\"og:url\" content=\"https:\/\/admin.industriall-union.org\/fr\/justice-pour-les-travailleurs-coreens-de-hyundai-kia-motors\/\" \/>\n<meta property=\"og:site_name\" content=\"industriall-union\" \/>\n<meta property=\"article:modified_time\" content=\"2025-02-08T20:26:48+00:00\" \/>\n<meta name=\"twitter:card\" content=\"summary_large_image\" \/>\n<meta name=\"twitter:label1\" content=\"Est. reading time\" \/>\n\t<meta name=\"twitter:data1\" content=\"2 minutes\" \/>\n<script type=\"application\/ld+json\" class=\"yoast-schema-graph\">{\"@context\":\"https:\/\/schema.org\",\"@graph\":[{\"@type\":\"WebPage\",\"@id\":\"https:\/\/admin.industriall-union.org\/fr\/justice-pour-les-travailleurs-coreens-de-hyundai-kia-motors\/\",\"url\":\"https:\/\/admin.industriall-union.org\/fr\/justice-pour-les-travailleurs-coreens-de-hyundai-kia-motors\/\",\"name\":\"Justice pour les travailleurs cor\u00e9ens de Hyundai Kia Motors - industriall-union\",\"isPartOf\":{\"@id\":\"https:\/\/admin.industriall-union.org\/#website\"},\"datePublished\":\"2012-08-22T08:38:47+00:00\",\"dateModified\":\"2025-02-08T20:26:48+00:00\",\"description\":\"Mercredi 22 ao\u00fbt, le KMWU, affili\u00e9 \u00e0 IndustriALL Global Union, demande \u00e0 la communaut\u00e9 syndicale internationale d&rsquo;organiser des rassemblements et\",\"breadcrumb\":{\"@id\":\"https:\/\/admin.industriall-union.org\/fr\/justice-pour-les-travailleurs-coreens-de-hyundai-kia-motors\/#breadcrumb\"},\"inLanguage\":\"fr-FR\",\"potentialAction\":[{\"@type\":\"ReadAction\",\"target\":[\"https:\/\/admin.industriall-union.org\/fr\/justice-pour-les-travailleurs-coreens-de-hyundai-kia-motors\/\"]}]},{\"@type\":\"BreadcrumbList\",\"@id\":\"https:\/\/admin.industriall-union.org\/fr\/justice-pour-les-travailleurs-coreens-de-hyundai-kia-motors\/#breadcrumb\",\"itemListElement\":[{\"@type\":\"ListItem\",\"position\":1,\"name\":\"Home\",\"item\":\"https:\/\/admin.industriall-union.org\/\"},{\"@type\":\"ListItem\",\"position\":2,\"name\":\"Articles\",\"item\":\"https:\/\/admin.industriall-union.org\/article\/\"},{\"@type\":\"ListItem\",\"position\":3,\"name\":\"Justice pour les travailleurs cor\u00e9ens de Hyundai Kia Motors\"}]},{\"@type\":\"WebSite\",\"@id\":\"https:\/\/admin.industriall-union.org\/#website\",\"url\":\"https:\/\/admin.industriall-union.org\/\",\"name\":\"industriall-union\",\"description\":\"\",\"potentialAction\":[{\"@type\":\"SearchAction\",\"target\":{\"@type\":\"EntryPoint\",\"urlTemplate\":\"https:\/\/admin.industriall-union.org\/?s={search_term_string}\"},\"query-input\":{\"@type\":\"PropertyValueSpecification\",\"valueRequired\":true,\"valueName\":\"search_term_string\"}}],\"inLanguage\":\"fr-FR\"}]}<\/script>\n<!-- \/ Yoast SEO Premium plugin. -->","yoast_head_json":{"title":"Justice pour les travailleurs cor\u00e9ens de Hyundai Kia Motors - industriall-union","description":"Mercredi 22 ao\u00fbt, le KMWU, affili\u00e9 \u00e0 IndustriALL Global Union, demande \u00e0 la communaut\u00e9 syndicale internationale d&rsquo;organiser des rassemblements et","robots":{"index":"index","follow":"follow","max-snippet":"max-snippet:-1","max-image-preview":"max-image-preview:large","max-video-preview":"max-video-preview:-1"},"canonical":"https:\/\/admin.industriall-union.org\/fr\/justice-pour-les-travailleurs-coreens-de-hyundai-kia-motors\/","og_locale":"fr_FR","og_type":"article","og_title":"Justice pour les travailleurs cor\u00e9ens de Hyundai Kia Motors","og_description":"Mercredi 22 ao\u00fbt, le KMWU, affili\u00e9 \u00e0 IndustriALL Global Union, demande \u00e0 la communaut\u00e9 syndicale internationale d&rsquo;organiser des rassemblements et","og_url":"https:\/\/admin.industriall-union.org\/fr\/justice-pour-les-travailleurs-coreens-de-hyundai-kia-motors\/","og_site_name":"industriall-union","article_modified_time":"2025-02-08T20:26:48+00:00","twitter_card":"summary_large_image","twitter_misc":{"Est. reading time":"2 minutes"},"schema":{"@context":"https:\/\/schema.org","@graph":[{"@type":"WebPage","@id":"https:\/\/admin.industriall-union.org\/fr\/justice-pour-les-travailleurs-coreens-de-hyundai-kia-motors\/","url":"https:\/\/admin.industriall-union.org\/fr\/justice-pour-les-travailleurs-coreens-de-hyundai-kia-motors\/","name":"Justice pour les travailleurs cor\u00e9ens de Hyundai Kia Motors - industriall-union","isPartOf":{"@id":"https:\/\/admin.industriall-union.org\/#website"},"datePublished":"2012-08-22T08:38:47+00:00","dateModified":"2025-02-08T20:26:48+00:00","description":"Mercredi 22 ao\u00fbt, le KMWU, affili\u00e9 \u00e0 IndustriALL Global Union, demande \u00e0 la communaut\u00e9 syndicale internationale d&rsquo;organiser des rassemblements et","breadcrumb":{"@id":"https:\/\/admin.industriall-union.org\/fr\/justice-pour-les-travailleurs-coreens-de-hyundai-kia-motors\/#breadcrumb"},"inLanguage":"fr-FR","potentialAction":[{"@type":"ReadAction","target":["https:\/\/admin.industriall-union.org\/fr\/justice-pour-les-travailleurs-coreens-de-hyundai-kia-motors\/"]}]},{"@type":"BreadcrumbList","@id":"https:\/\/admin.industriall-union.org\/fr\/justice-pour-les-travailleurs-coreens-de-hyundai-kia-motors\/#breadcrumb","itemListElement":[{"@type":"ListItem","position":1,"name":"Home","item":"https:\/\/admin.industriall-union.org\/"},{"@type":"ListItem","position":2,"name":"Articles","item":"https:\/\/admin.industriall-union.org\/article\/"},{"@type":"ListItem","position":3,"name":"Justice pour les travailleurs cor\u00e9ens de Hyundai Kia Motors"}]},{"@type":"WebSite","@id":"https:\/\/admin.industriall-union.org\/#website","url":"https:\/\/admin.industriall-union.org\/","name":"industriall-union","description":"","potentialAction":[{"@type":"SearchAction","target":{"@type":"EntryPoint","urlTemplate":"https:\/\/admin.industriall-union.org\/?s={search_term_string}"},"query-input":{"@type":"PropertyValueSpecification","valueRequired":true,"valueName":"search_term_string"}}],"inLanguage":"fr-FR"}]}},"_links":{"self":[{"href":"https:\/\/admin.industriall-union.org\/fr\/wp-json\/wp\/v2\/article\/175535","targetHints":{"allow":["GET"]}}],"collection":[{"href":"https:\/\/admin.industriall-union.org\/fr\/wp-json\/wp\/v2\/article"}],"about":[{"href":"https:\/\/admin.industriall-union.org\/fr\/wp-json\/wp\/v2\/types\/article"}],"wp:attachment":[{"href":"https:\/\/admin.industriall-union.org\/fr\/wp-json\/wp\/v2\/media?parent=175535"}],"wp:term":[{"taxonomy":"issues","embeddable":true,"href":"https:\/\/admin.industriall-union.org\/fr\/wp-json\/wp\/v2\/issues?post=175535"},{"taxonomy":"companies","embeddable":true,"href":"https:\/\/admin.industriall-union.org\/fr\/wp-json\/wp\/v2\/companies?post=175535"},{"taxonomy":"regions","embeddable":true,"href":"https:\/\/admin.industriall-union.org\/fr\/wp-json\/wp\/v2\/regions?post=175535"},{"taxonomy":"sectors","embeddable":true,"href":"https:\/\/admin.industriall-union.org\/fr\/wp-json\/wp\/v2\/sectors?post=175535"},{"taxonomy":"article_tags","embeddable":true,"href":"https:\/\/admin.industriall-union.org\/fr\/wp-json\/wp\/v2\/article_tags?post=175535"}],"curies":[{"name":"wp","href":"https:\/\/api.w.org\/{rel}","templated":true}]}}