{"id":175516,"date":"2012-08-30T12:31:55","date_gmt":"2012-08-30T12:31:55","guid":{"rendered":"https:\/\/admin.industriall-union.org\/plainte-des-syndicats-a-l-ocde-contre-pkc\/"},"modified":"2025-02-08T20:13:39","modified_gmt":"2025-02-08T20:13:39","slug":"plainte-des-syndicats-a-l-ocde-contre-pkc","status":"publish","type":"article","link":"https:\/\/admin.industriall-union.org\/fr\/plainte-des-syndicats-a-l-ocde-contre-pkc\/","title":{"rendered":"Plainte des syndicats \u00e0 l\u2019OCDE contre PKC"},"content":{"rendered":"<p>Les syndicats accusent PKC d&rsquo;infractions aux droits de son personnel \u00e0 Ciudad Acu\u00f1a, Mexique, qui produit du c\u00e2blage \u00e9lectrique pour des fabricants de voitures et de camions en Am\u00e9rique du Nord, parmi lesquels Ford, GM et Chrysler.<\/p><p>Le syndicat national des mineurs et des m\u00e9tallurgistes (SNTMMSSRM) a demand\u00e9 la tenue d&rsquo;\u00e9lections syndicales r\u00e9guli\u00e8res, et le droit \u00e0 la n\u00e9gociation collective dans l&rsquo;usine,&nbsp; (<a href=\"http:\/\/www.industriall-union.org\/industriall-calls-for-legal-and-fair-elections-at-pkc-mexico\">http:\/\/www.industriall-union.org\/industriall-calls-for-legal-and-fair-elections-at-pkc-mexico<\/a>) mais fait face \u00e0 une opposition continuelle et de plus en plus forte de l&rsquo;entreprise.<\/p><blockquote><p>PKC enfreint ouvertement et syst\u00e9matiquement le droit des travailleurs et travailleuses de choisir d\u00e9mocratiquement leurs repr\u00e9sentant(e)s syndicaux\/ales et de pouvoir n\u00e9gocier avec l&rsquo;employeur,<\/p><\/blockquote><p>a d\u00e9clar\u00e9 Jyrki Raina, secr\u00e9taire g\u00e9n\u00e9ral de IndustriALL.<\/p><p>Selon la plainte, au lieu de n\u00e9gocier avec le SNTMMSSRM, l&rsquo;entreprise a sign\u00e9 secr\u00e8tement un contrat avec un syndicat corrompu, affili\u00e9 \u00e0 la CTM (Confederaci\u00f3n de Trabajadores de M\u00e9xico), une organisation nationale li\u00e9e au Parti institutionnel r\u00e9volutionnaire.<\/p><p>&ldquo;Les travailleurs et travailleuses n&rsquo;ont jamais \u00e9t\u00e9 consult\u00e9s, il ne leur a pas \u00e9t\u00e9 donn\u00e9 l&rsquo;occasion de voter ou m\u00eame de se faire remettre une copie du contrat avec le syndicat&rdquo;, a d\u00e9clar\u00e9 Raina.&nbsp; &ldquo;Il s&rsquo;agit d&rsquo;infractions flagrantes aux normes internationales du travail&rdquo;.<\/p><p>Les services mexicains de la main-d&rsquo;\u0153uvre ont fix\u00e9 au 31 ao\u00fbt la date d&rsquo;une \u00e9lection dans les usines qui emploient environ 6.000 personnes. Toutefois, les travailleurs et travailleuses ont signal\u00e9 des tentatives g\u00e9n\u00e9rales d&rsquo;intimidation de la part de l&rsquo;entreprise, notamment des menaces de suppression de prestations, de licenciements et m\u00eame de fermeture de l&rsquo;usine. &ldquo;Malheureusement, on n&rsquo;a actuellement aucune garantie que cette \u00e9lection se d\u00e9roulera de fa\u00e7on r\u00e9guli\u00e8re&rdquo;, a d\u00e9clar\u00e9 Raina.<\/p><p>Les plaintes, qui portent sur des infractions aux principes directeurs de l&rsquo;OCDE \u00e0 l&rsquo;intention des entreprises multinationales, ont \u00e9t\u00e9 pr\u00e9sent\u00e9es aux points de contact nationaux de l&rsquo;OCDE en Finlande et au Mexique.&nbsp; Les syndicats finlandais qui ont pr\u00e9sent\u00e9 la plainte sont la f\u00e9d\u00e9ration des m\u00e9tallurgistes, le syndicat des ing\u00e9nieurs professionnels, et le syndicat Pro des employ\u00e9s administratifs. La plainte mexicaine a \u00e9t\u00e9 pr\u00e9sent\u00e9e par le SNTMMSSRM.<\/p><p>Le texte des plaintes se trouve en anglais, en espagnol et en finnois sur le site de IndustriALL:<\/p><p>Anglais:&nbsp;<a href=\"\/wp-content\/uploads\/documents\/PKC-Mexico\/pkc_oecd_queja_final_-_en.pdf\">http:\/\/www.industriall-union.org\/sites\/default\/files\/uploads\/documents\/P&#8230;<\/a><\/p><p>Espagnol:&nbsp;<a href=\"\/wp-content\/uploads\/documents\/PKC-Mexico\/pkc_oecd_queja_final_-_es.pdf\">http:\/\/www.industriall-union.org\/sites\/default\/files\/uploads\/documents\/P&#8230;<\/a><\/p><p>Finnois:&nbsp;<a href=\"\/wp-content\/uploads\/documents\/PKC-Mexico\/pkc_oecd_queja_final_-_fi.pdf%C2%A0\">http:\/\/www.industriall-union.org\/sites\/default\/files\/uploads\/documents\/P&#8230;<\/a><\/p>","protected":false},"featured_media":0,"template":"","issues":[425],"companies":[],"regions":[216,275],"sectors":[482],"article_tags":[511,517,521],"class_list":["post-175516","article","type-article","status-publish","hentry","issues-workers-rights","regions-finland","regions-mexico","sectors-automotive","article_tags-industriall","article_tags-oecd","article_tags-press-release"],"acf":[],"yoast_head":"<!-- This site is optimized with the Yoast SEO Premium plugin v27.1 (Yoast SEO v27.1) - https:\/\/yoast.com\/product\/yoast-seo-premium-wordpress\/ -->\n<title>Plainte des syndicats \u00e0 l\u2019OCDE contre PKC - industriall-union<\/title>\n<meta name=\"description\" content=\"Les syndicats accusent PKC d&rsquo;infractions aux droits de son personnel \u00e0 Ciudad Acu\u00f1a, Mexique, qui produit du c\u00e2blage \u00e9lectrique pour des fabricants\" \/>\n<meta name=\"robots\" content=\"index, follow, max-snippet:-1, max-image-preview:large, max-video-preview:-1\" \/>\n<link rel=\"canonical\" href=\"https:\/\/admin.industriall-union.org\/fr\/plainte-des-syndicats-a-l-ocde-contre-pkc\/\" \/>\n<meta property=\"og:locale\" content=\"fr_FR\" \/>\n<meta property=\"og:type\" content=\"article\" \/>\n<meta property=\"og:title\" content=\"Plainte des syndicats \u00e0 l\u2019OCDE contre PKC\" \/>\n<meta property=\"og:description\" content=\"Les syndicats accusent PKC d&rsquo;infractions aux droits de son personnel \u00e0 Ciudad Acu\u00f1a, Mexique, qui produit du c\u00e2blage \u00e9lectrique pour des fabricants\" \/>\n<meta property=\"og:url\" content=\"https:\/\/admin.industriall-union.org\/fr\/plainte-des-syndicats-a-l-ocde-contre-pkc\/\" \/>\n<meta property=\"og:site_name\" content=\"industriall-union\" \/>\n<meta property=\"article:modified_time\" content=\"2025-02-08T20:13:39+00:00\" \/>\n<meta name=\"twitter:card\" content=\"summary_large_image\" \/>\n<meta name=\"twitter:label1\" content=\"Est. reading time\" \/>\n\t<meta name=\"twitter:data1\" content=\"2 minutes\" \/>\n<script type=\"application\/ld+json\" class=\"yoast-schema-graph\">{\"@context\":\"https:\/\/schema.org\",\"@graph\":[{\"@type\":\"WebPage\",\"@id\":\"https:\/\/admin.industriall-union.org\/fr\/plainte-des-syndicats-a-l-ocde-contre-pkc\/\",\"url\":\"https:\/\/admin.industriall-union.org\/fr\/plainte-des-syndicats-a-l-ocde-contre-pkc\/\",\"name\":\"Plainte des syndicats \u00e0 l\u2019OCDE contre PKC - industriall-union\",\"isPartOf\":{\"@id\":\"https:\/\/admin.industriall-union.org\/#website\"},\"datePublished\":\"2012-08-30T12:31:55+00:00\",\"dateModified\":\"2025-02-08T20:13:39+00:00\",\"description\":\"Les syndicats accusent PKC d&rsquo;infractions aux droits de son personnel \u00e0 Ciudad Acu\u00f1a, Mexique, qui produit du c\u00e2blage \u00e9lectrique pour des fabricants\",\"breadcrumb\":{\"@id\":\"https:\/\/admin.industriall-union.org\/fr\/plainte-des-syndicats-a-l-ocde-contre-pkc\/#breadcrumb\"},\"inLanguage\":\"fr-FR\",\"potentialAction\":[{\"@type\":\"ReadAction\",\"target\":[\"https:\/\/admin.industriall-union.org\/fr\/plainte-des-syndicats-a-l-ocde-contre-pkc\/\"]}]},{\"@type\":\"BreadcrumbList\",\"@id\":\"https:\/\/admin.industriall-union.org\/fr\/plainte-des-syndicats-a-l-ocde-contre-pkc\/#breadcrumb\",\"itemListElement\":[{\"@type\":\"ListItem\",\"position\":1,\"name\":\"Home\",\"item\":\"https:\/\/admin.industriall-union.org\/\"},{\"@type\":\"ListItem\",\"position\":2,\"name\":\"Articles\",\"item\":\"https:\/\/admin.industriall-union.org\/article\/\"},{\"@type\":\"ListItem\",\"position\":3,\"name\":\"Plainte des syndicats \u00e0 l\u2019OCDE contre PKC\"}]},{\"@type\":\"WebSite\",\"@id\":\"https:\/\/admin.industriall-union.org\/#website\",\"url\":\"https:\/\/admin.industriall-union.org\/\",\"name\":\"industriall-union\",\"description\":\"\",\"potentialAction\":[{\"@type\":\"SearchAction\",\"target\":{\"@type\":\"EntryPoint\",\"urlTemplate\":\"https:\/\/admin.industriall-union.org\/?s={search_term_string}\"},\"query-input\":{\"@type\":\"PropertyValueSpecification\",\"valueRequired\":true,\"valueName\":\"search_term_string\"}}],\"inLanguage\":\"fr-FR\"}]}<\/script>\n<!-- \/ Yoast SEO Premium plugin. -->","yoast_head_json":{"title":"Plainte des syndicats \u00e0 l\u2019OCDE contre PKC - industriall-union","description":"Les syndicats accusent PKC d&rsquo;infractions aux droits de son personnel \u00e0 Ciudad Acu\u00f1a, Mexique, qui produit du c\u00e2blage \u00e9lectrique pour des fabricants","robots":{"index":"index","follow":"follow","max-snippet":"max-snippet:-1","max-image-preview":"max-image-preview:large","max-video-preview":"max-video-preview:-1"},"canonical":"https:\/\/admin.industriall-union.org\/fr\/plainte-des-syndicats-a-l-ocde-contre-pkc\/","og_locale":"fr_FR","og_type":"article","og_title":"Plainte des syndicats \u00e0 l\u2019OCDE contre PKC","og_description":"Les syndicats accusent PKC d&rsquo;infractions aux droits de son personnel \u00e0 Ciudad Acu\u00f1a, Mexique, qui produit du c\u00e2blage \u00e9lectrique pour des fabricants","og_url":"https:\/\/admin.industriall-union.org\/fr\/plainte-des-syndicats-a-l-ocde-contre-pkc\/","og_site_name":"industriall-union","article_modified_time":"2025-02-08T20:13:39+00:00","twitter_card":"summary_large_image","twitter_misc":{"Est. reading time":"2 minutes"},"schema":{"@context":"https:\/\/schema.org","@graph":[{"@type":"WebPage","@id":"https:\/\/admin.industriall-union.org\/fr\/plainte-des-syndicats-a-l-ocde-contre-pkc\/","url":"https:\/\/admin.industriall-union.org\/fr\/plainte-des-syndicats-a-l-ocde-contre-pkc\/","name":"Plainte des syndicats \u00e0 l\u2019OCDE contre PKC - industriall-union","isPartOf":{"@id":"https:\/\/admin.industriall-union.org\/#website"},"datePublished":"2012-08-30T12:31:55+00:00","dateModified":"2025-02-08T20:13:39+00:00","description":"Les syndicats accusent PKC d&rsquo;infractions aux droits de son personnel \u00e0 Ciudad Acu\u00f1a, Mexique, qui produit du c\u00e2blage \u00e9lectrique pour des fabricants","breadcrumb":{"@id":"https:\/\/admin.industriall-union.org\/fr\/plainte-des-syndicats-a-l-ocde-contre-pkc\/#breadcrumb"},"inLanguage":"fr-FR","potentialAction":[{"@type":"ReadAction","target":["https:\/\/admin.industriall-union.org\/fr\/plainte-des-syndicats-a-l-ocde-contre-pkc\/"]}]},{"@type":"BreadcrumbList","@id":"https:\/\/admin.industriall-union.org\/fr\/plainte-des-syndicats-a-l-ocde-contre-pkc\/#breadcrumb","itemListElement":[{"@type":"ListItem","position":1,"name":"Home","item":"https:\/\/admin.industriall-union.org\/"},{"@type":"ListItem","position":2,"name":"Articles","item":"https:\/\/admin.industriall-union.org\/article\/"},{"@type":"ListItem","position":3,"name":"Plainte des syndicats \u00e0 l\u2019OCDE contre PKC"}]},{"@type":"WebSite","@id":"https:\/\/admin.industriall-union.org\/#website","url":"https:\/\/admin.industriall-union.org\/","name":"industriall-union","description":"","potentialAction":[{"@type":"SearchAction","target":{"@type":"EntryPoint","urlTemplate":"https:\/\/admin.industriall-union.org\/?s={search_term_string}"},"query-input":{"@type":"PropertyValueSpecification","valueRequired":true,"valueName":"search_term_string"}}],"inLanguage":"fr-FR"}]}},"_links":{"self":[{"href":"https:\/\/admin.industriall-union.org\/fr\/wp-json\/wp\/v2\/article\/175516","targetHints":{"allow":["GET"]}}],"collection":[{"href":"https:\/\/admin.industriall-union.org\/fr\/wp-json\/wp\/v2\/article"}],"about":[{"href":"https:\/\/admin.industriall-union.org\/fr\/wp-json\/wp\/v2\/types\/article"}],"wp:attachment":[{"href":"https:\/\/admin.industriall-union.org\/fr\/wp-json\/wp\/v2\/media?parent=175516"}],"wp:term":[{"taxonomy":"issues","embeddable":true,"href":"https:\/\/admin.industriall-union.org\/fr\/wp-json\/wp\/v2\/issues?post=175516"},{"taxonomy":"companies","embeddable":true,"href":"https:\/\/admin.industriall-union.org\/fr\/wp-json\/wp\/v2\/companies?post=175516"},{"taxonomy":"regions","embeddable":true,"href":"https:\/\/admin.industriall-union.org\/fr\/wp-json\/wp\/v2\/regions?post=175516"},{"taxonomy":"sectors","embeddable":true,"href":"https:\/\/admin.industriall-union.org\/fr\/wp-json\/wp\/v2\/sectors?post=175516"},{"taxonomy":"article_tags","embeddable":true,"href":"https:\/\/admin.industriall-union.org\/fr\/wp-json\/wp\/v2\/article_tags?post=175516"}],"curies":[{"name":"wp","href":"https:\/\/api.w.org\/{rel}","templated":true}]}}