{"id":175444,"date":"2012-09-13T14:18:13","date_gmt":"2012-09-13T14:18:13","guid":{"rendered":"https:\/\/admin.industriall-union.org\/creation-d-un-comite-sintrametal-dans-une-usine-gerdau-diaco-muna-a-sibate\/"},"modified":"2025-02-08T19:52:01","modified_gmt":"2025-02-08T19:52:01","slug":"creation-d-un-comite-sintrametal-dans-une-usine-gerdau-diaco-muna-a-sibate","status":"publish","type":"article","link":"https:\/\/admin.industriall-union.org\/fr\/creation-d-un-comite-sintrametal-dans-une-usine-gerdau-diaco-muna-a-sibate\/","title":{"rendered":"Cr\u00e9ation d\u2019un comit\u00e9 Sintrametal dans une usine Gerdau Diaco Mu\u00f1a \u00e0 Sibat\u00e9"},"content":{"rendered":"<p>Apr\u00e8s les licenciements massifs op\u00e9r\u00e9s par Gerdau Diaco dans les usines situ\u00e9es \u00e0 Mu\u00f1a et \u00e0 Tocancip\u00e1 en Colombie, un groupe de travailleurs et travailleuses qui n&rsquo;a pas \u00e9t\u00e9 licenci\u00e9 a adh\u00e9r\u00e9 au syndicat Sintrametal, qui repr\u00e9sente les travailleurs et travailleuses des autres aci\u00e9ries Gerdau Diaco \u00e0 Duitama et \u00e0 Tuta dans le d\u00e9partement de Bocay\u00e1, et \u00e0 Cota, ville du d\u00e9partement de Cundinamarca. Sintrametal est affili\u00e9 \u00e0 UTRAMMICOL, organisation syndicale elle-m\u00eame affili\u00e9e \u00e0 IndustriALL Global Union.<\/p><p>La semaine derni\u00e8re, des travailleurs et travailleuses \u00e0 l&rsquo;usine de Mu\u00f1a ont organis\u00e9 une r\u00e9union sur la syndicalisation dans le but d&rsquo;assurer la d\u00e9fense de l&rsquo;emploi et des salaires, et la couverture sociale de leurs familles. La r\u00e9union b\u00e9n\u00e9ficiait du soutien du pr\u00e9sident et du vice-pr\u00e9sident de la section Sintrametal \u00e0 Cota, respectivement Esteban Gonzalez et Nelson Chac\u00f3n, et du juriste et historien&nbsp; C\u00e9sar A. Luque, qui a travaill\u00e9 durant des ann\u00e9es aux services \u00e9ducation et conseil juridique du syndicat.<\/p><p>La r\u00e9union a donn\u00e9 lieu \u00e0 la cr\u00e9ation d&rsquo;un comit\u00e9 Sintrametal \u00e0 Sibat\u00e9, et a permis ensuite de remettre la documentation n\u00e9cessaire au minist\u00e8re du Travail et \u00e0 Gerdau Diaco. Le syndicat a affirm\u00e9 que les responsables de l&rsquo;usine tentaient de r\u00e9primer la r\u00e9cente vague de syndicalisation qui, selon eux, allait compromettre la confiance entre la main-d&rsquo;\u0153uvre et les cadres de l&rsquo;entreprise.<\/p><p>Jos\u00e9 Edilberto Vallejo Madrigal et Ra\u00fal Hernando Acosta Herrera ont \u00e9t\u00e9 \u00e9lus repr\u00e9sentants du comit\u00e9 et porte-parole du groupe, charg\u00e9s d&rsquo;obtenir un soutien \u00e0 la nouvelle organisation.<\/p><p>Les travailleurs et travailleuses de l&rsquo;usine Mu\u00f1a \u00e0 Sibat\u00e9 ont re\u00e7u le soutien de coll\u00e8gues dans des usines \u00e0 Cota, Tuta et Duitama.<\/p><p>Jorge Almeida, repr\u00e9sentant r\u00e9gional de IndustriALL Global Union, a f\u00e9licit\u00e9 les travailleurs et travailleuses pour la cr\u00e9ation du comit\u00e9 \u00e0 l&rsquo;usine de Mu\u00f1a, et d\u00e9clar\u00e9 &ldquo;qu&rsquo;en tant que syndicat mondial dans le secteur industriel, nous suivrons de pr\u00e8s la situation aux usines Diaco Gerdau et offrirons notre soutien et notre solidarit\u00e9 pour aider les travailleurs et travailleuses qui ont \u00e9t\u00e9 touch\u00e9s&rdquo;.&nbsp;<\/p>","protected":false},"featured_media":0,"template":"","issues":[],"companies":[59],"regions":[264],"sectors":[481],"article_tags":[],"class_list":["post-175444","article","type-article","status-publish","hentry","companies-gerdau","regions-colombia","sectors-base-metals"],"acf":[],"yoast_head":"<!-- This site is optimized with the Yoast SEO Premium plugin v27.1 (Yoast SEO v27.1) - https:\/\/yoast.com\/product\/yoast-seo-premium-wordpress\/ -->\n<title>Cr\u00e9ation d\u2019un comit\u00e9 Sintrametal dans une usine Gerdau Diaco Mu\u00f1a \u00e0 Sibat\u00e9 - industriall-union<\/title>\n<meta name=\"description\" content=\"Apr\u00e8s les licenciements massifs op\u00e9r\u00e9s par Gerdau Diaco dans les usines situ\u00e9es \u00e0 Mu\u00f1a et \u00e0 Tocancip\u00e1 en Colombie, un groupe de travailleurs et\" \/>\n<meta name=\"robots\" content=\"index, follow, max-snippet:-1, max-image-preview:large, max-video-preview:-1\" \/>\n<link rel=\"canonical\" href=\"https:\/\/admin.industriall-union.org\/fr\/creation-d-un-comite-sintrametal-dans-une-usine-gerdau-diaco-muna-a-sibate\/\" \/>\n<meta property=\"og:locale\" content=\"fr_FR\" \/>\n<meta property=\"og:type\" content=\"article\" \/>\n<meta property=\"og:title\" content=\"Cr\u00e9ation d\u2019un comit\u00e9 Sintrametal dans une usine Gerdau Diaco Mu\u00f1a \u00e0 Sibat\u00e9\" \/>\n<meta property=\"og:description\" content=\"Apr\u00e8s les licenciements massifs op\u00e9r\u00e9s par Gerdau Diaco dans les usines situ\u00e9es \u00e0 Mu\u00f1a et \u00e0 Tocancip\u00e1 en Colombie, un groupe de travailleurs et\" \/>\n<meta property=\"og:url\" content=\"https:\/\/admin.industriall-union.org\/fr\/creation-d-un-comite-sintrametal-dans-une-usine-gerdau-diaco-muna-a-sibate\/\" \/>\n<meta property=\"og:site_name\" content=\"industriall-union\" \/>\n<meta property=\"article:modified_time\" content=\"2025-02-08T19:52:01+00:00\" \/>\n<meta name=\"twitter:card\" content=\"summary_large_image\" \/>\n<meta name=\"twitter:label1\" content=\"Est. reading time\" \/>\n\t<meta name=\"twitter:data1\" content=\"2 minutes\" \/>\n<script type=\"application\/ld+json\" class=\"yoast-schema-graph\">{\"@context\":\"https:\/\/schema.org\",\"@graph\":[{\"@type\":\"WebPage\",\"@id\":\"https:\/\/admin.industriall-union.org\/fr\/creation-d-un-comite-sintrametal-dans-une-usine-gerdau-diaco-muna-a-sibate\/\",\"url\":\"https:\/\/admin.industriall-union.org\/fr\/creation-d-un-comite-sintrametal-dans-une-usine-gerdau-diaco-muna-a-sibate\/\",\"name\":\"Cr\u00e9ation d\u2019un comit\u00e9 Sintrametal dans une usine Gerdau Diaco Mu\u00f1a \u00e0 Sibat\u00e9 - industriall-union\",\"isPartOf\":{\"@id\":\"https:\/\/admin.industriall-union.org\/#website\"},\"datePublished\":\"2012-09-13T14:18:13+00:00\",\"dateModified\":\"2025-02-08T19:52:01+00:00\",\"description\":\"Apr\u00e8s les licenciements massifs op\u00e9r\u00e9s par Gerdau Diaco dans les usines situ\u00e9es \u00e0 Mu\u00f1a et \u00e0 Tocancip\u00e1 en Colombie, un groupe de travailleurs et\",\"breadcrumb\":{\"@id\":\"https:\/\/admin.industriall-union.org\/fr\/creation-d-un-comite-sintrametal-dans-une-usine-gerdau-diaco-muna-a-sibate\/#breadcrumb\"},\"inLanguage\":\"fr-FR\",\"potentialAction\":[{\"@type\":\"ReadAction\",\"target\":[\"https:\/\/admin.industriall-union.org\/fr\/creation-d-un-comite-sintrametal-dans-une-usine-gerdau-diaco-muna-a-sibate\/\"]}]},{\"@type\":\"BreadcrumbList\",\"@id\":\"https:\/\/admin.industriall-union.org\/fr\/creation-d-un-comite-sintrametal-dans-une-usine-gerdau-diaco-muna-a-sibate\/#breadcrumb\",\"itemListElement\":[{\"@type\":\"ListItem\",\"position\":1,\"name\":\"Home\",\"item\":\"https:\/\/admin.industriall-union.org\/\"},{\"@type\":\"ListItem\",\"position\":2,\"name\":\"Articles\",\"item\":\"https:\/\/admin.industriall-union.org\/article\/\"},{\"@type\":\"ListItem\",\"position\":3,\"name\":\"Cr\u00e9ation d\u2019un comit\u00e9 Sintrametal dans une usine Gerdau Diaco Mu\u00f1a \u00e0 Sibat\u00e9\"}]},{\"@type\":\"WebSite\",\"@id\":\"https:\/\/admin.industriall-union.org\/#website\",\"url\":\"https:\/\/admin.industriall-union.org\/\",\"name\":\"industriall-union\",\"description\":\"\",\"potentialAction\":[{\"@type\":\"SearchAction\",\"target\":{\"@type\":\"EntryPoint\",\"urlTemplate\":\"https:\/\/admin.industriall-union.org\/?s={search_term_string}\"},\"query-input\":{\"@type\":\"PropertyValueSpecification\",\"valueRequired\":true,\"valueName\":\"search_term_string\"}}],\"inLanguage\":\"fr-FR\"}]}<\/script>\n<!-- \/ Yoast SEO Premium plugin. -->","yoast_head_json":{"title":"Cr\u00e9ation d\u2019un comit\u00e9 Sintrametal dans une usine Gerdau Diaco Mu\u00f1a \u00e0 Sibat\u00e9 - industriall-union","description":"Apr\u00e8s les licenciements massifs op\u00e9r\u00e9s par Gerdau Diaco dans les usines situ\u00e9es \u00e0 Mu\u00f1a et \u00e0 Tocancip\u00e1 en Colombie, un groupe de travailleurs et","robots":{"index":"index","follow":"follow","max-snippet":"max-snippet:-1","max-image-preview":"max-image-preview:large","max-video-preview":"max-video-preview:-1"},"canonical":"https:\/\/admin.industriall-union.org\/fr\/creation-d-un-comite-sintrametal-dans-une-usine-gerdau-diaco-muna-a-sibate\/","og_locale":"fr_FR","og_type":"article","og_title":"Cr\u00e9ation d\u2019un comit\u00e9 Sintrametal dans une usine Gerdau Diaco Mu\u00f1a \u00e0 Sibat\u00e9","og_description":"Apr\u00e8s les licenciements massifs op\u00e9r\u00e9s par Gerdau Diaco dans les usines situ\u00e9es \u00e0 Mu\u00f1a et \u00e0 Tocancip\u00e1 en Colombie, un groupe de travailleurs et","og_url":"https:\/\/admin.industriall-union.org\/fr\/creation-d-un-comite-sintrametal-dans-une-usine-gerdau-diaco-muna-a-sibate\/","og_site_name":"industriall-union","article_modified_time":"2025-02-08T19:52:01+00:00","twitter_card":"summary_large_image","twitter_misc":{"Est. reading time":"2 minutes"},"schema":{"@context":"https:\/\/schema.org","@graph":[{"@type":"WebPage","@id":"https:\/\/admin.industriall-union.org\/fr\/creation-d-un-comite-sintrametal-dans-une-usine-gerdau-diaco-muna-a-sibate\/","url":"https:\/\/admin.industriall-union.org\/fr\/creation-d-un-comite-sintrametal-dans-une-usine-gerdau-diaco-muna-a-sibate\/","name":"Cr\u00e9ation d\u2019un comit\u00e9 Sintrametal dans une usine Gerdau Diaco Mu\u00f1a \u00e0 Sibat\u00e9 - industriall-union","isPartOf":{"@id":"https:\/\/admin.industriall-union.org\/#website"},"datePublished":"2012-09-13T14:18:13+00:00","dateModified":"2025-02-08T19:52:01+00:00","description":"Apr\u00e8s les licenciements massifs op\u00e9r\u00e9s par Gerdau Diaco dans les usines situ\u00e9es \u00e0 Mu\u00f1a et \u00e0 Tocancip\u00e1 en Colombie, un groupe de travailleurs et","breadcrumb":{"@id":"https:\/\/admin.industriall-union.org\/fr\/creation-d-un-comite-sintrametal-dans-une-usine-gerdau-diaco-muna-a-sibate\/#breadcrumb"},"inLanguage":"fr-FR","potentialAction":[{"@type":"ReadAction","target":["https:\/\/admin.industriall-union.org\/fr\/creation-d-un-comite-sintrametal-dans-une-usine-gerdau-diaco-muna-a-sibate\/"]}]},{"@type":"BreadcrumbList","@id":"https:\/\/admin.industriall-union.org\/fr\/creation-d-un-comite-sintrametal-dans-une-usine-gerdau-diaco-muna-a-sibate\/#breadcrumb","itemListElement":[{"@type":"ListItem","position":1,"name":"Home","item":"https:\/\/admin.industriall-union.org\/"},{"@type":"ListItem","position":2,"name":"Articles","item":"https:\/\/admin.industriall-union.org\/article\/"},{"@type":"ListItem","position":3,"name":"Cr\u00e9ation d\u2019un comit\u00e9 Sintrametal dans une usine Gerdau Diaco Mu\u00f1a \u00e0 Sibat\u00e9"}]},{"@type":"WebSite","@id":"https:\/\/admin.industriall-union.org\/#website","url":"https:\/\/admin.industriall-union.org\/","name":"industriall-union","description":"","potentialAction":[{"@type":"SearchAction","target":{"@type":"EntryPoint","urlTemplate":"https:\/\/admin.industriall-union.org\/?s={search_term_string}"},"query-input":{"@type":"PropertyValueSpecification","valueRequired":true,"valueName":"search_term_string"}}],"inLanguage":"fr-FR"}]}},"_links":{"self":[{"href":"https:\/\/admin.industriall-union.org\/fr\/wp-json\/wp\/v2\/article\/175444","targetHints":{"allow":["GET"]}}],"collection":[{"href":"https:\/\/admin.industriall-union.org\/fr\/wp-json\/wp\/v2\/article"}],"about":[{"href":"https:\/\/admin.industriall-union.org\/fr\/wp-json\/wp\/v2\/types\/article"}],"wp:attachment":[{"href":"https:\/\/admin.industriall-union.org\/fr\/wp-json\/wp\/v2\/media?parent=175444"}],"wp:term":[{"taxonomy":"issues","embeddable":true,"href":"https:\/\/admin.industriall-union.org\/fr\/wp-json\/wp\/v2\/issues?post=175444"},{"taxonomy":"companies","embeddable":true,"href":"https:\/\/admin.industriall-union.org\/fr\/wp-json\/wp\/v2\/companies?post=175444"},{"taxonomy":"regions","embeddable":true,"href":"https:\/\/admin.industriall-union.org\/fr\/wp-json\/wp\/v2\/regions?post=175444"},{"taxonomy":"sectors","embeddable":true,"href":"https:\/\/admin.industriall-union.org\/fr\/wp-json\/wp\/v2\/sectors?post=175444"},{"taxonomy":"article_tags","embeddable":true,"href":"https:\/\/admin.industriall-union.org\/fr\/wp-json\/wp\/v2\/article_tags?post=175444"}],"curies":[{"name":"wp","href":"https:\/\/api.w.org\/{rel}","templated":true}]}}