{"id":175412,"date":"2012-09-20T10:20:09","date_gmt":"2012-09-20T10:20:09","guid":{"rendered":"https:\/\/admin.industriall-union.org\/accord-salarial-a-lonmin-mais-le-malaise-social-persiste-dans-le-secteur-minier-en-afrique-du-sud\/"},"modified":"2025-02-08T19:38:29","modified_gmt":"2025-02-08T19:38:29","slug":"accord-salarial-a-lonmin-mais-le-malaise-social-persiste-dans-le-secteur-minier-en-afrique-du-sud","status":"publish","type":"article","link":"https:\/\/admin.industriall-union.org\/fr\/accord-salarial-a-lonmin-mais-le-malaise-social-persiste-dans-le-secteur-minier-en-afrique-du-sud\/","title":{"rendered":"Accord salarial \u00e0 Lonmin mais le malaise social persiste dans le secteur minier en Afrique du Sud"},"content":{"rendered":"<p>Un accord sur les salaires a \u00e9t\u00e9 conclu apr\u00e8s un mois de n\u00e9gociations tendues et la lutte men\u00e9e en continu par les travailleurs apr\u00e8s la tuerie par la police de 34 mineurs en gr\u00e8ve \u00e0 Lonmin le 16 ao\u00fbt. Les mineurs charg\u00e9s de l&rsquo;abattage au marteau-piqueur, dont les revendications pour un salaire mensuel de 12.500 rands \u00e9taient au centre de la gr\u00e8ve, vont maintenant recevoir 11.078 rands, soit une hausse de 22 pour cent, ainsi qu&rsquo;une prime unique \u00e0 la reprise du travail.<\/p><p>L&rsquo;accord qui va sans doute cr\u00e9er un pr\u00e9c\u00e9dent dans les revendications salariales et \u00e9tablir une nouvelle r\u00e9f\u00e9rence pour les salaires dans le secteur, pourrait avoir des r\u00e9percutions possibles sur l&rsquo;agitation sociale dans le secteur minier. D\u00e9j\u00e0, 15.000 mineurs travaillant dans les mines d&rsquo;or de KDC West de Goldfields sont en gr\u00e8ve et pr\u00e9sentent des revendications en relation avec celles de Marikana. Anglo Platinum a mis fin \u00e0 ses activit\u00e9s \u00e0 Rustenburg en raison de l&rsquo;agitation sociale qui se d\u00e9veloppe, et le 18 septembre, la police a tir\u00e9 des gaz lacrymog\u00e8nes et des balles recouvertes de caoutchouc pour disperser les manifestants \u00e0 l&rsquo;ext\u00e9rieur de la mine.&nbsp; Certains laissent entendre que les travailleurs de Impala Platinum ont \u00e9t\u00e9 inspir\u00e9s par l&rsquo;accord pour pr\u00e9senter des revendications identiques.&nbsp;<\/p><p>Bien que la gr\u00e8ve soit termin\u00e9e, le choc caus\u00e9 par la violence et la trop grande force utilis\u00e9e par la police am\u00e8nent \u00e0 reconna\u00eetre que des changements sont n\u00e9cessaires dans le secteur minier. \u00c0 son congr\u00e8s qui est r\u00e9uni actuellement, la Conf\u00e9d\u00e9ration des syndicats sud-africains (Cosatu), d\u00e9clare: &ldquo;Nous sommes extr\u00eamement concern\u00e9s par les \u00e9v\u00e8nements du 16 ao\u00fbt dont les principales victimes sont les masses exploit\u00e9es, et par la violence en cours qui a d\u00e9plac\u00e9 le centre d&rsquo;attention de la responsabilit\u00e9 des patrons du platine qui ont syst\u00e9matiquement port\u00e9 atteinte \u00e0 la n\u00e9gociation collective et soutenu la division chez les travailleurs, tout en restant dans l&rsquo;ombre pour profiter des b\u00e9n\u00e9fices r\u00e9alis\u00e9s sur le dos de ces m\u00eames travailleurs dont les familles sont maintenant priv\u00e9es de leur seul soutien&rdquo;. Voir la <a href=\"http:\/\/www.cosatu.org.za\/show.php?ID=6530\">D\u00e9claration du Cosatu<\/a> dans son int\u00e9gralit\u00e9.<\/p><p>Il y a encore beaucoup de choses \u00e0 faire pour prendre en compte les conditions de travail et de vie des mineurs qui se sont trouv\u00e9s tr\u00e8s expos\u00e9s et consid\u00e9r\u00e9s comme \u00e9tant la cause principale de l&rsquo;agitation. L&rsquo;attention a \u00e9galement port\u00e9 sur la situation d\u00e9sesp\u00e9r\u00e9e des communaut\u00e9s mini\u00e8res et des travailleurs en sous-traitance. \u00c0 cette fin, le Cosatu a demand\u00e9 qu&rsquo;une seconde commission ind\u00e9pendante d&rsquo;enqu\u00eate \u00e9tablisse les conditions d&rsquo;emploi et la situation sociale des travailleurs dans l&rsquo;industrie mini\u00e8re, historiquement et dans le pr\u00e9sent. Cette seconde commission travaillera parall\u00e8lement \u00e0 la commission d&rsquo;enqu\u00eate judiciaire d\u00e9j\u00e0 d\u00e9sign\u00e9e par le pr\u00e9sident sud-africain, Jacob Zuma, pour faire le clair sur la trag\u00e9die de Lonmin. &nbsp;<\/p><p>Tandis que des projets sont actuellement en cours de r\u00e9alisation pour une n\u00e9gociation centralis\u00e9e dans l&rsquo;industrie du platine, la confiance des travailleurs dans la repr\u00e9sentation syndicale et le processus de n\u00e9gociation collective a besoin d&rsquo;\u00eatre remise sur pied. Le Cosatu a exprim\u00e9 son engagement \u00e0 d\u00e9fendre le syndicat national des mineurs (Num).<\/p><blockquote><p>Le NUM s&rsquo;est trouv\u00e9 \u00eatre au premier rang pour demander un changement radical dans l&rsquo;industrie. Mais ses efforts se sont trouv\u00e9s contrari\u00e9s par la position unilat\u00e9rale des patrons, par l&rsquo;encouragement aveugle des patrons \u00e0 des syndicats scissionnistes pour placer des d\u00e9l\u00e9gu\u00e9s syndicaux, par un retour au tribalisme dans certains domaines, et par la r\u00e9sistance de notre gouvernement pour interdire la pratique de l&rsquo;emploi temporaire.&nbsp;Le COSATU condamne, dans les termes les plus forts, l&rsquo;exploitation opportuniste et politique de la situation d\u00e9sesp\u00e9r\u00e9e des travailleurs et l&rsquo;incitation \u00e0 la violence de groupes ou d&rsquo;individus pour en venir \u00e0 leurs fins dans un but purement \u00e9go\u00efste.<\/p><\/blockquote>","protected":false},"featured_media":0,"template":"","issues":[],"companies":[],"regions":[350],"sectors":[495],"article_tags":[529],"class_list":["post-175412","article","type-article","status-publish","hentry","regions-south-africa","sectors-mining","article_tags-strike"],"acf":[],"yoast_head":"<!-- This site is optimized with the Yoast SEO Premium plugin v27.1 (Yoast SEO v27.1) - https:\/\/yoast.com\/product\/yoast-seo-premium-wordpress\/ -->\n<title>Accord salarial \u00e0 Lonmin mais le malaise social persiste dans le secteur minier en Afrique du Sud - industriall-union<\/title>\n<meta name=\"description\" content=\"Un accord sur les salaires a \u00e9t\u00e9 conclu apr\u00e8s un mois de n\u00e9gociations tendues et la lutte men\u00e9e en continu par les travailleurs apr\u00e8s la tuerie par la\" \/>\n<meta name=\"robots\" content=\"index, follow, max-snippet:-1, max-image-preview:large, max-video-preview:-1\" \/>\n<link rel=\"canonical\" href=\"https:\/\/admin.industriall-union.org\/fr\/accord-salarial-a-lonmin-mais-le-malaise-social-persiste-dans-le-secteur-minier-en-afrique-du-sud\/\" \/>\n<meta property=\"og:locale\" content=\"fr_FR\" \/>\n<meta property=\"og:type\" content=\"article\" \/>\n<meta property=\"og:title\" content=\"Accord salarial \u00e0 Lonmin mais le malaise social persiste dans le secteur minier en Afrique du Sud\" \/>\n<meta property=\"og:description\" content=\"Un accord sur les salaires a \u00e9t\u00e9 conclu apr\u00e8s un mois de n\u00e9gociations tendues et la lutte men\u00e9e en continu par les travailleurs apr\u00e8s la tuerie par la\" \/>\n<meta property=\"og:url\" content=\"https:\/\/admin.industriall-union.org\/fr\/accord-salarial-a-lonmin-mais-le-malaise-social-persiste-dans-le-secteur-minier-en-afrique-du-sud\/\" \/>\n<meta property=\"og:site_name\" content=\"industriall-union\" \/>\n<meta property=\"article:modified_time\" content=\"2025-02-08T19:38:29+00:00\" \/>\n<meta name=\"twitter:card\" content=\"summary_large_image\" \/>\n<meta name=\"twitter:label1\" content=\"Est. reading time\" \/>\n\t<meta name=\"twitter:data1\" content=\"4 minutes\" \/>\n<script type=\"application\/ld+json\" class=\"yoast-schema-graph\">{\"@context\":\"https:\/\/schema.org\",\"@graph\":[{\"@type\":\"WebPage\",\"@id\":\"https:\/\/admin.industriall-union.org\/fr\/accord-salarial-a-lonmin-mais-le-malaise-social-persiste-dans-le-secteur-minier-en-afrique-du-sud\/\",\"url\":\"https:\/\/admin.industriall-union.org\/fr\/accord-salarial-a-lonmin-mais-le-malaise-social-persiste-dans-le-secteur-minier-en-afrique-du-sud\/\",\"name\":\"Accord salarial \u00e0 Lonmin mais le malaise social persiste dans le secteur minier en Afrique du Sud - industriall-union\",\"isPartOf\":{\"@id\":\"https:\/\/admin.industriall-union.org\/#website\"},\"datePublished\":\"2012-09-20T10:20:09+00:00\",\"dateModified\":\"2025-02-08T19:38:29+00:00\",\"description\":\"Un accord sur les salaires a \u00e9t\u00e9 conclu apr\u00e8s un mois de n\u00e9gociations tendues et la lutte men\u00e9e en continu par les travailleurs apr\u00e8s la tuerie par la\",\"breadcrumb\":{\"@id\":\"https:\/\/admin.industriall-union.org\/fr\/accord-salarial-a-lonmin-mais-le-malaise-social-persiste-dans-le-secteur-minier-en-afrique-du-sud\/#breadcrumb\"},\"inLanguage\":\"fr-FR\",\"potentialAction\":[{\"@type\":\"ReadAction\",\"target\":[\"https:\/\/admin.industriall-union.org\/fr\/accord-salarial-a-lonmin-mais-le-malaise-social-persiste-dans-le-secteur-minier-en-afrique-du-sud\/\"]}]},{\"@type\":\"BreadcrumbList\",\"@id\":\"https:\/\/admin.industriall-union.org\/fr\/accord-salarial-a-lonmin-mais-le-malaise-social-persiste-dans-le-secteur-minier-en-afrique-du-sud\/#breadcrumb\",\"itemListElement\":[{\"@type\":\"ListItem\",\"position\":1,\"name\":\"Home\",\"item\":\"https:\/\/admin.industriall-union.org\/\"},{\"@type\":\"ListItem\",\"position\":2,\"name\":\"Articles\",\"item\":\"https:\/\/admin.industriall-union.org\/article\/\"},{\"@type\":\"ListItem\",\"position\":3,\"name\":\"Accord salarial \u00e0 Lonmin mais le malaise social persiste dans le secteur minier en Afrique du Sud\"}]},{\"@type\":\"WebSite\",\"@id\":\"https:\/\/admin.industriall-union.org\/#website\",\"url\":\"https:\/\/admin.industriall-union.org\/\",\"name\":\"industriall-union\",\"description\":\"\",\"potentialAction\":[{\"@type\":\"SearchAction\",\"target\":{\"@type\":\"EntryPoint\",\"urlTemplate\":\"https:\/\/admin.industriall-union.org\/?s={search_term_string}\"},\"query-input\":{\"@type\":\"PropertyValueSpecification\",\"valueRequired\":true,\"valueName\":\"search_term_string\"}}],\"inLanguage\":\"fr-FR\"}]}<\/script>\n<!-- \/ Yoast SEO Premium plugin. -->","yoast_head_json":{"title":"Accord salarial \u00e0 Lonmin mais le malaise social persiste dans le secteur minier en Afrique du Sud - industriall-union","description":"Un accord sur les salaires a \u00e9t\u00e9 conclu apr\u00e8s un mois de n\u00e9gociations tendues et la lutte men\u00e9e en continu par les travailleurs apr\u00e8s la tuerie par la","robots":{"index":"index","follow":"follow","max-snippet":"max-snippet:-1","max-image-preview":"max-image-preview:large","max-video-preview":"max-video-preview:-1"},"canonical":"https:\/\/admin.industriall-union.org\/fr\/accord-salarial-a-lonmin-mais-le-malaise-social-persiste-dans-le-secteur-minier-en-afrique-du-sud\/","og_locale":"fr_FR","og_type":"article","og_title":"Accord salarial \u00e0 Lonmin mais le malaise social persiste dans le secteur minier en Afrique du Sud","og_description":"Un accord sur les salaires a \u00e9t\u00e9 conclu apr\u00e8s un mois de n\u00e9gociations tendues et la lutte men\u00e9e en continu par les travailleurs apr\u00e8s la tuerie par la","og_url":"https:\/\/admin.industriall-union.org\/fr\/accord-salarial-a-lonmin-mais-le-malaise-social-persiste-dans-le-secteur-minier-en-afrique-du-sud\/","og_site_name":"industriall-union","article_modified_time":"2025-02-08T19:38:29+00:00","twitter_card":"summary_large_image","twitter_misc":{"Est. reading time":"4 minutes"},"schema":{"@context":"https:\/\/schema.org","@graph":[{"@type":"WebPage","@id":"https:\/\/admin.industriall-union.org\/fr\/accord-salarial-a-lonmin-mais-le-malaise-social-persiste-dans-le-secteur-minier-en-afrique-du-sud\/","url":"https:\/\/admin.industriall-union.org\/fr\/accord-salarial-a-lonmin-mais-le-malaise-social-persiste-dans-le-secteur-minier-en-afrique-du-sud\/","name":"Accord salarial \u00e0 Lonmin mais le malaise social persiste dans le secteur minier en Afrique du Sud - industriall-union","isPartOf":{"@id":"https:\/\/admin.industriall-union.org\/#website"},"datePublished":"2012-09-20T10:20:09+00:00","dateModified":"2025-02-08T19:38:29+00:00","description":"Un accord sur les salaires a \u00e9t\u00e9 conclu apr\u00e8s un mois de n\u00e9gociations tendues et la lutte men\u00e9e en continu par les travailleurs apr\u00e8s la tuerie par la","breadcrumb":{"@id":"https:\/\/admin.industriall-union.org\/fr\/accord-salarial-a-lonmin-mais-le-malaise-social-persiste-dans-le-secteur-minier-en-afrique-du-sud\/#breadcrumb"},"inLanguage":"fr-FR","potentialAction":[{"@type":"ReadAction","target":["https:\/\/admin.industriall-union.org\/fr\/accord-salarial-a-lonmin-mais-le-malaise-social-persiste-dans-le-secteur-minier-en-afrique-du-sud\/"]}]},{"@type":"BreadcrumbList","@id":"https:\/\/admin.industriall-union.org\/fr\/accord-salarial-a-lonmin-mais-le-malaise-social-persiste-dans-le-secteur-minier-en-afrique-du-sud\/#breadcrumb","itemListElement":[{"@type":"ListItem","position":1,"name":"Home","item":"https:\/\/admin.industriall-union.org\/"},{"@type":"ListItem","position":2,"name":"Articles","item":"https:\/\/admin.industriall-union.org\/article\/"},{"@type":"ListItem","position":3,"name":"Accord salarial \u00e0 Lonmin mais le malaise social persiste dans le secteur minier en Afrique du Sud"}]},{"@type":"WebSite","@id":"https:\/\/admin.industriall-union.org\/#website","url":"https:\/\/admin.industriall-union.org\/","name":"industriall-union","description":"","potentialAction":[{"@type":"SearchAction","target":{"@type":"EntryPoint","urlTemplate":"https:\/\/admin.industriall-union.org\/?s={search_term_string}"},"query-input":{"@type":"PropertyValueSpecification","valueRequired":true,"valueName":"search_term_string"}}],"inLanguage":"fr-FR"}]}},"_links":{"self":[{"href":"https:\/\/admin.industriall-union.org\/fr\/wp-json\/wp\/v2\/article\/175412","targetHints":{"allow":["GET"]}}],"collection":[{"href":"https:\/\/admin.industriall-union.org\/fr\/wp-json\/wp\/v2\/article"}],"about":[{"href":"https:\/\/admin.industriall-union.org\/fr\/wp-json\/wp\/v2\/types\/article"}],"wp:attachment":[{"href":"https:\/\/admin.industriall-union.org\/fr\/wp-json\/wp\/v2\/media?parent=175412"}],"wp:term":[{"taxonomy":"issues","embeddable":true,"href":"https:\/\/admin.industriall-union.org\/fr\/wp-json\/wp\/v2\/issues?post=175412"},{"taxonomy":"companies","embeddable":true,"href":"https:\/\/admin.industriall-union.org\/fr\/wp-json\/wp\/v2\/companies?post=175412"},{"taxonomy":"regions","embeddable":true,"href":"https:\/\/admin.industriall-union.org\/fr\/wp-json\/wp\/v2\/regions?post=175412"},{"taxonomy":"sectors","embeddable":true,"href":"https:\/\/admin.industriall-union.org\/fr\/wp-json\/wp\/v2\/sectors?post=175412"},{"taxonomy":"article_tags","embeddable":true,"href":"https:\/\/admin.industriall-union.org\/fr\/wp-json\/wp\/v2\/article_tags?post=175412"}],"curies":[{"name":"wp","href":"https:\/\/api.w.org\/{rel}","templated":true}]}}