{"id":175390,"date":"2012-09-21T15:34:15","date_gmt":"2012-09-21T15:34:15","guid":{"rendered":"https:\/\/admin.industriall-union.org\/le-canada-inverse-le-cours-de-l-amiante\/"},"modified":"2025-02-08T19:31:15","modified_gmt":"2025-02-08T19:31:15","slug":"le-canada-inverse-le-cours-de-l-amiante","status":"publish","type":"article","link":"https:\/\/admin.industriall-union.org\/fr\/le-canada-inverse-le-cours-de-l-amiante\/","title":{"rendered":"Le Canada inverse le cours de l\u2019amiante"},"content":{"rendered":"<div><p>Pendant des ann\u00e9es, le Canada a \u00e9t\u00e9 l&rsquo;autorit\u00e9 &quot;scientifique&quot; et politique des autres pays exportateurs d&rsquo;amiante. Dans le cadre de l&rsquo;Institut de l&rsquo;amiante, maintenant d\u00e9funt (devenu ensuite l&rsquo;Institut du chrysotile) le Canada \u00e9tait le plus grand producteur d&rsquo;&quot;\u00e9tudes&quot; faussement scientifiques qui pr\u00e9tendaient prouver que l&rsquo;amiante \u00e9tait un mat\u00e9riau s\u00fbr. Le Canada s&rsquo;est fr\u00e9quemment efforc\u00e9 d&rsquo;emp\u00eacher l&rsquo;interdiction ou m\u00eame une r\u00e9glementation efficace de l&rsquo;amiante au niveau international.<\/p><p>La d\u00e9cision du Canada r\u00e9sulte d&rsquo;un changement dans les r\u00e9alit\u00e9s politiques. Le nouveau gouvernement qu\u00e9b\u00e9cois a indiqu\u00e9 qu&rsquo;il pr\u00e9f\u00e9rait d\u00e9penser de l&rsquo;argent sur des projets de diversification industrielle pour les communaut\u00e9s qui d\u00e9pendaient auparavant de l&rsquo;amiante, avec un programme de transition juste pour les anciens mineurs, plut\u00f4t que de tenter de soutenir une industrie moribonde avec des pr\u00eats et des subventions. Face \u00e0 cette r\u00e9alit\u00e9, le gouvernement f\u00e9d\u00e9ral n&rsquo;avait d&rsquo;autre choix que d&rsquo;arr\u00eater de soutenir cette industrie.<\/p><p>Les non-Canadiens peuvent se demander pourquoi cette industrie moribonde exer\u00e7ait une telle influence, mais au Canada l&rsquo;amiante n&rsquo;est pas seulement une autre industrie, c&rsquo;est une ic\u00f4ne. L&rsquo;amiante repr\u00e9sente une part de l&rsquo;histoire culturelle et de la mythologie du mouvement ouvrier dans la province du Qu\u00e9bec et au Canada. Peu de dirigeants ouvriers ont os\u00e9 critiquer cette industrie qui remonte \u00e0 la naissance du mouvement ouvrier au Qu\u00e9bec. Le Qu\u00e9bec garde toujours en m\u00e9moire la gr\u00e8ve violente de 1949 dans l&rsquo;amiante, tel un symbole des luttes des travailleurs et travailleuses francophones contre les patrons anglophones absents des sites de production, et a \u00e9t\u00e9 de ce fait l&rsquo;un des premiers moments critiques de la &quot;r\u00e9volution tranquille&quot; au Qu\u00e9bec. C&rsquo;est l&rsquo;une des premi\u00e8res gr\u00e8ves au Canada dans laquelle les probl\u00e8mes de sant\u00e9 et de s\u00e9curit\u00e9 ont jou\u00e9 un r\u00f4le-cl\u00e9. Au cours de cette gr\u00e8ve, beaucoup de futurs dirigeants canadiens ont forg\u00e9 leur id\u00e9es et attitudes sociales &ndash; notamment un jeune journaliste qui couvrait la gr\u00e8ve, Pierre Elliott Trudeau, qui est devenu plus tard l&rsquo;un des Premiers ministres les plus c\u00e9l\u00e8bres du Canada.<\/p><p>Mais tout change avec le temps. Le Canada a pour t\u00e2che d&rsquo;honorer l&rsquo;histoire de ces mineurs d&rsquo;amiante h\u00e9ro\u00efques sans d\u00e9fendre pour autant l&rsquo;industrie de cet amiante tueur. La majorit\u00e9 des Canadiens, y compris la plupart des Qu\u00e9b\u00e9cois, comprend que l&rsquo;amiante est meurtrier. La semaine derni\u00e8re, des hommes et femmes politiques ont finalement pris cette d\u00e9cision car leurs \u00e9lecteurs et \u00e9lectrices savaient d\u00e9j\u00e0 que cela devait \u00eatre fait.<\/p><\/div>","protected":false},"featured_media":0,"template":"","issues":[404,402],"companies":[],"regions":[309],"sectors":[],"article_tags":[],"class_list":["post-175390","article","type-article","status-publish","hentry","issues-asbestos","issues-health-and-safety","regions-canada"],"acf":[],"yoast_head":"<!-- This site is optimized with the Yoast SEO Premium plugin v27.1 (Yoast SEO v27.1) - https:\/\/yoast.com\/product\/yoast-seo-premium-wordpress\/ -->\n<title>Le Canada inverse le cours de l\u2019amiante - industriall-union<\/title>\n<meta name=\"description\" content=\"Pendant des ann\u00e9es, le Canada a \u00e9t\u00e9 l&rsquo;autorit\u00e9 &quot;scientifique&quot; et politique des autres pays exportateurs d&rsquo;amiante. Dans le cadre de\" \/>\n<meta name=\"robots\" content=\"index, follow, max-snippet:-1, max-image-preview:large, max-video-preview:-1\" \/>\n<link rel=\"canonical\" href=\"https:\/\/admin.industriall-union.org\/fr\/le-canada-inverse-le-cours-de-l-amiante\/\" \/>\n<meta property=\"og:locale\" content=\"fr_FR\" \/>\n<meta property=\"og:type\" content=\"article\" \/>\n<meta property=\"og:title\" content=\"Le Canada inverse le cours de l\u2019amiante\" \/>\n<meta property=\"og:description\" content=\"Pendant des ann\u00e9es, le Canada a \u00e9t\u00e9 l&rsquo;autorit\u00e9 &quot;scientifique&quot; et politique des autres pays exportateurs d&rsquo;amiante. Dans le cadre de\" \/>\n<meta property=\"og:url\" content=\"https:\/\/admin.industriall-union.org\/fr\/le-canada-inverse-le-cours-de-l-amiante\/\" \/>\n<meta property=\"og:site_name\" content=\"industriall-union\" \/>\n<meta property=\"article:modified_time\" content=\"2025-02-08T19:31:15+00:00\" \/>\n<meta name=\"twitter:card\" content=\"summary_large_image\" \/>\n<meta name=\"twitter:label1\" content=\"Est. reading time\" \/>\n\t<meta name=\"twitter:data1\" content=\"3 minutes\" \/>\n<script type=\"application\/ld+json\" class=\"yoast-schema-graph\">{\"@context\":\"https:\/\/schema.org\",\"@graph\":[{\"@type\":\"WebPage\",\"@id\":\"https:\/\/admin.industriall-union.org\/fr\/le-canada-inverse-le-cours-de-l-amiante\/\",\"url\":\"https:\/\/admin.industriall-union.org\/fr\/le-canada-inverse-le-cours-de-l-amiante\/\",\"name\":\"Le Canada inverse le cours de l\u2019amiante - industriall-union\",\"isPartOf\":{\"@id\":\"https:\/\/admin.industriall-union.org\/#website\"},\"datePublished\":\"2012-09-21T15:34:15+00:00\",\"dateModified\":\"2025-02-08T19:31:15+00:00\",\"description\":\"Pendant des ann\u00e9es, le Canada a \u00e9t\u00e9 l&rsquo;autorit\u00e9 &quot;scientifique&quot; et politique des autres pays exportateurs d&rsquo;amiante. Dans le cadre de\",\"breadcrumb\":{\"@id\":\"https:\/\/admin.industriall-union.org\/fr\/le-canada-inverse-le-cours-de-l-amiante\/#breadcrumb\"},\"inLanguage\":\"fr-FR\",\"potentialAction\":[{\"@type\":\"ReadAction\",\"target\":[\"https:\/\/admin.industriall-union.org\/fr\/le-canada-inverse-le-cours-de-l-amiante\/\"]}]},{\"@type\":\"BreadcrumbList\",\"@id\":\"https:\/\/admin.industriall-union.org\/fr\/le-canada-inverse-le-cours-de-l-amiante\/#breadcrumb\",\"itemListElement\":[{\"@type\":\"ListItem\",\"position\":1,\"name\":\"Home\",\"item\":\"https:\/\/admin.industriall-union.org\/\"},{\"@type\":\"ListItem\",\"position\":2,\"name\":\"Articles\",\"item\":\"https:\/\/admin.industriall-union.org\/article\/\"},{\"@type\":\"ListItem\",\"position\":3,\"name\":\"Le Canada inverse le cours de l\u2019amiante\"}]},{\"@type\":\"WebSite\",\"@id\":\"https:\/\/admin.industriall-union.org\/#website\",\"url\":\"https:\/\/admin.industriall-union.org\/\",\"name\":\"industriall-union\",\"description\":\"\",\"potentialAction\":[{\"@type\":\"SearchAction\",\"target\":{\"@type\":\"EntryPoint\",\"urlTemplate\":\"https:\/\/admin.industriall-union.org\/?s={search_term_string}\"},\"query-input\":{\"@type\":\"PropertyValueSpecification\",\"valueRequired\":true,\"valueName\":\"search_term_string\"}}],\"inLanguage\":\"fr-FR\"}]}<\/script>\n<!-- \/ Yoast SEO Premium plugin. -->","yoast_head_json":{"title":"Le Canada inverse le cours de l\u2019amiante - industriall-union","description":"Pendant des ann\u00e9es, le Canada a \u00e9t\u00e9 l&rsquo;autorit\u00e9 &quot;scientifique&quot; et politique des autres pays exportateurs d&rsquo;amiante. Dans le cadre de","robots":{"index":"index","follow":"follow","max-snippet":"max-snippet:-1","max-image-preview":"max-image-preview:large","max-video-preview":"max-video-preview:-1"},"canonical":"https:\/\/admin.industriall-union.org\/fr\/le-canada-inverse-le-cours-de-l-amiante\/","og_locale":"fr_FR","og_type":"article","og_title":"Le Canada inverse le cours de l\u2019amiante","og_description":"Pendant des ann\u00e9es, le Canada a \u00e9t\u00e9 l&rsquo;autorit\u00e9 &quot;scientifique&quot; et politique des autres pays exportateurs d&rsquo;amiante. Dans le cadre de","og_url":"https:\/\/admin.industriall-union.org\/fr\/le-canada-inverse-le-cours-de-l-amiante\/","og_site_name":"industriall-union","article_modified_time":"2025-02-08T19:31:15+00:00","twitter_card":"summary_large_image","twitter_misc":{"Est. reading time":"3 minutes"},"schema":{"@context":"https:\/\/schema.org","@graph":[{"@type":"WebPage","@id":"https:\/\/admin.industriall-union.org\/fr\/le-canada-inverse-le-cours-de-l-amiante\/","url":"https:\/\/admin.industriall-union.org\/fr\/le-canada-inverse-le-cours-de-l-amiante\/","name":"Le Canada inverse le cours de l\u2019amiante - industriall-union","isPartOf":{"@id":"https:\/\/admin.industriall-union.org\/#website"},"datePublished":"2012-09-21T15:34:15+00:00","dateModified":"2025-02-08T19:31:15+00:00","description":"Pendant des ann\u00e9es, le Canada a \u00e9t\u00e9 l&rsquo;autorit\u00e9 &quot;scientifique&quot; et politique des autres pays exportateurs d&rsquo;amiante. Dans le cadre de","breadcrumb":{"@id":"https:\/\/admin.industriall-union.org\/fr\/le-canada-inverse-le-cours-de-l-amiante\/#breadcrumb"},"inLanguage":"fr-FR","potentialAction":[{"@type":"ReadAction","target":["https:\/\/admin.industriall-union.org\/fr\/le-canada-inverse-le-cours-de-l-amiante\/"]}]},{"@type":"BreadcrumbList","@id":"https:\/\/admin.industriall-union.org\/fr\/le-canada-inverse-le-cours-de-l-amiante\/#breadcrumb","itemListElement":[{"@type":"ListItem","position":1,"name":"Home","item":"https:\/\/admin.industriall-union.org\/"},{"@type":"ListItem","position":2,"name":"Articles","item":"https:\/\/admin.industriall-union.org\/article\/"},{"@type":"ListItem","position":3,"name":"Le Canada inverse le cours de l\u2019amiante"}]},{"@type":"WebSite","@id":"https:\/\/admin.industriall-union.org\/#website","url":"https:\/\/admin.industriall-union.org\/","name":"industriall-union","description":"","potentialAction":[{"@type":"SearchAction","target":{"@type":"EntryPoint","urlTemplate":"https:\/\/admin.industriall-union.org\/?s={search_term_string}"},"query-input":{"@type":"PropertyValueSpecification","valueRequired":true,"valueName":"search_term_string"}}],"inLanguage":"fr-FR"}]}},"_links":{"self":[{"href":"https:\/\/admin.industriall-union.org\/fr\/wp-json\/wp\/v2\/article\/175390","targetHints":{"allow":["GET"]}}],"collection":[{"href":"https:\/\/admin.industriall-union.org\/fr\/wp-json\/wp\/v2\/article"}],"about":[{"href":"https:\/\/admin.industriall-union.org\/fr\/wp-json\/wp\/v2\/types\/article"}],"wp:attachment":[{"href":"https:\/\/admin.industriall-union.org\/fr\/wp-json\/wp\/v2\/media?parent=175390"}],"wp:term":[{"taxonomy":"issues","embeddable":true,"href":"https:\/\/admin.industriall-union.org\/fr\/wp-json\/wp\/v2\/issues?post=175390"},{"taxonomy":"companies","embeddable":true,"href":"https:\/\/admin.industriall-union.org\/fr\/wp-json\/wp\/v2\/companies?post=175390"},{"taxonomy":"regions","embeddable":true,"href":"https:\/\/admin.industriall-union.org\/fr\/wp-json\/wp\/v2\/regions?post=175390"},{"taxonomy":"sectors","embeddable":true,"href":"https:\/\/admin.industriall-union.org\/fr\/wp-json\/wp\/v2\/sectors?post=175390"},{"taxonomy":"article_tags","embeddable":true,"href":"https:\/\/admin.industriall-union.org\/fr\/wp-json\/wp\/v2\/article_tags?post=175390"}],"curies":[{"name":"wp","href":"https:\/\/api.w.org\/{rel}","templated":true}]}}