{"id":175386,"date":"2012-09-25T07:45:13","date_gmt":"2012-09-25T07:45:13","guid":{"rendered":"https:\/\/admin.industriall-union.org\/les-syndicats-suisses-manifestent-pour-sauver-des-emplois-industriels\/"},"modified":"2025-02-08T19:28:20","modified_gmt":"2025-02-08T19:28:20","slug":"les-syndicats-suisses-manifestent-pour-sauver-des-emplois-industriels","status":"publish","type":"article","link":"https:\/\/admin.industriall-union.org\/fr\/les-syndicats-suisses-manifestent-pour-sauver-des-emplois-industriels\/","title":{"rendered":"Les syndicats suisses manifestent pour sauver des emplois industriels"},"content":{"rendered":"<p>La manifestation a eu lieu sous la pluie, Place F\u00e9d\u00e9rale, en plein centre de Berne. La manifestation nationale \u00e9tait organis\u00e9e par l&rsquo;affili\u00e9 UNIA de IndustriALL Global Union, aux c\u00f4t\u00e9s de Syndicom, de l&rsquo;Association du personnel de la Conf\u00e9d\u00e9ration (APC) et du syndicat local des transports (SEV).<\/p><p>Les syndicats ont demand\u00e9 aux autorit\u00e9s et aux acteurs \u00e9conomiques de se mobiliser pour sauver le secteur industriel plut\u00f4t que de &quot;satisfaire les banques&quot;. Le rassemblement se tenait deux semaines apr\u00e8s l&rsquo;annonce de la disparition de 225 emplois chez le fabricant Tornos dans le secteur de l&rsquo;ing\u00e9nierie m\u00e9canique \u00e0 Moutier et \u00e0 La Chaux-de-Fonds.<\/p><blockquote><p>Les membres de UNIA scandaient &lsquo;l&rsquo;industrie, c&rsquo;est nous&rsquo;. Ils veulent s\u00e9curiser leurs emplois dans l&rsquo;industrie, ils veulent des conditions d\u00e9centes de travail et ils souhaitent avoir une r\u00e9elle \u00e9conomie bas\u00e9e sur la production. Tels sont \u00e9galement les objectifs de IndustriALL, et nous accordons notre solidarit\u00e9 et notre soutien \u00e0 leur lutte,<\/p><\/blockquote><p>a d\u00e9clar\u00e9 Kemal Ozkan, secr\u00e9taire g\u00e9n\u00e9ral adjoint de IndustriALL, le 22 septembre, en s&rsquo;adressant aux manifestant(e)s \u00e0 Berne.<\/p><p>En Suisse, la convention collective du travail dans des secteurs tels que l&rsquo;ing\u00e9nierie m\u00e9canique, l&rsquo;\u00e9quipement \u00e9lectrique et la m\u00e9tallurgie vient \u00e0 expiration fin juin 2013. Les n\u00e9gociations entre les employeurs et les syndicats pour son renouvellement vont d\u00e9buter en novembre.<\/p>","protected":false},"featured_media":0,"template":"","issues":[420,415],"companies":[],"regions":[248],"sectors":[481,483,475],"article_tags":[535],"class_list":["post-175386","article","type-article","status-publish","hentry","issues-solidarity","issues-stop-precarious-work","regions-switzerland","sectors-base-metals","sectors-energy-oil-gas-electricity-and-nuclear","sectors-mechanical-engineering","article_tags-world-day-for-decent-work-wddw"],"acf":[],"yoast_head":"<!-- This site is optimized with the Yoast SEO Premium plugin v27.1 (Yoast SEO v27.1) - https:\/\/yoast.com\/product\/yoast-seo-premium-wordpress\/ -->\n<title>Les syndicats suisses manifestent pour sauver des emplois industriels - industriall-union<\/title>\n<meta name=\"description\" content=\"La manifestation a eu lieu sous la pluie, Place F\u00e9d\u00e9rale, en plein centre de Berne. La manifestation nationale \u00e9tait organis\u00e9e par l&rsquo;affili\u00e9 UNIA de\" \/>\n<meta name=\"robots\" content=\"index, follow, max-snippet:-1, max-image-preview:large, max-video-preview:-1\" \/>\n<link rel=\"canonical\" href=\"https:\/\/admin.industriall-union.org\/fr\/les-syndicats-suisses-manifestent-pour-sauver-des-emplois-industriels\/\" \/>\n<meta property=\"og:locale\" content=\"fr_FR\" \/>\n<meta property=\"og:type\" content=\"article\" \/>\n<meta property=\"og:title\" content=\"Les syndicats suisses manifestent pour sauver des emplois industriels\" \/>\n<meta property=\"og:description\" content=\"La manifestation a eu lieu sous la pluie, Place F\u00e9d\u00e9rale, en plein centre de Berne. La manifestation nationale \u00e9tait organis\u00e9e par l&rsquo;affili\u00e9 UNIA de\" \/>\n<meta property=\"og:url\" content=\"https:\/\/admin.industriall-union.org\/fr\/les-syndicats-suisses-manifestent-pour-sauver-des-emplois-industriels\/\" \/>\n<meta property=\"og:site_name\" content=\"industriall-union\" \/>\n<meta property=\"article:modified_time\" content=\"2025-02-08T19:28:20+00:00\" \/>\n<meta name=\"twitter:card\" content=\"summary_large_image\" \/>\n<meta name=\"twitter:label1\" content=\"Est. reading time\" \/>\n\t<meta name=\"twitter:data1\" content=\"1 minute\" \/>\n<script type=\"application\/ld+json\" class=\"yoast-schema-graph\">{\"@context\":\"https:\/\/schema.org\",\"@graph\":[{\"@type\":\"WebPage\",\"@id\":\"https:\/\/admin.industriall-union.org\/fr\/les-syndicats-suisses-manifestent-pour-sauver-des-emplois-industriels\/\",\"url\":\"https:\/\/admin.industriall-union.org\/fr\/les-syndicats-suisses-manifestent-pour-sauver-des-emplois-industriels\/\",\"name\":\"Les syndicats suisses manifestent pour sauver des emplois industriels - industriall-union\",\"isPartOf\":{\"@id\":\"https:\/\/admin.industriall-union.org\/#website\"},\"datePublished\":\"2012-09-25T07:45:13+00:00\",\"dateModified\":\"2025-02-08T19:28:20+00:00\",\"description\":\"La manifestation a eu lieu sous la pluie, Place F\u00e9d\u00e9rale, en plein centre de Berne. La manifestation nationale \u00e9tait organis\u00e9e par l&rsquo;affili\u00e9 UNIA de\",\"breadcrumb\":{\"@id\":\"https:\/\/admin.industriall-union.org\/fr\/les-syndicats-suisses-manifestent-pour-sauver-des-emplois-industriels\/#breadcrumb\"},\"inLanguage\":\"fr-FR\",\"potentialAction\":[{\"@type\":\"ReadAction\",\"target\":[\"https:\/\/admin.industriall-union.org\/fr\/les-syndicats-suisses-manifestent-pour-sauver-des-emplois-industriels\/\"]}]},{\"@type\":\"BreadcrumbList\",\"@id\":\"https:\/\/admin.industriall-union.org\/fr\/les-syndicats-suisses-manifestent-pour-sauver-des-emplois-industriels\/#breadcrumb\",\"itemListElement\":[{\"@type\":\"ListItem\",\"position\":1,\"name\":\"Home\",\"item\":\"https:\/\/admin.industriall-union.org\/\"},{\"@type\":\"ListItem\",\"position\":2,\"name\":\"Articles\",\"item\":\"https:\/\/admin.industriall-union.org\/article\/\"},{\"@type\":\"ListItem\",\"position\":3,\"name\":\"Les syndicats suisses manifestent pour sauver des emplois industriels\"}]},{\"@type\":\"WebSite\",\"@id\":\"https:\/\/admin.industriall-union.org\/#website\",\"url\":\"https:\/\/admin.industriall-union.org\/\",\"name\":\"industriall-union\",\"description\":\"\",\"potentialAction\":[{\"@type\":\"SearchAction\",\"target\":{\"@type\":\"EntryPoint\",\"urlTemplate\":\"https:\/\/admin.industriall-union.org\/?s={search_term_string}\"},\"query-input\":{\"@type\":\"PropertyValueSpecification\",\"valueRequired\":true,\"valueName\":\"search_term_string\"}}],\"inLanguage\":\"fr-FR\"}]}<\/script>\n<!-- \/ Yoast SEO Premium plugin. -->","yoast_head_json":{"title":"Les syndicats suisses manifestent pour sauver des emplois industriels - industriall-union","description":"La manifestation a eu lieu sous la pluie, Place F\u00e9d\u00e9rale, en plein centre de Berne. La manifestation nationale \u00e9tait organis\u00e9e par l&rsquo;affili\u00e9 UNIA de","robots":{"index":"index","follow":"follow","max-snippet":"max-snippet:-1","max-image-preview":"max-image-preview:large","max-video-preview":"max-video-preview:-1"},"canonical":"https:\/\/admin.industriall-union.org\/fr\/les-syndicats-suisses-manifestent-pour-sauver-des-emplois-industriels\/","og_locale":"fr_FR","og_type":"article","og_title":"Les syndicats suisses manifestent pour sauver des emplois industriels","og_description":"La manifestation a eu lieu sous la pluie, Place F\u00e9d\u00e9rale, en plein centre de Berne. La manifestation nationale \u00e9tait organis\u00e9e par l&rsquo;affili\u00e9 UNIA de","og_url":"https:\/\/admin.industriall-union.org\/fr\/les-syndicats-suisses-manifestent-pour-sauver-des-emplois-industriels\/","og_site_name":"industriall-union","article_modified_time":"2025-02-08T19:28:20+00:00","twitter_card":"summary_large_image","twitter_misc":{"Est. reading time":"1 minute"},"schema":{"@context":"https:\/\/schema.org","@graph":[{"@type":"WebPage","@id":"https:\/\/admin.industriall-union.org\/fr\/les-syndicats-suisses-manifestent-pour-sauver-des-emplois-industriels\/","url":"https:\/\/admin.industriall-union.org\/fr\/les-syndicats-suisses-manifestent-pour-sauver-des-emplois-industriels\/","name":"Les syndicats suisses manifestent pour sauver des emplois industriels - industriall-union","isPartOf":{"@id":"https:\/\/admin.industriall-union.org\/#website"},"datePublished":"2012-09-25T07:45:13+00:00","dateModified":"2025-02-08T19:28:20+00:00","description":"La manifestation a eu lieu sous la pluie, Place F\u00e9d\u00e9rale, en plein centre de Berne. La manifestation nationale \u00e9tait organis\u00e9e par l&rsquo;affili\u00e9 UNIA de","breadcrumb":{"@id":"https:\/\/admin.industriall-union.org\/fr\/les-syndicats-suisses-manifestent-pour-sauver-des-emplois-industriels\/#breadcrumb"},"inLanguage":"fr-FR","potentialAction":[{"@type":"ReadAction","target":["https:\/\/admin.industriall-union.org\/fr\/les-syndicats-suisses-manifestent-pour-sauver-des-emplois-industriels\/"]}]},{"@type":"BreadcrumbList","@id":"https:\/\/admin.industriall-union.org\/fr\/les-syndicats-suisses-manifestent-pour-sauver-des-emplois-industriels\/#breadcrumb","itemListElement":[{"@type":"ListItem","position":1,"name":"Home","item":"https:\/\/admin.industriall-union.org\/"},{"@type":"ListItem","position":2,"name":"Articles","item":"https:\/\/admin.industriall-union.org\/article\/"},{"@type":"ListItem","position":3,"name":"Les syndicats suisses manifestent pour sauver des emplois industriels"}]},{"@type":"WebSite","@id":"https:\/\/admin.industriall-union.org\/#website","url":"https:\/\/admin.industriall-union.org\/","name":"industriall-union","description":"","potentialAction":[{"@type":"SearchAction","target":{"@type":"EntryPoint","urlTemplate":"https:\/\/admin.industriall-union.org\/?s={search_term_string}"},"query-input":{"@type":"PropertyValueSpecification","valueRequired":true,"valueName":"search_term_string"}}],"inLanguage":"fr-FR"}]}},"_links":{"self":[{"href":"https:\/\/admin.industriall-union.org\/fr\/wp-json\/wp\/v2\/article\/175386","targetHints":{"allow":["GET"]}}],"collection":[{"href":"https:\/\/admin.industriall-union.org\/fr\/wp-json\/wp\/v2\/article"}],"about":[{"href":"https:\/\/admin.industriall-union.org\/fr\/wp-json\/wp\/v2\/types\/article"}],"wp:attachment":[{"href":"https:\/\/admin.industriall-union.org\/fr\/wp-json\/wp\/v2\/media?parent=175386"}],"wp:term":[{"taxonomy":"issues","embeddable":true,"href":"https:\/\/admin.industriall-union.org\/fr\/wp-json\/wp\/v2\/issues?post=175386"},{"taxonomy":"companies","embeddable":true,"href":"https:\/\/admin.industriall-union.org\/fr\/wp-json\/wp\/v2\/companies?post=175386"},{"taxonomy":"regions","embeddable":true,"href":"https:\/\/admin.industriall-union.org\/fr\/wp-json\/wp\/v2\/regions?post=175386"},{"taxonomy":"sectors","embeddable":true,"href":"https:\/\/admin.industriall-union.org\/fr\/wp-json\/wp\/v2\/sectors?post=175386"},{"taxonomy":"article_tags","embeddable":true,"href":"https:\/\/admin.industriall-union.org\/fr\/wp-json\/wp\/v2\/article_tags?post=175386"}],"curies":[{"name":"wp","href":"https:\/\/api.w.org\/{rel}","templated":true}]}}