{"id":175380,"date":"2012-09-26T10:24:34","date_gmt":"2012-09-26T10:24:34","guid":{"rendered":"https:\/\/admin.industriall-union.org\/les-syndicats-veulent-la-justice-chez-grupo-mexico\/"},"modified":"2025-02-08T19:27:29","modified_gmt":"2025-02-08T19:27:29","slug":"les-syndicats-veulent-la-justice-chez-grupo-mexico","status":"publish","type":"article","link":"https:\/\/admin.industriall-union.org\/fr\/les-syndicats-veulent-la-justice-chez-grupo-mexico\/","title":{"rendered":"Les syndicats veulent la justice chez Grupo Mexico"},"content":{"rendered":"<p>Ces actions sont entreprises dans le cadre d&rsquo;une campagne men\u00e9e actuellement pour renforcer les relations transfrontali\u00e8res entre syndicats repr\u00e9sentant les travailleurs et travailleuses de Grupo Mexico dans toutes les activit\u00e9s men\u00e9es par le groupe.<\/p><p>Les syndicats ont adopt\u00e9 le slogan &ldquo;United we bargain, divided we beg&rdquo; (Unis nous n\u00e9gocions, divis\u00e9s nous mendions).&nbsp; Les syndicats de Southern Peru Copper Company (ST-ILO, STTA-Toquepala et SUT-Cuajone) au P\u00e9rou, Los Mineros (SNTMMSRM) au Mexique et United Steelworkers (USW) \u00e0 Asarco ont r\u00e9uni leurs forces pour affirmer la solidarit\u00e9 internationale des travailleurs et travailleuses et des syndicats de Grupo Mexico.<\/p><p>L&rsquo;alliance syndicale demande \u00e0 l&rsquo;entreprise de respecter les travailleurs et travailleuses et les syndicats dans toutes ses activit\u00e9s, d&rsquo;engager des n\u00e9gociations avec Los Mineros et de parvenir \u00e0 une solution juste pour les gr\u00e8ves \u00e0 Cananea, Taxco et Sombrete qui ont commenc\u00e9 en 2007.<\/p><p>Les syndicats de Southern Peru Copper Company au P\u00e9rou ont entrepris leurs n\u00e9gociations pour une nouvelle convention collective en ao\u00fbt 2012, mais aucun accord n&rsquo;a encore \u00e9t\u00e9 conclu. Il est urgent de parvenir \u00e0 un accord, notamment pour am\u00e9liorer les conditions de sant\u00e9 et de s\u00e9curit\u00e9 apr\u00e8s la mort tragique d&rsquo;un membre du syndicat \u00e0 la mine de Toquepala chez Southern Peru en ao\u00fbt 2012, et de deux autres d\u00e9c\u00e8s dans les activit\u00e9s men\u00e9es par Grupo Mexico au P\u00e9rou au cours des deux derni\u00e8res ann\u00e9es.<\/p><p>Le 18 septembre, dans le cadre de la Journ\u00e9e d&rsquo;action tri-nationale, Los Mineros a organis\u00e9 un rassemblement au Mexique devant le si\u00e8ge de l&rsquo;entreprise, les syndicats au P\u00e9rou ont rassembl\u00e9 leurs membres et distribu\u00e9 des tracts et des autocollants aux travailleurs et travailleuses de Southern Peru Copper Company (SPCC), et aux \u00c9tats-Unis les sections de l&rsquo;USW ont distribu\u00e9 des tracts et des autocollants \u00e0 leurs membres.<\/p>","protected":false},"featured_media":0,"template":"","issues":[402,409,420],"companies":[63],"regions":[275,279,310],"sectors":[495],"article_tags":[505],"class_list":["post-175380","article","type-article","status-publish","hentry","issues-health-and-safety","issues-multinational-companies-mncs","issues-solidarity","companies-grupo-mexico","regions-mexico","regions-peru","regions-usa","sectors-mining","article_tags-collective-bargaining"],"acf":[],"yoast_head":"<!-- This site is optimized with the Yoast SEO Premium plugin v27.1 (Yoast SEO v27.1) - https:\/\/yoast.com\/product\/yoast-seo-premium-wordpress\/ -->\n<title>Les syndicats veulent la justice chez Grupo Mexico - industriall-union<\/title>\n<meta name=\"description\" content=\"Ces actions sont entreprises dans le cadre d&rsquo;une campagne men\u00e9e actuellement pour renforcer les relations transfrontali\u00e8res entre syndicats\" \/>\n<meta name=\"robots\" content=\"index, follow, max-snippet:-1, max-image-preview:large, max-video-preview:-1\" \/>\n<link rel=\"canonical\" href=\"https:\/\/admin.industriall-union.org\/fr\/les-syndicats-veulent-la-justice-chez-grupo-mexico\/\" \/>\n<meta property=\"og:locale\" content=\"fr_FR\" \/>\n<meta property=\"og:type\" content=\"article\" \/>\n<meta property=\"og:title\" content=\"Les syndicats veulent la justice chez Grupo Mexico\" \/>\n<meta property=\"og:description\" content=\"Ces actions sont entreprises dans le cadre d&rsquo;une campagne men\u00e9e actuellement pour renforcer les relations transfrontali\u00e8res entre syndicats\" \/>\n<meta property=\"og:url\" content=\"https:\/\/admin.industriall-union.org\/fr\/les-syndicats-veulent-la-justice-chez-grupo-mexico\/\" \/>\n<meta property=\"og:site_name\" content=\"industriall-union\" \/>\n<meta property=\"article:modified_time\" content=\"2025-02-08T19:27:29+00:00\" \/>\n<meta name=\"twitter:card\" content=\"summary_large_image\" \/>\n<meta name=\"twitter:label1\" content=\"Est. reading time\" \/>\n\t<meta name=\"twitter:data1\" content=\"2 minutes\" \/>\n<script type=\"application\/ld+json\" class=\"yoast-schema-graph\">{\"@context\":\"https:\/\/schema.org\",\"@graph\":[{\"@type\":\"WebPage\",\"@id\":\"https:\/\/admin.industriall-union.org\/fr\/les-syndicats-veulent-la-justice-chez-grupo-mexico\/\",\"url\":\"https:\/\/admin.industriall-union.org\/fr\/les-syndicats-veulent-la-justice-chez-grupo-mexico\/\",\"name\":\"Les syndicats veulent la justice chez Grupo Mexico - industriall-union\",\"isPartOf\":{\"@id\":\"https:\/\/admin.industriall-union.org\/#website\"},\"datePublished\":\"2012-09-26T10:24:34+00:00\",\"dateModified\":\"2025-02-08T19:27:29+00:00\",\"description\":\"Ces actions sont entreprises dans le cadre d&rsquo;une campagne men\u00e9e actuellement pour renforcer les relations transfrontali\u00e8res entre syndicats\",\"breadcrumb\":{\"@id\":\"https:\/\/admin.industriall-union.org\/fr\/les-syndicats-veulent-la-justice-chez-grupo-mexico\/#breadcrumb\"},\"inLanguage\":\"fr-FR\",\"potentialAction\":[{\"@type\":\"ReadAction\",\"target\":[\"https:\/\/admin.industriall-union.org\/fr\/les-syndicats-veulent-la-justice-chez-grupo-mexico\/\"]}]},{\"@type\":\"BreadcrumbList\",\"@id\":\"https:\/\/admin.industriall-union.org\/fr\/les-syndicats-veulent-la-justice-chez-grupo-mexico\/#breadcrumb\",\"itemListElement\":[{\"@type\":\"ListItem\",\"position\":1,\"name\":\"Home\",\"item\":\"https:\/\/admin.industriall-union.org\/\"},{\"@type\":\"ListItem\",\"position\":2,\"name\":\"Articles\",\"item\":\"https:\/\/admin.industriall-union.org\/article\/\"},{\"@type\":\"ListItem\",\"position\":3,\"name\":\"Les syndicats veulent la justice chez Grupo Mexico\"}]},{\"@type\":\"WebSite\",\"@id\":\"https:\/\/admin.industriall-union.org\/#website\",\"url\":\"https:\/\/admin.industriall-union.org\/\",\"name\":\"industriall-union\",\"description\":\"\",\"potentialAction\":[{\"@type\":\"SearchAction\",\"target\":{\"@type\":\"EntryPoint\",\"urlTemplate\":\"https:\/\/admin.industriall-union.org\/?s={search_term_string}\"},\"query-input\":{\"@type\":\"PropertyValueSpecification\",\"valueRequired\":true,\"valueName\":\"search_term_string\"}}],\"inLanguage\":\"fr-FR\"}]}<\/script>\n<!-- \/ Yoast SEO Premium plugin. -->","yoast_head_json":{"title":"Les syndicats veulent la justice chez Grupo Mexico - industriall-union","description":"Ces actions sont entreprises dans le cadre d&rsquo;une campagne men\u00e9e actuellement pour renforcer les relations transfrontali\u00e8res entre syndicats","robots":{"index":"index","follow":"follow","max-snippet":"max-snippet:-1","max-image-preview":"max-image-preview:large","max-video-preview":"max-video-preview:-1"},"canonical":"https:\/\/admin.industriall-union.org\/fr\/les-syndicats-veulent-la-justice-chez-grupo-mexico\/","og_locale":"fr_FR","og_type":"article","og_title":"Les syndicats veulent la justice chez Grupo Mexico","og_description":"Ces actions sont entreprises dans le cadre d&rsquo;une campagne men\u00e9e actuellement pour renforcer les relations transfrontali\u00e8res entre syndicats","og_url":"https:\/\/admin.industriall-union.org\/fr\/les-syndicats-veulent-la-justice-chez-grupo-mexico\/","og_site_name":"industriall-union","article_modified_time":"2025-02-08T19:27:29+00:00","twitter_card":"summary_large_image","twitter_misc":{"Est. reading time":"2 minutes"},"schema":{"@context":"https:\/\/schema.org","@graph":[{"@type":"WebPage","@id":"https:\/\/admin.industriall-union.org\/fr\/les-syndicats-veulent-la-justice-chez-grupo-mexico\/","url":"https:\/\/admin.industriall-union.org\/fr\/les-syndicats-veulent-la-justice-chez-grupo-mexico\/","name":"Les syndicats veulent la justice chez Grupo Mexico - industriall-union","isPartOf":{"@id":"https:\/\/admin.industriall-union.org\/#website"},"datePublished":"2012-09-26T10:24:34+00:00","dateModified":"2025-02-08T19:27:29+00:00","description":"Ces actions sont entreprises dans le cadre d&rsquo;une campagne men\u00e9e actuellement pour renforcer les relations transfrontali\u00e8res entre syndicats","breadcrumb":{"@id":"https:\/\/admin.industriall-union.org\/fr\/les-syndicats-veulent-la-justice-chez-grupo-mexico\/#breadcrumb"},"inLanguage":"fr-FR","potentialAction":[{"@type":"ReadAction","target":["https:\/\/admin.industriall-union.org\/fr\/les-syndicats-veulent-la-justice-chez-grupo-mexico\/"]}]},{"@type":"BreadcrumbList","@id":"https:\/\/admin.industriall-union.org\/fr\/les-syndicats-veulent-la-justice-chez-grupo-mexico\/#breadcrumb","itemListElement":[{"@type":"ListItem","position":1,"name":"Home","item":"https:\/\/admin.industriall-union.org\/"},{"@type":"ListItem","position":2,"name":"Articles","item":"https:\/\/admin.industriall-union.org\/article\/"},{"@type":"ListItem","position":3,"name":"Les syndicats veulent la justice chez Grupo Mexico"}]},{"@type":"WebSite","@id":"https:\/\/admin.industriall-union.org\/#website","url":"https:\/\/admin.industriall-union.org\/","name":"industriall-union","description":"","potentialAction":[{"@type":"SearchAction","target":{"@type":"EntryPoint","urlTemplate":"https:\/\/admin.industriall-union.org\/?s={search_term_string}"},"query-input":{"@type":"PropertyValueSpecification","valueRequired":true,"valueName":"search_term_string"}}],"inLanguage":"fr-FR"}]}},"_links":{"self":[{"href":"https:\/\/admin.industriall-union.org\/fr\/wp-json\/wp\/v2\/article\/175380","targetHints":{"allow":["GET"]}}],"collection":[{"href":"https:\/\/admin.industriall-union.org\/fr\/wp-json\/wp\/v2\/article"}],"about":[{"href":"https:\/\/admin.industriall-union.org\/fr\/wp-json\/wp\/v2\/types\/article"}],"wp:attachment":[{"href":"https:\/\/admin.industriall-union.org\/fr\/wp-json\/wp\/v2\/media?parent=175380"}],"wp:term":[{"taxonomy":"issues","embeddable":true,"href":"https:\/\/admin.industriall-union.org\/fr\/wp-json\/wp\/v2\/issues?post=175380"},{"taxonomy":"companies","embeddable":true,"href":"https:\/\/admin.industriall-union.org\/fr\/wp-json\/wp\/v2\/companies?post=175380"},{"taxonomy":"regions","embeddable":true,"href":"https:\/\/admin.industriall-union.org\/fr\/wp-json\/wp\/v2\/regions?post=175380"},{"taxonomy":"sectors","embeddable":true,"href":"https:\/\/admin.industriall-union.org\/fr\/wp-json\/wp\/v2\/sectors?post=175380"},{"taxonomy":"article_tags","embeddable":true,"href":"https:\/\/admin.industriall-union.org\/fr\/wp-json\/wp\/v2\/article_tags?post=175380"}],"curies":[{"name":"wp","href":"https:\/\/api.w.org\/{rel}","templated":true}]}}