{"id":175373,"date":"2012-09-27T13:13:24","date_gmt":"2012-09-27T13:13:24","guid":{"rendered":"https:\/\/admin.industriall-union.org\/les-nouveaux-produits-apple-accroissent-la-pression-sur-les-travailleurs-de-foxconn\/"},"modified":"2025-02-08T19:25:58","modified_gmt":"2025-02-08T19:25:58","slug":"les-nouveaux-produits-apple-accroissent-la-pression-sur-les-travailleurs-de-foxconn","status":"publish","type":"article","link":"https:\/\/admin.industriall-union.org\/fr\/les-nouveaux-produits-apple-accroissent-la-pression-sur-les-travailleurs-de-foxconn\/","title":{"rendered":"Les nouveaux produits Apple accroissent la pression sur les travailleurs de Foxconn"},"content":{"rendered":"<p>Les tensions signal\u00e9es ont commenc\u00e9 le &nbsp;23 septembre en raison d&rsquo;un recours excessif \u00e0 la force des gardes de s\u00e9curit\u00e9 contre le personnel de production. Plus de 2.000 personnes ont pris part aux bagarres qui ont oblig\u00e9 40 personnes \u00e0 \u00eatre hospitalis\u00e9es et \u00e0 forcer la direction \u00e0 suspendre la production. Les responsables de l&rsquo;entreprise d\u00e9mentent que les gardes de s\u00e9curit\u00e9 aient \u00e9t\u00e9 impliqu\u00e9s dans le conflit, mais des forces de l&rsquo;ordre suppl\u00e9mentaires ont \u00e9t\u00e9 demand\u00e9es au gouvernement pour emp\u00eacher de nouvelles \u00e9meutes.<\/p><p>Le 29 mars 2012, Apple a affirm\u00e9 publiquement s&rsquo;attaquer aux conditions de travail dans les usines de sa cha\u00eene de production qui fabriquent les iPhones, les iPods et les iPads. Apple a utilis\u00e9 auparavant Fair Labor Association (FLA) pour r\u00e9aliser un audit de sa cha\u00eene d&rsquo;approvisionnement. Dans son rapport \u00e9tabli en ao\u00fbt 2012 (<a href=\"\/wp-content\/documents\/reports\/foxconn_verification_report_final.pdf\">\/wp-content\/documents\/reports\/foxconn_verification_report_final.pdf<\/a>) FLA mentionne les am\u00e9liorations obtenues rapidement dans les entreprises Foxconn en Chine depuis ses derni\u00e8res missions en juillet, notamment en ce qui concerne le temps de travail et les salaires.<\/p><p>Toutefois, des t\u00e9moignages <a href=\"http:\/\/chinalaborwatch.org\/news\/new-422.html\">http:\/\/chinalaborwatch.org\/news\/new-422.html<\/a> recueillis par le r\u00e9seau de militants, China Labor Watch (CLW), aupr\u00e8s de travailleurs et travailleuses de Foxconn et publi\u00e9s quelques jours seulement avant les affrontements \u00e0 l&rsquo;usine de Taiyuan ont r\u00e9v\u00e9l\u00e9 qu&rsquo;il n&rsquo;y avait eu aucun changement dans les conditions du personnel de production, et beaucoup disaient m\u00eame avoir \u00e9t\u00e9 oblig\u00e9s de travailler en heures suppl\u00e9mentaires additionnelles, parfois sup\u00e9rieures de deux \u00e0 trois fois aux limites l\u00e9gales impos\u00e9es en Chine, pour pouvoir respecter les d\u00e9lais fix\u00e9s par Apple.<\/p><p>Selon ces rapports, les salaires sont toujours insuffisants et ne couvrent pas totalement les longues heures suppl\u00e9mentaires de travail qui sont impos\u00e9es. Un grand nombre de rapports fait \u00e9tat de l&rsquo;attitude d\u00e9sagr\u00e9able des gardes de s\u00e9curit\u00e9 vis-\u00e0-vis de la main-d&rsquo;\u0153uvre.<\/p><p>Auparavant, la FIOM (maintenant IndustriALL Global Union) et la Conf\u00e9d\u00e9ration syndicale internationale (CSI), Good Electronics, MakeITFair et Students &amp; Scholars Against Corporate Misbehaviour (SACOM) avaient affirm\u00e9 \u00eatre gravement pr\u00e9occup\u00e9s de la capacit\u00e9 de FLA \u00e0 r\u00e9aliser des audits corrects sur les sites de production de Foxconn en Chine sans la participation de syndicats ind\u00e9pendants capables d&rsquo;exprimer les pr\u00e9occupations des travailleurs et travailleuses &quot;<a href=\"http:\/\/www.imfmetal.org\/files\/12032217085966\/Give_Apple_workers_a_voice.pdf\" target=\"_blank\">Give Apple workers a voice in their future<\/a>&quot;.<\/p><p>Le r\u00e9cent rapport de SACOM (voir le lien <a href=\"http:\/\/sacom.hk\/archives\/960\">http:\/\/sacom.hk\/archives\/960<\/a>) publi\u00e9 la veille du lancement officiel du iPhone 5 confirme \u00e0 nouveau ces inqui\u00e9tudes. SACOM a eu des entretiens avec 60 travailleurs et travailleuses \u00e0 Zhengzhou, qui r\u00e9v\u00e8lent que les probl\u00e8mes sont toujours les m\u00eames \u00e0 l&rsquo;usine Foxconn.<\/p><p>\u00c9tant donn\u00e9 ses terribles ant\u00e9c\u00e9dents en mati\u00e8re de relations de travail, les affili\u00e9s indon\u00e9siens de IndustriALL <a href=\"http:\/\/www.globalpost.com\/dispatch\/news\/regions\/asia-pacific\/indonesia\/120904\/foxconn-moves-indonesia-worrying-labor-groups\">expriment leur inqui\u00e9tude concernant l&rsquo;annonce r\u00e9cente de Foxconn d&rsquo;\u00e9tablir un site de production en Indon\u00e9sie<\/a>.<\/p><p>&ldquo;Nous pensons que l&rsquo;entreprise veut employer une main-d&rsquo;\u0153uvre externalis\u00e9e sans respecter la l\u00e9gislation du travail&rdquo; d\u00e9clare Said Iqbal, pr\u00e9sident de la conf\u00e9d\u00e9ration des syndicats indon\u00e9siens (KSPI).<\/p>","protected":false},"featured_media":0,"template":"","issues":[422,409,412,425],"companies":[11,52],"regions":[163],"sectors":[492,493,490],"article_tags":[],"class_list":["post-175373","article","type-article","status-publish","hentry","issues-human-trade-union-rights","issues-multinational-companies-mncs","issues-social-justice-and-globalization","issues-workers-rights","companies-apple","companies-foxconn","regions-china","sectors-electronics","sectors-ict","sectors-ict-electrical-and-electronics"],"acf":[],"yoast_head":"<!-- This site is optimized with the Yoast SEO Premium plugin v27.1 (Yoast SEO v27.1) - https:\/\/yoast.com\/product\/yoast-seo-premium-wordpress\/ -->\n<title>Les nouveaux produits Apple accroissent la pression sur les travailleurs de Foxconn - industriall-union<\/title>\n<meta name=\"description\" content=\"Les tensions signal\u00e9es ont commenc\u00e9 le &nbsp;23 septembre en raison d&rsquo;un recours excessif \u00e0 la force des gardes de s\u00e9curit\u00e9 contre le personnel de\" \/>\n<meta name=\"robots\" content=\"index, follow, max-snippet:-1, max-image-preview:large, max-video-preview:-1\" \/>\n<link rel=\"canonical\" href=\"https:\/\/admin.industriall-union.org\/fr\/les-nouveaux-produits-apple-accroissent-la-pression-sur-les-travailleurs-de-foxconn\/\" \/>\n<meta property=\"og:locale\" content=\"fr_FR\" \/>\n<meta property=\"og:type\" content=\"article\" \/>\n<meta property=\"og:title\" content=\"Les nouveaux produits Apple accroissent la pression sur les travailleurs de Foxconn\" \/>\n<meta property=\"og:description\" content=\"Les tensions signal\u00e9es ont commenc\u00e9 le &nbsp;23 septembre en raison d&rsquo;un recours excessif \u00e0 la force des gardes de s\u00e9curit\u00e9 contre le personnel de\" \/>\n<meta property=\"og:url\" content=\"https:\/\/admin.industriall-union.org\/fr\/les-nouveaux-produits-apple-accroissent-la-pression-sur-les-travailleurs-de-foxconn\/\" \/>\n<meta property=\"og:site_name\" content=\"industriall-union\" \/>\n<meta property=\"article:modified_time\" content=\"2025-02-08T19:25:58+00:00\" \/>\n<meta name=\"twitter:card\" content=\"summary_large_image\" \/>\n<meta name=\"twitter:label1\" content=\"Est. reading time\" \/>\n\t<meta name=\"twitter:data1\" content=\"3 minutes\" \/>\n<script type=\"application\/ld+json\" class=\"yoast-schema-graph\">{\"@context\":\"https:\/\/schema.org\",\"@graph\":[{\"@type\":\"WebPage\",\"@id\":\"https:\/\/admin.industriall-union.org\/fr\/les-nouveaux-produits-apple-accroissent-la-pression-sur-les-travailleurs-de-foxconn\/\",\"url\":\"https:\/\/admin.industriall-union.org\/fr\/les-nouveaux-produits-apple-accroissent-la-pression-sur-les-travailleurs-de-foxconn\/\",\"name\":\"Les nouveaux produits Apple accroissent la pression sur les travailleurs de Foxconn - industriall-union\",\"isPartOf\":{\"@id\":\"https:\/\/admin.industriall-union.org\/#website\"},\"datePublished\":\"2012-09-27T13:13:24+00:00\",\"dateModified\":\"2025-02-08T19:25:58+00:00\",\"description\":\"Les tensions signal\u00e9es ont commenc\u00e9 le &nbsp;23 septembre en raison d&rsquo;un recours excessif \u00e0 la force des gardes de s\u00e9curit\u00e9 contre le personnel de\",\"breadcrumb\":{\"@id\":\"https:\/\/admin.industriall-union.org\/fr\/les-nouveaux-produits-apple-accroissent-la-pression-sur-les-travailleurs-de-foxconn\/#breadcrumb\"},\"inLanguage\":\"fr-FR\",\"potentialAction\":[{\"@type\":\"ReadAction\",\"target\":[\"https:\/\/admin.industriall-union.org\/fr\/les-nouveaux-produits-apple-accroissent-la-pression-sur-les-travailleurs-de-foxconn\/\"]}]},{\"@type\":\"BreadcrumbList\",\"@id\":\"https:\/\/admin.industriall-union.org\/fr\/les-nouveaux-produits-apple-accroissent-la-pression-sur-les-travailleurs-de-foxconn\/#breadcrumb\",\"itemListElement\":[{\"@type\":\"ListItem\",\"position\":1,\"name\":\"Home\",\"item\":\"https:\/\/admin.industriall-union.org\/\"},{\"@type\":\"ListItem\",\"position\":2,\"name\":\"Articles\",\"item\":\"https:\/\/admin.industriall-union.org\/article\/\"},{\"@type\":\"ListItem\",\"position\":3,\"name\":\"Les nouveaux produits Apple accroissent la pression sur les travailleurs de Foxconn\"}]},{\"@type\":\"WebSite\",\"@id\":\"https:\/\/admin.industriall-union.org\/#website\",\"url\":\"https:\/\/admin.industriall-union.org\/\",\"name\":\"industriall-union\",\"description\":\"\",\"potentialAction\":[{\"@type\":\"SearchAction\",\"target\":{\"@type\":\"EntryPoint\",\"urlTemplate\":\"https:\/\/admin.industriall-union.org\/?s={search_term_string}\"},\"query-input\":{\"@type\":\"PropertyValueSpecification\",\"valueRequired\":true,\"valueName\":\"search_term_string\"}}],\"inLanguage\":\"fr-FR\"}]}<\/script>\n<!-- \/ Yoast SEO Premium plugin. -->","yoast_head_json":{"title":"Les nouveaux produits Apple accroissent la pression sur les travailleurs de Foxconn - industriall-union","description":"Les tensions signal\u00e9es ont commenc\u00e9 le &nbsp;23 septembre en raison d&rsquo;un recours excessif \u00e0 la force des gardes de s\u00e9curit\u00e9 contre le personnel de","robots":{"index":"index","follow":"follow","max-snippet":"max-snippet:-1","max-image-preview":"max-image-preview:large","max-video-preview":"max-video-preview:-1"},"canonical":"https:\/\/admin.industriall-union.org\/fr\/les-nouveaux-produits-apple-accroissent-la-pression-sur-les-travailleurs-de-foxconn\/","og_locale":"fr_FR","og_type":"article","og_title":"Les nouveaux produits Apple accroissent la pression sur les travailleurs de Foxconn","og_description":"Les tensions signal\u00e9es ont commenc\u00e9 le &nbsp;23 septembre en raison d&rsquo;un recours excessif \u00e0 la force des gardes de s\u00e9curit\u00e9 contre le personnel de","og_url":"https:\/\/admin.industriall-union.org\/fr\/les-nouveaux-produits-apple-accroissent-la-pression-sur-les-travailleurs-de-foxconn\/","og_site_name":"industriall-union","article_modified_time":"2025-02-08T19:25:58+00:00","twitter_card":"summary_large_image","twitter_misc":{"Est. reading time":"3 minutes"},"schema":{"@context":"https:\/\/schema.org","@graph":[{"@type":"WebPage","@id":"https:\/\/admin.industriall-union.org\/fr\/les-nouveaux-produits-apple-accroissent-la-pression-sur-les-travailleurs-de-foxconn\/","url":"https:\/\/admin.industriall-union.org\/fr\/les-nouveaux-produits-apple-accroissent-la-pression-sur-les-travailleurs-de-foxconn\/","name":"Les nouveaux produits Apple accroissent la pression sur les travailleurs de Foxconn - industriall-union","isPartOf":{"@id":"https:\/\/admin.industriall-union.org\/#website"},"datePublished":"2012-09-27T13:13:24+00:00","dateModified":"2025-02-08T19:25:58+00:00","description":"Les tensions signal\u00e9es ont commenc\u00e9 le &nbsp;23 septembre en raison d&rsquo;un recours excessif \u00e0 la force des gardes de s\u00e9curit\u00e9 contre le personnel de","breadcrumb":{"@id":"https:\/\/admin.industriall-union.org\/fr\/les-nouveaux-produits-apple-accroissent-la-pression-sur-les-travailleurs-de-foxconn\/#breadcrumb"},"inLanguage":"fr-FR","potentialAction":[{"@type":"ReadAction","target":["https:\/\/admin.industriall-union.org\/fr\/les-nouveaux-produits-apple-accroissent-la-pression-sur-les-travailleurs-de-foxconn\/"]}]},{"@type":"BreadcrumbList","@id":"https:\/\/admin.industriall-union.org\/fr\/les-nouveaux-produits-apple-accroissent-la-pression-sur-les-travailleurs-de-foxconn\/#breadcrumb","itemListElement":[{"@type":"ListItem","position":1,"name":"Home","item":"https:\/\/admin.industriall-union.org\/"},{"@type":"ListItem","position":2,"name":"Articles","item":"https:\/\/admin.industriall-union.org\/article\/"},{"@type":"ListItem","position":3,"name":"Les nouveaux produits Apple accroissent la pression sur les travailleurs de Foxconn"}]},{"@type":"WebSite","@id":"https:\/\/admin.industriall-union.org\/#website","url":"https:\/\/admin.industriall-union.org\/","name":"industriall-union","description":"","potentialAction":[{"@type":"SearchAction","target":{"@type":"EntryPoint","urlTemplate":"https:\/\/admin.industriall-union.org\/?s={search_term_string}"},"query-input":{"@type":"PropertyValueSpecification","valueRequired":true,"valueName":"search_term_string"}}],"inLanguage":"fr-FR"}]}},"_links":{"self":[{"href":"https:\/\/admin.industriall-union.org\/fr\/wp-json\/wp\/v2\/article\/175373","targetHints":{"allow":["GET"]}}],"collection":[{"href":"https:\/\/admin.industriall-union.org\/fr\/wp-json\/wp\/v2\/article"}],"about":[{"href":"https:\/\/admin.industriall-union.org\/fr\/wp-json\/wp\/v2\/types\/article"}],"wp:attachment":[{"href":"https:\/\/admin.industriall-union.org\/fr\/wp-json\/wp\/v2\/media?parent=175373"}],"wp:term":[{"taxonomy":"issues","embeddable":true,"href":"https:\/\/admin.industriall-union.org\/fr\/wp-json\/wp\/v2\/issues?post=175373"},{"taxonomy":"companies","embeddable":true,"href":"https:\/\/admin.industriall-union.org\/fr\/wp-json\/wp\/v2\/companies?post=175373"},{"taxonomy":"regions","embeddable":true,"href":"https:\/\/admin.industriall-union.org\/fr\/wp-json\/wp\/v2\/regions?post=175373"},{"taxonomy":"sectors","embeddable":true,"href":"https:\/\/admin.industriall-union.org\/fr\/wp-json\/wp\/v2\/sectors?post=175373"},{"taxonomy":"article_tags","embeddable":true,"href":"https:\/\/admin.industriall-union.org\/fr\/wp-json\/wp\/v2\/article_tags?post=175373"}],"curies":[{"name":"wp","href":"https:\/\/api.w.org\/{rel}","templated":true}]}}