{"id":175290,"date":"2012-10-11T14:37:11","date_gmt":"2012-10-11T14:37:11","guid":{"rendered":"https:\/\/admin.industriall-union.org\/desaveu-des-meurtres-de-syndicalistes-alors-que-l-agitation-ouvriere-se-propage-dans-les-mines-d-afrique-du-sud\/"},"modified":"2025-02-08T18:54:26","modified_gmt":"2025-02-08T18:54:26","slug":"desaveu-des-meurtres-de-syndicalistes-alors-que-l-agitation-ouvriere-se-propage-dans-les-mines-d-afrique-du-sud","status":"publish","type":"article","link":"https:\/\/admin.industriall-union.org\/fr\/desaveu-des-meurtres-de-syndicalistes-alors-que-l-agitation-ouvriere-se-propage-dans-les-mines-d-afrique-du-sud\/","title":{"rendered":"D\u00e9saveu des meurtres de syndicalistes alors que l\u2019agitation ouvri\u00e8re se propage dans les mines d\u2019Afrique du Sud"},"content":{"rendered":"<p>Le congr\u00e8s des syndicats sud-africains (Cosatu) signale que le secr\u00e9taire et le pr\u00e9sident de la section Western Platinum du Num ont \u00e9t\u00e9 tu\u00e9s dans des incidents s\u00e9par\u00e9s, et qu&rsquo;un troisi\u00e8me dirigeant de section a r\u00e9ussi \u00e0 s&rsquo;\u00e9chapper, alors que son \u00e9pouse \u00e9tait tu\u00e9e. Un membre de la famille d&rsquo;un d\u00e9l\u00e9gu\u00e9 syndical du Num a \u00e9galement \u00e9t\u00e9 tu\u00e9 d&rsquo;un coup de feu dans la maison du d\u00e9l\u00e9gu\u00e9 syndical, sans doute \u00e0 la suite d&rsquo;une erreur sur la personne vis\u00e9e. Dans une autre section du Num, le pr\u00e9sident a \u00e9t\u00e9 bless\u00e9 gravement apr\u00e8s que sa maison a \u00e9t\u00e9 incendi\u00e9e, et dans le West Rand, un d\u00e9l\u00e9gu\u00e9 syndical a \u00e9t\u00e9 tra\u00een\u00e9 hors de sa chambre et atteint d&rsquo;un coup de feu tir\u00e9 \u00e0 bout portant.<\/p><p>Dans une lettre au Num, le secr\u00e9taire g\u00e9n\u00e9ral de IndustriALL Jyrki Raina a exprim\u00e9 son choc et son horreur dans ce qu&rsquo;il d\u00e9crit comme &ldquo;\u00e9tant des attaques meurtri\u00e8res impitoyables et l\u00e2ches sur des membres du Num apr\u00e8s la trag\u00e9die de Marikana&rdquo;.<\/p><p>Le Cosatu signale \u00e9galement que cinq membres du Num, parmi lesquels deux d\u00e9l\u00e9gu\u00e9s syndicaux, ont \u00e9t\u00e9 tu\u00e9s dans des violences associ\u00e9es \u00e0 la gr\u00e8ve \u00e0 la mine de platine de Lonmin \u00e0 Marikana, entre le 10 et le 16 ao\u00fbt, et que 34 personnes ont \u00e9t\u00e9 tu\u00e9es par balles par la police le 16 ao\u00fbt, parmi lesquelles 14 membres du Num. Le 11 septembre, un troisi\u00e8me d\u00e9l\u00e9gu\u00e9 syndical du Num, Dumping Mthinti, a \u00e9t\u00e9 trouv\u00e9 tu\u00e9 \u00e0 coups d&rsquo;arme blanche pr\u00e8s de l&rsquo;emplacement de cette fusillade.<\/p><p>&ldquo;IndustriALL Global Union envoie un message de condol\u00e9ances aux familles, aux amis et aux coll\u00e8gues de travail des personnes qui ont perdu la vie, et demande l&rsquo;arrestation rapide et le jugement des auteurs de ces d\u00e9lits qui portent la responsabilit\u00e9 de ces meurtres brutaux et barbares qui donnent le frisson&rdquo;, \u00e9crit Raina. &ldquo;Nous r\u00e9it\u00e9rons notre soutien solidaire et inconditionnel au Num dans tous ses efforts pour trouver une solution \u00e0 ce d\u00e9fi tr\u00e8s difficile port\u00e9 \u00e0 son admirable h\u00e9ritage historique d&rsquo;un combat incessant pour une vie meilleure des mineurs et de leurs familles&rdquo;.<\/p><p>Selon les estimations actuelles, 80.000 \u00e0 100.000 travailleurs employ\u00e9s dans les mines de platine et d&rsquo;or sont en gr\u00e8ve, une cons\u00e9quence de la n\u00e9gociation du r\u00e8glement de Lonmin hors du processus de n\u00e9gociation, qui a donn\u00e9 du courage \u00e0 d&rsquo;autres travailleurs confront\u00e9s \u00e0 des \u00e9preuves identiques pour chercher \u00e0 obtenir des salaires et des conditions meilleurs, et les gr\u00e8ves sauvages qui se sont propag\u00e9es comme une tra\u00een\u00e9e de poudre. Ce n&rsquo;est pas une marque de faiblesse de la repr\u00e9sentation syndicale, mais plut\u00f4t de travailleurs rejetant \u00e9motionnellement et de mani\u00e8re r\u00e9actionnelle l&rsquo;exploitation dans un secteur minier qui a r\u00e9sist\u00e9 \u00e0 la transformation.<\/p><p>En examinant la situation de pr\u00e8s, on s&rsquo;aper\u00e7oit que dans certaines entreprises mini\u00e8res, rien n&rsquo;a chang\u00e9 dans leur approche des relations industrielles. Anglo Platinum a fait preuve d&rsquo;opportunisme, prenant avantage de ce moment tr\u00e8s difficile pour la main-d&rsquo;\u0153uvre pour r\u00e9duire ses effectifs dans ses activit\u00e9s marginales \u00e0 Rustenburg. Le 5 octobre, Anglo Platinum a mis \u00e0 pied 12.000 travailleurs engag\u00e9s dans une gr\u00e8ve sauvage \u00e0 Rustenburg.&nbsp;<\/p><p>Ses raisons donn\u00e9es pour les suspensions pr\u00e9ventives \u00e0 Rustenburg, le 11 septembre, en faisant \u00e9tat de la situation volatile actuelle dans la r\u00e9gion, qui \u00e9tait en fait un lock-out qui encourageait la gr\u00e8ve, sont \u00e9galement contestables. Maintenant, l&rsquo;entreprise se plaint publiquement des trois semaines de gr\u00e8ve qui lui co\u00fbtent d&rsquo;\u00e9normes pertes de revenus, tout en ne parlant pas des \u00e9conomies r\u00e9alis\u00e9es sur ses co\u00fbts d&rsquo;exploitation pour cette p\u00e9riode, ni des primes accord\u00e9es aux travailleurs qu&rsquo;elle ne sera pas oblig\u00e9e de payer. Durant ce temps, la contrainte de l&rsquo;offre a provoqu\u00e9 une hausse du prix du platine alors que le rand s&rsquo;est trouv\u00e9 affaibli. Ce sont de bonnes nouvelles pour les producteurs de platine, notamment Anglo Platinum, qui am\u00e9liorent la rentabilit\u00e9 du secteur.<\/p>","protected":false},"featured_media":0,"template":"","issues":[422,424],"companies":[],"regions":[350],"sectors":[495],"article_tags":[],"class_list":["post-175290","article","type-article","status-publish","hentry","issues-human-trade-union-rights","issues-violation","regions-south-africa","sectors-mining"],"acf":[],"yoast_head":"<!-- This site is optimized with the Yoast SEO Premium plugin v27.1 (Yoast SEO v27.1) - https:\/\/yoast.com\/product\/yoast-seo-premium-wordpress\/ -->\n<title>D\u00e9saveu des meurtres de syndicalistes alors que l\u2019agitation ouvri\u00e8re se propage dans les mines d\u2019Afrique du Sud - industriall-union<\/title>\n<meta name=\"description\" content=\"Le congr\u00e8s des syndicats sud-africains (Cosatu) signale que le secr\u00e9taire et le pr\u00e9sident de la section Western Platinum du Num ont \u00e9t\u00e9 tu\u00e9s dans des\" \/>\n<meta name=\"robots\" content=\"index, follow, max-snippet:-1, max-image-preview:large, max-video-preview:-1\" \/>\n<link rel=\"canonical\" href=\"https:\/\/admin.industriall-union.org\/fr\/desaveu-des-meurtres-de-syndicalistes-alors-que-l-agitation-ouvriere-se-propage-dans-les-mines-d-afrique-du-sud\/\" \/>\n<meta property=\"og:locale\" content=\"fr_FR\" \/>\n<meta property=\"og:type\" content=\"article\" \/>\n<meta property=\"og:title\" content=\"D\u00e9saveu des meurtres de syndicalistes alors que l\u2019agitation ouvri\u00e8re se propage dans les mines d\u2019Afrique du Sud\" \/>\n<meta property=\"og:description\" content=\"Le congr\u00e8s des syndicats sud-africains (Cosatu) signale que le secr\u00e9taire et le pr\u00e9sident de la section Western Platinum du Num ont \u00e9t\u00e9 tu\u00e9s dans des\" \/>\n<meta property=\"og:url\" content=\"https:\/\/admin.industriall-union.org\/fr\/desaveu-des-meurtres-de-syndicalistes-alors-que-l-agitation-ouvriere-se-propage-dans-les-mines-d-afrique-du-sud\/\" \/>\n<meta property=\"og:site_name\" content=\"industriall-union\" \/>\n<meta property=\"article:modified_time\" content=\"2025-02-08T18:54:26+00:00\" \/>\n<meta name=\"twitter:card\" content=\"summary_large_image\" \/>\n<meta name=\"twitter:label1\" content=\"Est. reading time\" \/>\n\t<meta name=\"twitter:data1\" content=\"4 minutes\" \/>\n<script type=\"application\/ld+json\" class=\"yoast-schema-graph\">{\"@context\":\"https:\/\/schema.org\",\"@graph\":[{\"@type\":\"WebPage\",\"@id\":\"https:\/\/admin.industriall-union.org\/fr\/desaveu-des-meurtres-de-syndicalistes-alors-que-l-agitation-ouvriere-se-propage-dans-les-mines-d-afrique-du-sud\/\",\"url\":\"https:\/\/admin.industriall-union.org\/fr\/desaveu-des-meurtres-de-syndicalistes-alors-que-l-agitation-ouvriere-se-propage-dans-les-mines-d-afrique-du-sud\/\",\"name\":\"D\u00e9saveu des meurtres de syndicalistes alors que l\u2019agitation ouvri\u00e8re se propage dans les mines d\u2019Afrique du Sud - industriall-union\",\"isPartOf\":{\"@id\":\"https:\/\/admin.industriall-union.org\/#website\"},\"datePublished\":\"2012-10-11T14:37:11+00:00\",\"dateModified\":\"2025-02-08T18:54:26+00:00\",\"description\":\"Le congr\u00e8s des syndicats sud-africains (Cosatu) signale que le secr\u00e9taire et le pr\u00e9sident de la section Western Platinum du Num ont \u00e9t\u00e9 tu\u00e9s dans des\",\"breadcrumb\":{\"@id\":\"https:\/\/admin.industriall-union.org\/fr\/desaveu-des-meurtres-de-syndicalistes-alors-que-l-agitation-ouvriere-se-propage-dans-les-mines-d-afrique-du-sud\/#breadcrumb\"},\"inLanguage\":\"fr-FR\",\"potentialAction\":[{\"@type\":\"ReadAction\",\"target\":[\"https:\/\/admin.industriall-union.org\/fr\/desaveu-des-meurtres-de-syndicalistes-alors-que-l-agitation-ouvriere-se-propage-dans-les-mines-d-afrique-du-sud\/\"]}]},{\"@type\":\"BreadcrumbList\",\"@id\":\"https:\/\/admin.industriall-union.org\/fr\/desaveu-des-meurtres-de-syndicalistes-alors-que-l-agitation-ouvriere-se-propage-dans-les-mines-d-afrique-du-sud\/#breadcrumb\",\"itemListElement\":[{\"@type\":\"ListItem\",\"position\":1,\"name\":\"Home\",\"item\":\"https:\/\/admin.industriall-union.org\/\"},{\"@type\":\"ListItem\",\"position\":2,\"name\":\"Articles\",\"item\":\"https:\/\/admin.industriall-union.org\/article\/\"},{\"@type\":\"ListItem\",\"position\":3,\"name\":\"D\u00e9saveu des meurtres de syndicalistes alors que l\u2019agitation ouvri\u00e8re se propage dans les mines d\u2019Afrique du Sud\"}]},{\"@type\":\"WebSite\",\"@id\":\"https:\/\/admin.industriall-union.org\/#website\",\"url\":\"https:\/\/admin.industriall-union.org\/\",\"name\":\"industriall-union\",\"description\":\"\",\"potentialAction\":[{\"@type\":\"SearchAction\",\"target\":{\"@type\":\"EntryPoint\",\"urlTemplate\":\"https:\/\/admin.industriall-union.org\/?s={search_term_string}\"},\"query-input\":{\"@type\":\"PropertyValueSpecification\",\"valueRequired\":true,\"valueName\":\"search_term_string\"}}],\"inLanguage\":\"fr-FR\"}]}<\/script>\n<!-- \/ Yoast SEO Premium plugin. -->","yoast_head_json":{"title":"D\u00e9saveu des meurtres de syndicalistes alors que l\u2019agitation ouvri\u00e8re se propage dans les mines d\u2019Afrique du Sud - industriall-union","description":"Le congr\u00e8s des syndicats sud-africains (Cosatu) signale que le secr\u00e9taire et le pr\u00e9sident de la section Western Platinum du Num ont \u00e9t\u00e9 tu\u00e9s dans des","robots":{"index":"index","follow":"follow","max-snippet":"max-snippet:-1","max-image-preview":"max-image-preview:large","max-video-preview":"max-video-preview:-1"},"canonical":"https:\/\/admin.industriall-union.org\/fr\/desaveu-des-meurtres-de-syndicalistes-alors-que-l-agitation-ouvriere-se-propage-dans-les-mines-d-afrique-du-sud\/","og_locale":"fr_FR","og_type":"article","og_title":"D\u00e9saveu des meurtres de syndicalistes alors que l\u2019agitation ouvri\u00e8re se propage dans les mines d\u2019Afrique du Sud","og_description":"Le congr\u00e8s des syndicats sud-africains (Cosatu) signale que le secr\u00e9taire et le pr\u00e9sident de la section Western Platinum du Num ont \u00e9t\u00e9 tu\u00e9s dans des","og_url":"https:\/\/admin.industriall-union.org\/fr\/desaveu-des-meurtres-de-syndicalistes-alors-que-l-agitation-ouvriere-se-propage-dans-les-mines-d-afrique-du-sud\/","og_site_name":"industriall-union","article_modified_time":"2025-02-08T18:54:26+00:00","twitter_card":"summary_large_image","twitter_misc":{"Est. reading time":"4 minutes"},"schema":{"@context":"https:\/\/schema.org","@graph":[{"@type":"WebPage","@id":"https:\/\/admin.industriall-union.org\/fr\/desaveu-des-meurtres-de-syndicalistes-alors-que-l-agitation-ouvriere-se-propage-dans-les-mines-d-afrique-du-sud\/","url":"https:\/\/admin.industriall-union.org\/fr\/desaveu-des-meurtres-de-syndicalistes-alors-que-l-agitation-ouvriere-se-propage-dans-les-mines-d-afrique-du-sud\/","name":"D\u00e9saveu des meurtres de syndicalistes alors que l\u2019agitation ouvri\u00e8re se propage dans les mines d\u2019Afrique du Sud - industriall-union","isPartOf":{"@id":"https:\/\/admin.industriall-union.org\/#website"},"datePublished":"2012-10-11T14:37:11+00:00","dateModified":"2025-02-08T18:54:26+00:00","description":"Le congr\u00e8s des syndicats sud-africains (Cosatu) signale que le secr\u00e9taire et le pr\u00e9sident de la section Western Platinum du Num ont \u00e9t\u00e9 tu\u00e9s dans des","breadcrumb":{"@id":"https:\/\/admin.industriall-union.org\/fr\/desaveu-des-meurtres-de-syndicalistes-alors-que-l-agitation-ouvriere-se-propage-dans-les-mines-d-afrique-du-sud\/#breadcrumb"},"inLanguage":"fr-FR","potentialAction":[{"@type":"ReadAction","target":["https:\/\/admin.industriall-union.org\/fr\/desaveu-des-meurtres-de-syndicalistes-alors-que-l-agitation-ouvriere-se-propage-dans-les-mines-d-afrique-du-sud\/"]}]},{"@type":"BreadcrumbList","@id":"https:\/\/admin.industriall-union.org\/fr\/desaveu-des-meurtres-de-syndicalistes-alors-que-l-agitation-ouvriere-se-propage-dans-les-mines-d-afrique-du-sud\/#breadcrumb","itemListElement":[{"@type":"ListItem","position":1,"name":"Home","item":"https:\/\/admin.industriall-union.org\/"},{"@type":"ListItem","position":2,"name":"Articles","item":"https:\/\/admin.industriall-union.org\/article\/"},{"@type":"ListItem","position":3,"name":"D\u00e9saveu des meurtres de syndicalistes alors que l\u2019agitation ouvri\u00e8re se propage dans les mines d\u2019Afrique du Sud"}]},{"@type":"WebSite","@id":"https:\/\/admin.industriall-union.org\/#website","url":"https:\/\/admin.industriall-union.org\/","name":"industriall-union","description":"","potentialAction":[{"@type":"SearchAction","target":{"@type":"EntryPoint","urlTemplate":"https:\/\/admin.industriall-union.org\/?s={search_term_string}"},"query-input":{"@type":"PropertyValueSpecification","valueRequired":true,"valueName":"search_term_string"}}],"inLanguage":"fr-FR"}]}},"_links":{"self":[{"href":"https:\/\/admin.industriall-union.org\/fr\/wp-json\/wp\/v2\/article\/175290","targetHints":{"allow":["GET"]}}],"collection":[{"href":"https:\/\/admin.industriall-union.org\/fr\/wp-json\/wp\/v2\/article"}],"about":[{"href":"https:\/\/admin.industriall-union.org\/fr\/wp-json\/wp\/v2\/types\/article"}],"wp:attachment":[{"href":"https:\/\/admin.industriall-union.org\/fr\/wp-json\/wp\/v2\/media?parent=175290"}],"wp:term":[{"taxonomy":"issues","embeddable":true,"href":"https:\/\/admin.industriall-union.org\/fr\/wp-json\/wp\/v2\/issues?post=175290"},{"taxonomy":"companies","embeddable":true,"href":"https:\/\/admin.industriall-union.org\/fr\/wp-json\/wp\/v2\/companies?post=175290"},{"taxonomy":"regions","embeddable":true,"href":"https:\/\/admin.industriall-union.org\/fr\/wp-json\/wp\/v2\/regions?post=175290"},{"taxonomy":"sectors","embeddable":true,"href":"https:\/\/admin.industriall-union.org\/fr\/wp-json\/wp\/v2\/sectors?post=175290"},{"taxonomy":"article_tags","embeddable":true,"href":"https:\/\/admin.industriall-union.org\/fr\/wp-json\/wp\/v2\/article_tags?post=175290"}],"curies":[{"name":"wp","href":"https:\/\/api.w.org\/{rel}","templated":true}]}}