{"id":175274,"date":"2012-10-18T13:28:12","date_gmt":"2012-10-18T13:28:12","guid":{"rendered":"https:\/\/admin.industriall-union.org\/la-politique-industrielle-de-l-ue-doit-aborder-les-questions-sociales\/"},"modified":"2025-02-08T18:45:37","modified_gmt":"2025-02-08T18:45:37","slug":"la-politique-industrielle-de-l-ue-doit-aborder-les-questions-sociales","status":"publish","type":"article","link":"https:\/\/admin.industriall-union.org\/fr\/la-politique-industrielle-de-l-ue-doit-aborder-les-questions-sociales\/","title":{"rendered":"La politique industrielle de l\u2019UE doit aborder les questions sociales"},"content":{"rendered":"<p>IndustriAll European Trade Union accueille la nouvelle politique industrielle pr\u00e9sent\u00e9e par la Commission, tout en affirmant qu&rsquo;elle n&rsquo;agit pas suffisamment sur les questions sociales grandissantes qui constituent toujours une menace pour l&rsquo;Europe. Dans le cas o\u00f9 la Commission europ\u00e9enne resterait fid\u00e8le \u00e0 sa politique actuelle d&rsquo;aust\u00e9rit\u00e9, les objectifs visant \u00e0 relancer l&rsquo;industrie en Europe ne seront pas atteints.<\/p><p>Dans un <a href=\"http:\/\/ec.europa.eu\/enterprise\/initiatives\/mission-growth\/index_en.htm\">document directif<\/a> publi\u00e9 le 10 octobre, la Commission europ\u00e9enne tente de relancer l&rsquo;activit\u00e9 dans la fabrication industrielle et de ramener des industries en Europe.<\/p><p>&quot;Nous sommes heureux de voir que la Commission partage notre opinion, en ce sens que seule une industrie europ\u00e9enne puissante peut amener un redressement \u00e9conomique apr\u00e8s des ann\u00e9es de crise&quot;, a d\u00e9clar\u00e9 Ulrich Eckelmann, secr\u00e9taire g\u00e9n\u00e9ral de IndustriAll European Trade Union. IndustriAll European Trade Union attend maintenant des propositions de financement appropri\u00e9es, du fait que le concept de financement contenu dans le document directif ne suffira pas pour obtenir une am\u00e9lioration de la croissance industrielle.<\/p><p>IndustriAll European Trade Union a sign\u00e9 la r\u00e9solution de la Conf\u00e9d\u00e9ration&nbsp; europ\u00e9enne des syndicats (CES) <a href=\"http:\/\/www.etuc.org\/IMG\/pdf\/EN-A-social-compact-for-Europe.pdf\">&ldquo;Un contrat social pour l&rsquo;Europe<\/a>&rdquo;.&nbsp;Un \u00e9l\u00e9ment important pour la CES concerne le fait d&rsquo;avoir les moyens et les ressources n\u00e9cessaires \u00e0 la formation pour conserver une main-d&rsquo;\u0153uvre qualifi\u00e9e.<\/p><p>&quot;L&rsquo;UE doit passer \u00e0 l&rsquo;action en politique industrielle. Les travailleurs et travailleuses d&rsquo;Europe ne peuvent plus se contenter de d\u00e9clarations sur un soutien purement hypoth\u00e9tique \u00e0 l&rsquo;industrie&quot;, a d\u00e9clar\u00e9 Bernadette S\u00e9gol, secr\u00e9taire g\u00e9n\u00e9rale de la CES. La politique industrielle europ\u00e9enne doit \u00e9galement porter sur les industries d&rsquo;avenir, comme l&rsquo;\u00e9nergie et les transports, de fa\u00e7on \u00e0 obtenir une \u00e9conomie verte et fiable.<\/p><p>La r\u00e9union du Comit\u00e9 ex\u00e9cutif de la CES, qui a eu lieu le 17 octobre, a demand\u00e9 d&rsquo;organiser une <a href=\"http:\/\/www.etuc.org\/a\/10439\">journ\u00e9e d&rsquo;action<\/a>&nbsp;et de solidarit\u00e9 le 14 novembre, avec des gr\u00e8ves, des manifestations, des rassemblements et d&rsquo;autres actions, ainsi qu&rsquo;une mobilisation du mouvement&nbsp; syndical europ\u00e9en derri\u00e8re les politiques de la CES fix\u00e9es dans le Contrat social pour l&rsquo;Europe.<\/p>","protected":false},"featured_media":0,"template":"","issues":[417,412,418],"companies":[],"regions":[202],"sectors":[],"article_tags":[527,536],"class_list":["post-175274","article","type-article","status-publish","hentry","issues-international-financial-institutions","issues-social-justice-and-globalization","issues-sustainability","regions-europe","article_tags-social-protection","article_tags-youth"],"acf":[],"yoast_head":"<!-- This site is optimized with the Yoast SEO Premium plugin v27.1 (Yoast SEO v27.1) - https:\/\/yoast.com\/product\/yoast-seo-premium-wordpress\/ -->\n<title>La politique industrielle de l\u2019UE doit aborder les questions sociales - industriall-union<\/title>\n<meta name=\"description\" content=\"IndustriAll European Trade Union accueille la nouvelle politique industrielle pr\u00e9sent\u00e9e par la Commission, tout en affirmant qu&rsquo;elle n&rsquo;agit\" \/>\n<meta name=\"robots\" content=\"index, follow, max-snippet:-1, max-image-preview:large, max-video-preview:-1\" \/>\n<link rel=\"canonical\" href=\"https:\/\/admin.industriall-union.org\/fr\/la-politique-industrielle-de-l-ue-doit-aborder-les-questions-sociales\/\" \/>\n<meta property=\"og:locale\" content=\"fr_FR\" \/>\n<meta property=\"og:type\" content=\"article\" \/>\n<meta property=\"og:title\" content=\"La politique industrielle de l\u2019UE doit aborder les questions sociales\" \/>\n<meta property=\"og:description\" content=\"IndustriAll European Trade Union accueille la nouvelle politique industrielle pr\u00e9sent\u00e9e par la Commission, tout en affirmant qu&rsquo;elle n&rsquo;agit\" \/>\n<meta property=\"og:url\" content=\"https:\/\/admin.industriall-union.org\/fr\/la-politique-industrielle-de-l-ue-doit-aborder-les-questions-sociales\/\" \/>\n<meta property=\"og:site_name\" content=\"industriall-union\" \/>\n<meta property=\"article:modified_time\" content=\"2025-02-08T18:45:37+00:00\" \/>\n<meta name=\"twitter:card\" content=\"summary_large_image\" \/>\n<meta name=\"twitter:label1\" content=\"Est. reading time\" \/>\n\t<meta name=\"twitter:data1\" content=\"2 minutes\" \/>\n<script type=\"application\/ld+json\" class=\"yoast-schema-graph\">{\"@context\":\"https:\/\/schema.org\",\"@graph\":[{\"@type\":\"WebPage\",\"@id\":\"https:\/\/admin.industriall-union.org\/fr\/la-politique-industrielle-de-l-ue-doit-aborder-les-questions-sociales\/\",\"url\":\"https:\/\/admin.industriall-union.org\/fr\/la-politique-industrielle-de-l-ue-doit-aborder-les-questions-sociales\/\",\"name\":\"La politique industrielle de l\u2019UE doit aborder les questions sociales - industriall-union\",\"isPartOf\":{\"@id\":\"https:\/\/admin.industriall-union.org\/#website\"},\"datePublished\":\"2012-10-18T13:28:12+00:00\",\"dateModified\":\"2025-02-08T18:45:37+00:00\",\"description\":\"IndustriAll European Trade Union accueille la nouvelle politique industrielle pr\u00e9sent\u00e9e par la Commission, tout en affirmant qu&rsquo;elle n&rsquo;agit\",\"breadcrumb\":{\"@id\":\"https:\/\/admin.industriall-union.org\/fr\/la-politique-industrielle-de-l-ue-doit-aborder-les-questions-sociales\/#breadcrumb\"},\"inLanguage\":\"fr-FR\",\"potentialAction\":[{\"@type\":\"ReadAction\",\"target\":[\"https:\/\/admin.industriall-union.org\/fr\/la-politique-industrielle-de-l-ue-doit-aborder-les-questions-sociales\/\"]}]},{\"@type\":\"BreadcrumbList\",\"@id\":\"https:\/\/admin.industriall-union.org\/fr\/la-politique-industrielle-de-l-ue-doit-aborder-les-questions-sociales\/#breadcrumb\",\"itemListElement\":[{\"@type\":\"ListItem\",\"position\":1,\"name\":\"Home\",\"item\":\"https:\/\/admin.industriall-union.org\/\"},{\"@type\":\"ListItem\",\"position\":2,\"name\":\"Articles\",\"item\":\"https:\/\/admin.industriall-union.org\/article\/\"},{\"@type\":\"ListItem\",\"position\":3,\"name\":\"La politique industrielle de l\u2019UE doit aborder les questions sociales\"}]},{\"@type\":\"WebSite\",\"@id\":\"https:\/\/admin.industriall-union.org\/#website\",\"url\":\"https:\/\/admin.industriall-union.org\/\",\"name\":\"industriall-union\",\"description\":\"\",\"potentialAction\":[{\"@type\":\"SearchAction\",\"target\":{\"@type\":\"EntryPoint\",\"urlTemplate\":\"https:\/\/admin.industriall-union.org\/?s={search_term_string}\"},\"query-input\":{\"@type\":\"PropertyValueSpecification\",\"valueRequired\":true,\"valueName\":\"search_term_string\"}}],\"inLanguage\":\"fr-FR\"}]}<\/script>\n<!-- \/ Yoast SEO Premium plugin. -->","yoast_head_json":{"title":"La politique industrielle de l\u2019UE doit aborder les questions sociales - industriall-union","description":"IndustriAll European Trade Union accueille la nouvelle politique industrielle pr\u00e9sent\u00e9e par la Commission, tout en affirmant qu&rsquo;elle n&rsquo;agit","robots":{"index":"index","follow":"follow","max-snippet":"max-snippet:-1","max-image-preview":"max-image-preview:large","max-video-preview":"max-video-preview:-1"},"canonical":"https:\/\/admin.industriall-union.org\/fr\/la-politique-industrielle-de-l-ue-doit-aborder-les-questions-sociales\/","og_locale":"fr_FR","og_type":"article","og_title":"La politique industrielle de l\u2019UE doit aborder les questions sociales","og_description":"IndustriAll European Trade Union accueille la nouvelle politique industrielle pr\u00e9sent\u00e9e par la Commission, tout en affirmant qu&rsquo;elle n&rsquo;agit","og_url":"https:\/\/admin.industriall-union.org\/fr\/la-politique-industrielle-de-l-ue-doit-aborder-les-questions-sociales\/","og_site_name":"industriall-union","article_modified_time":"2025-02-08T18:45:37+00:00","twitter_card":"summary_large_image","twitter_misc":{"Est. reading time":"2 minutes"},"schema":{"@context":"https:\/\/schema.org","@graph":[{"@type":"WebPage","@id":"https:\/\/admin.industriall-union.org\/fr\/la-politique-industrielle-de-l-ue-doit-aborder-les-questions-sociales\/","url":"https:\/\/admin.industriall-union.org\/fr\/la-politique-industrielle-de-l-ue-doit-aborder-les-questions-sociales\/","name":"La politique industrielle de l\u2019UE doit aborder les questions sociales - industriall-union","isPartOf":{"@id":"https:\/\/admin.industriall-union.org\/#website"},"datePublished":"2012-10-18T13:28:12+00:00","dateModified":"2025-02-08T18:45:37+00:00","description":"IndustriAll European Trade Union accueille la nouvelle politique industrielle pr\u00e9sent\u00e9e par la Commission, tout en affirmant qu&rsquo;elle n&rsquo;agit","breadcrumb":{"@id":"https:\/\/admin.industriall-union.org\/fr\/la-politique-industrielle-de-l-ue-doit-aborder-les-questions-sociales\/#breadcrumb"},"inLanguage":"fr-FR","potentialAction":[{"@type":"ReadAction","target":["https:\/\/admin.industriall-union.org\/fr\/la-politique-industrielle-de-l-ue-doit-aborder-les-questions-sociales\/"]}]},{"@type":"BreadcrumbList","@id":"https:\/\/admin.industriall-union.org\/fr\/la-politique-industrielle-de-l-ue-doit-aborder-les-questions-sociales\/#breadcrumb","itemListElement":[{"@type":"ListItem","position":1,"name":"Home","item":"https:\/\/admin.industriall-union.org\/"},{"@type":"ListItem","position":2,"name":"Articles","item":"https:\/\/admin.industriall-union.org\/article\/"},{"@type":"ListItem","position":3,"name":"La politique industrielle de l\u2019UE doit aborder les questions sociales"}]},{"@type":"WebSite","@id":"https:\/\/admin.industriall-union.org\/#website","url":"https:\/\/admin.industriall-union.org\/","name":"industriall-union","description":"","potentialAction":[{"@type":"SearchAction","target":{"@type":"EntryPoint","urlTemplate":"https:\/\/admin.industriall-union.org\/?s={search_term_string}"},"query-input":{"@type":"PropertyValueSpecification","valueRequired":true,"valueName":"search_term_string"}}],"inLanguage":"fr-FR"}]}},"_links":{"self":[{"href":"https:\/\/admin.industriall-union.org\/fr\/wp-json\/wp\/v2\/article\/175274","targetHints":{"allow":["GET"]}}],"collection":[{"href":"https:\/\/admin.industriall-union.org\/fr\/wp-json\/wp\/v2\/article"}],"about":[{"href":"https:\/\/admin.industriall-union.org\/fr\/wp-json\/wp\/v2\/types\/article"}],"wp:attachment":[{"href":"https:\/\/admin.industriall-union.org\/fr\/wp-json\/wp\/v2\/media?parent=175274"}],"wp:term":[{"taxonomy":"issues","embeddable":true,"href":"https:\/\/admin.industriall-union.org\/fr\/wp-json\/wp\/v2\/issues?post=175274"},{"taxonomy":"companies","embeddable":true,"href":"https:\/\/admin.industriall-union.org\/fr\/wp-json\/wp\/v2\/companies?post=175274"},{"taxonomy":"regions","embeddable":true,"href":"https:\/\/admin.industriall-union.org\/fr\/wp-json\/wp\/v2\/regions?post=175274"},{"taxonomy":"sectors","embeddable":true,"href":"https:\/\/admin.industriall-union.org\/fr\/wp-json\/wp\/v2\/sectors?post=175274"},{"taxonomy":"article_tags","embeddable":true,"href":"https:\/\/admin.industriall-union.org\/fr\/wp-json\/wp\/v2\/article_tags?post=175274"}],"curies":[{"name":"wp","href":"https:\/\/api.w.org\/{rel}","templated":true}]}}