{"id":175270,"date":"2012-10-18T13:34:40","date_gmt":"2012-10-18T13:34:40","guid":{"rendered":"https:\/\/admin.industriall-union.org\/num-organise-une-marche-contre-implats\/"},"modified":"2025-02-08T18:44:48","modified_gmt":"2025-02-08T18:44:48","slug":"num-organise-une-marche-contre-implats","status":"publish","type":"article","link":"https:\/\/admin.industriall-union.org\/fr\/num-organise-une-marche-contre-implats\/","title":{"rendered":"Num organise une marche contre Implats"},"content":{"rendered":"<p>En janvier 2012, les travailleurs de Impala Platinum ont fait une gr\u00e8ve sauvage pour protester contre la d\u00e9cision prise unilat\u00e9ralement par l&rsquo;entreprise d&rsquo;accorder \u00e0 certains travailleurs une augmentation de 18 pour cent. Cette augmentation \u00e9tait donn\u00e9e sans tenir compte de la structure de n\u00e9gociation collective du Num. La gr\u00e8ve de six semaines a finalement pris fin par la n\u00e9gociation avec le Num d&rsquo;une hausse g\u00e9n\u00e9rale de 18 pour cent.<\/p><p>Cependant, l&rsquo;action contre Impala Platinum a eu comme r\u00e9sultat que les mineurs d&rsquo;autres entreprises ont pr\u00e9sent\u00e9 des revendications en dehors du processus de n\u00e9gociation collective, en faisant pression sur les entreprises mini\u00e8res pour n\u00e9gocier en dehors des structures \u00e9tablies et reconnues. Ces faits sont \u00e0 l&rsquo;origine de la gr\u00e8ve chez Lonmin et de l&rsquo;agitation sociale qui a suivi et provoqu\u00e9 jusqu&rsquo;\u00e0 pr\u00e9sent la mort d&rsquo;au moins 70 personnes.<\/p><p>Deux forces entraient ici en jeu, un syndicat rival qui cherchait \u00e0 se frayer un chemin et l&rsquo;attitude opportuniste des entreprises mini\u00e8res, comme l&rsquo;a d\u00e9crit le porte-parole du Num, Lesiba Seshoko, &ldquo;motiv\u00e9e par des tactiques consistant \u00e0 diviser pour r\u00e9gner, pour s&rsquo;assurer que les travailleurs n&rsquo;aient aucune confiance dans le syndicat&rdquo;.<\/p><p>Ces deux forces ont pris pied par la violence et l&rsquo;intimidation continuelles chez Impala Platinum. Selon Seshoko, &ldquo;Impala n&rsquo;a rien fait pour s&rsquo;opposer \u00e0 la violence, permettant m\u00eame \u00e0 des travailleurs d&rsquo;\u00eatre munis d&rsquo;armes \u00e0 feu et autres dans le travail. Les bureaux du Num chez Impala ont \u00e9t\u00e9 ferm\u00e9s de force en janvier et restent ferm\u00e9 en raison du climat actuel d&rsquo;intimidation. Ce qui est plus important, c&rsquo;est que Impala n&rsquo;a pris aucune mesure disciplinaire contre les auteurs des d\u00e9lits&rdquo;.&nbsp; Le Num exige que des mesures de s\u00e9curit\u00e9 soient prises imm\u00e9diatement chez Impala platinum pour mettre fin \u00e0 la violence et \u00e0 l&rsquo;intimidation, et pour obtenir la r\u00e9ouverture des bureaux du Num.<\/p><p>Impala platinum a \u00e9galement parl\u00e9 publiquement d&rsquo;un d\u00e9clin des effectifs du Num dans l&rsquo;entreprise qui seraient pass\u00e9s de 70 \u00e0 13 pour cent, tout en faisant marche arri\u00e8re pour un processus de v\u00e9rification. Num soutient que des travailleurs ont \u00e9t\u00e9 forc\u00e9s de d\u00e9missionner pour adh\u00e9rer au syndicat rival, et a demand\u00e9 une v\u00e9rification ind\u00e9pendante, en l&rsquo;absence de toute intimidation, pour d\u00e9cider de leur repr\u00e9sentation \u00e0 la mine.<\/p>","protected":false},"featured_media":0,"template":"","issues":[422],"companies":[],"regions":[350],"sectors":[495],"article_tags":[505,511,529],"class_list":["post-175270","article","type-article","status-publish","hentry","issues-human-trade-union-rights","regions-south-africa","sectors-mining","article_tags-collective-bargaining","article_tags-industriall","article_tags-strike"],"acf":[],"yoast_head":"<!-- This site is optimized with the Yoast SEO Premium plugin v27.1 (Yoast SEO v27.1) - https:\/\/yoast.com\/product\/yoast-seo-premium-wordpress\/ -->\n<title>Num organise une marche contre Implats - industriall-union<\/title>\n<meta name=\"description\" content=\"En janvier 2012, les travailleurs de Impala Platinum ont fait une gr\u00e8ve sauvage pour protester contre la d\u00e9cision prise unilat\u00e9ralement par\" \/>\n<meta name=\"robots\" content=\"index, follow, max-snippet:-1, max-image-preview:large, max-video-preview:-1\" \/>\n<link rel=\"canonical\" href=\"https:\/\/admin.industriall-union.org\/fr\/num-organise-une-marche-contre-implats\/\" \/>\n<meta property=\"og:locale\" content=\"fr_FR\" \/>\n<meta property=\"og:type\" content=\"article\" \/>\n<meta property=\"og:title\" content=\"Num organise une marche contre Implats\" \/>\n<meta property=\"og:description\" content=\"En janvier 2012, les travailleurs de Impala Platinum ont fait une gr\u00e8ve sauvage pour protester contre la d\u00e9cision prise unilat\u00e9ralement par\" \/>\n<meta property=\"og:url\" content=\"https:\/\/admin.industriall-union.org\/fr\/num-organise-une-marche-contre-implats\/\" \/>\n<meta property=\"og:site_name\" content=\"industriall-union\" \/>\n<meta property=\"article:modified_time\" content=\"2025-02-08T18:44:48+00:00\" \/>\n<meta name=\"twitter:card\" content=\"summary_large_image\" \/>\n<meta name=\"twitter:label1\" content=\"Est. reading time\" \/>\n\t<meta name=\"twitter:data1\" content=\"2 minutes\" \/>\n<script type=\"application\/ld+json\" class=\"yoast-schema-graph\">{\"@context\":\"https:\/\/schema.org\",\"@graph\":[{\"@type\":\"WebPage\",\"@id\":\"https:\/\/admin.industriall-union.org\/fr\/num-organise-une-marche-contre-implats\/\",\"url\":\"https:\/\/admin.industriall-union.org\/fr\/num-organise-une-marche-contre-implats\/\",\"name\":\"Num organise une marche contre Implats - industriall-union\",\"isPartOf\":{\"@id\":\"https:\/\/admin.industriall-union.org\/#website\"},\"datePublished\":\"2012-10-18T13:34:40+00:00\",\"dateModified\":\"2025-02-08T18:44:48+00:00\",\"description\":\"En janvier 2012, les travailleurs de Impala Platinum ont fait une gr\u00e8ve sauvage pour protester contre la d\u00e9cision prise unilat\u00e9ralement par\",\"breadcrumb\":{\"@id\":\"https:\/\/admin.industriall-union.org\/fr\/num-organise-une-marche-contre-implats\/#breadcrumb\"},\"inLanguage\":\"fr-FR\",\"potentialAction\":[{\"@type\":\"ReadAction\",\"target\":[\"https:\/\/admin.industriall-union.org\/fr\/num-organise-une-marche-contre-implats\/\"]}]},{\"@type\":\"BreadcrumbList\",\"@id\":\"https:\/\/admin.industriall-union.org\/fr\/num-organise-une-marche-contre-implats\/#breadcrumb\",\"itemListElement\":[{\"@type\":\"ListItem\",\"position\":1,\"name\":\"Home\",\"item\":\"https:\/\/admin.industriall-union.org\/\"},{\"@type\":\"ListItem\",\"position\":2,\"name\":\"Articles\",\"item\":\"https:\/\/admin.industriall-union.org\/article\/\"},{\"@type\":\"ListItem\",\"position\":3,\"name\":\"Num organise une marche contre Implats\"}]},{\"@type\":\"WebSite\",\"@id\":\"https:\/\/admin.industriall-union.org\/#website\",\"url\":\"https:\/\/admin.industriall-union.org\/\",\"name\":\"industriall-union\",\"description\":\"\",\"potentialAction\":[{\"@type\":\"SearchAction\",\"target\":{\"@type\":\"EntryPoint\",\"urlTemplate\":\"https:\/\/admin.industriall-union.org\/?s={search_term_string}\"},\"query-input\":{\"@type\":\"PropertyValueSpecification\",\"valueRequired\":true,\"valueName\":\"search_term_string\"}}],\"inLanguage\":\"fr-FR\"}]}<\/script>\n<!-- \/ Yoast SEO Premium plugin. -->","yoast_head_json":{"title":"Num organise une marche contre Implats - industriall-union","description":"En janvier 2012, les travailleurs de Impala Platinum ont fait une gr\u00e8ve sauvage pour protester contre la d\u00e9cision prise unilat\u00e9ralement par","robots":{"index":"index","follow":"follow","max-snippet":"max-snippet:-1","max-image-preview":"max-image-preview:large","max-video-preview":"max-video-preview:-1"},"canonical":"https:\/\/admin.industriall-union.org\/fr\/num-organise-une-marche-contre-implats\/","og_locale":"fr_FR","og_type":"article","og_title":"Num organise une marche contre Implats","og_description":"En janvier 2012, les travailleurs de Impala Platinum ont fait une gr\u00e8ve sauvage pour protester contre la d\u00e9cision prise unilat\u00e9ralement par","og_url":"https:\/\/admin.industriall-union.org\/fr\/num-organise-une-marche-contre-implats\/","og_site_name":"industriall-union","article_modified_time":"2025-02-08T18:44:48+00:00","twitter_card":"summary_large_image","twitter_misc":{"Est. reading time":"2 minutes"},"schema":{"@context":"https:\/\/schema.org","@graph":[{"@type":"WebPage","@id":"https:\/\/admin.industriall-union.org\/fr\/num-organise-une-marche-contre-implats\/","url":"https:\/\/admin.industriall-union.org\/fr\/num-organise-une-marche-contre-implats\/","name":"Num organise une marche contre Implats - industriall-union","isPartOf":{"@id":"https:\/\/admin.industriall-union.org\/#website"},"datePublished":"2012-10-18T13:34:40+00:00","dateModified":"2025-02-08T18:44:48+00:00","description":"En janvier 2012, les travailleurs de Impala Platinum ont fait une gr\u00e8ve sauvage pour protester contre la d\u00e9cision prise unilat\u00e9ralement par","breadcrumb":{"@id":"https:\/\/admin.industriall-union.org\/fr\/num-organise-une-marche-contre-implats\/#breadcrumb"},"inLanguage":"fr-FR","potentialAction":[{"@type":"ReadAction","target":["https:\/\/admin.industriall-union.org\/fr\/num-organise-une-marche-contre-implats\/"]}]},{"@type":"BreadcrumbList","@id":"https:\/\/admin.industriall-union.org\/fr\/num-organise-une-marche-contre-implats\/#breadcrumb","itemListElement":[{"@type":"ListItem","position":1,"name":"Home","item":"https:\/\/admin.industriall-union.org\/"},{"@type":"ListItem","position":2,"name":"Articles","item":"https:\/\/admin.industriall-union.org\/article\/"},{"@type":"ListItem","position":3,"name":"Num organise une marche contre Implats"}]},{"@type":"WebSite","@id":"https:\/\/admin.industriall-union.org\/#website","url":"https:\/\/admin.industriall-union.org\/","name":"industriall-union","description":"","potentialAction":[{"@type":"SearchAction","target":{"@type":"EntryPoint","urlTemplate":"https:\/\/admin.industriall-union.org\/?s={search_term_string}"},"query-input":{"@type":"PropertyValueSpecification","valueRequired":true,"valueName":"search_term_string"}}],"inLanguage":"fr-FR"}]}},"_links":{"self":[{"href":"https:\/\/admin.industriall-union.org\/fr\/wp-json\/wp\/v2\/article\/175270","targetHints":{"allow":["GET"]}}],"collection":[{"href":"https:\/\/admin.industriall-union.org\/fr\/wp-json\/wp\/v2\/article"}],"about":[{"href":"https:\/\/admin.industriall-union.org\/fr\/wp-json\/wp\/v2\/types\/article"}],"wp:attachment":[{"href":"https:\/\/admin.industriall-union.org\/fr\/wp-json\/wp\/v2\/media?parent=175270"}],"wp:term":[{"taxonomy":"issues","embeddable":true,"href":"https:\/\/admin.industriall-union.org\/fr\/wp-json\/wp\/v2\/issues?post=175270"},{"taxonomy":"companies","embeddable":true,"href":"https:\/\/admin.industriall-union.org\/fr\/wp-json\/wp\/v2\/companies?post=175270"},{"taxonomy":"regions","embeddable":true,"href":"https:\/\/admin.industriall-union.org\/fr\/wp-json\/wp\/v2\/regions?post=175270"},{"taxonomy":"sectors","embeddable":true,"href":"https:\/\/admin.industriall-union.org\/fr\/wp-json\/wp\/v2\/sectors?post=175270"},{"taxonomy":"article_tags","embeddable":true,"href":"https:\/\/admin.industriall-union.org\/fr\/wp-json\/wp\/v2\/article_tags?post=175270"}],"curies":[{"name":"wp","href":"https:\/\/api.w.org\/{rel}","templated":true}]}}