{"id":175244,"date":"2012-10-23T13:47:13","date_gmt":"2012-10-23T13:47:13","guid":{"rendered":"https:\/\/admin.industriall-union.org\/s-opposer-a-la-reforme-de-la-legislation-anti-ouvriere-au-mexique\/"},"modified":"2025-02-08T18:37:28","modified_gmt":"2025-02-08T18:37:28","slug":"s-opposer-a-la-reforme-de-la-legislation-anti-ouvriere-au-mexique","status":"publish","type":"article","link":"https:\/\/admin.industriall-union.org\/fr\/s-opposer-a-la-reforme-de-la-legislation-anti-ouvriere-au-mexique\/","title":{"rendered":"S\u2019opposer \u00e0 la r\u00e9forme de la l\u00e9gislation anti-ouvri\u00e8re au Mexique"},"content":{"rendered":"<p>Les changements dangereux \u00e0 la l\u00e9gislation du travail au Mexique visent \u00e0 l\u00e9galiser le non-respect g\u00e9n\u00e9ral des droits des travailleurs et travailleuses dans tout le pays. Le S\u00e9nat a renvoy\u00e9 mardi le projet de loi \u00e0 la chambre basse du Parlement, avec des amendements sur la transparence syndicale, mais la majorit\u00e9 dans les deux chambres approuve la plupart des mesures antisyndicales. Joignez-vous aux syndicats du monde entier en envoyant directement un message de condamnation \u00e0 cinq s\u00e9nateurs dont le r\u00f4le est capital.<\/p><p>Comme signal\u00e9 auparavant, la loi a \u00e9t\u00e9 pr\u00e9par\u00e9e par le pr\u00e9sident sortant Calder\u00f3n, qui s&rsquo;est comport\u00e9 en ennemi de la classe ouvri\u00e8re mexicaine durant les six ann\u00e9es de son mandat. Elle b\u00e9n\u00e9ficie du soutien de l&rsquo;alliance des deux plus grands partis PRI et PAN favorables au patronat. Un processus de pr\u00e9sentation antid\u00e9mocratique a permis d&rsquo;acc\u00e9l\u00e9rer le passage de la loi au Parlement sans donner lieu \u00e0 de v\u00e9ritables d\u00e9lib\u00e9rations.<\/p><p>La plupart des abus que ces changements vont perp\u00e9trer ont d\u00e9j\u00e0 actuellement commun\u00e9ment lieu, mais le fait qu&rsquo;ils seront l\u00e9galis\u00e9s supprime les derni\u00e8res protections pour les travailleurs et travailleuses et pour les libert\u00e9s syndicales dans le pays. Cette ann\u00e9e, les services de mise en application des d\u00e9cisions du gouvernement mexicain ont intensifi\u00e9 la r\u00e9pression des syndicats ind\u00e9pendants et pr\u00e9sent\u00e9 cette r\u00e9forme r\u00e9gressive de la l\u00e9gislation du travail&rdquo;.<\/p><p>Un changement important donnera \u00e0 l&rsquo;employeur une plus grande flexibilit\u00e9 pour prendre des mesures \u00e0 l&rsquo;\u00e9gard de la main-d&rsquo;\u0153uvre. Cela va se traduire par une sous-traitance effr\u00e9n\u00e9e, des contrats d&rsquo;emploi temporaire et \u00e0 court terme, toutes les formes d&rsquo;emploi pr\u00e9caire qui visent \u00e0 emp\u00eacher toute possibilit\u00e9 de syndicalisation et de n\u00e9gociation collective par des syndicats ind\u00e9pendants. Chaque travailleur et travailleuse sous contrat \u00e0 court terme qui signalera le non respect de droits fondamentaux du travail ou des abus dans le domaine de la sant\u00e9 et de la s\u00e9curit\u00e9 au travail risquera de ne pas obtenir le renouvellement de son contrat et ne b\u00e9n\u00e9ficiera d&rsquo;aucune protection l\u00e9gale. Cette tendance \u00e0 l&rsquo;emploi pr\u00e9caire permettra de concentrer tout le pouvoir entre les mains de l&rsquo;employeur.<\/p><p>Actuellement, la l\u00e9gislation f\u00e9d\u00e9rale du travail ne n\u00e9cessite aucune r\u00e9forme; elle permet de profiter de lacunes et est faible en termes de protection du travail. Cependant, les changements qui feront l&rsquo;objet d&rsquo;un vote cette semaine ne pr\u00e9voient rien pour s&rsquo;attaquer \u00e0 ces probl\u00e8mes et ne peuvent que causer de nouveaux dommages.<\/p><p>Le probl\u00e8me du d\u00e9veloppement scandaleux des contrats de protection au Mexique, d\u00e9nonc\u00e9 dans une plainte de IndustriALL (ex-FIOM) au Comit\u00e9 de la libert\u00e9 syndicale du BIT, a \u00e9t\u00e9 condamn\u00e9 par tout le mouvement syndical et par les recommandations du Conseil d&rsquo;administration du Bureau international du Travail qui a demand\u00e9 en 2011 au gouvernement mexicain d&rsquo;enqu\u00eater sur l&rsquo;emploi des contrats de protection pour restreindre le processus de n\u00e9gociation collective.&nbsp;<\/p>","protected":false},"featured_media":0,"template":"","issues":[420],"companies":[],"regions":[275],"sectors":[],"article_tags":[513],"class_list":["post-175244","article","type-article","status-publish","hentry","issues-solidarity","regions-mexico","article_tags-labour-laws"],"acf":[],"yoast_head":"<!-- This site is optimized with the Yoast SEO Premium plugin v27.1 (Yoast SEO v27.1) - https:\/\/yoast.com\/product\/yoast-seo-premium-wordpress\/ -->\n<title>S\u2019opposer \u00e0 la r\u00e9forme de la l\u00e9gislation anti-ouvri\u00e8re au Mexique - industriall-union<\/title>\n<meta name=\"description\" content=\"Les changements dangereux \u00e0 la l\u00e9gislation du travail au Mexique visent \u00e0 l\u00e9galiser le non-respect g\u00e9n\u00e9ral des droits des travailleurs et travailleuses\" \/>\n<meta name=\"robots\" content=\"index, follow, max-snippet:-1, max-image-preview:large, max-video-preview:-1\" \/>\n<link rel=\"canonical\" href=\"https:\/\/admin.industriall-union.org\/fr\/s-opposer-a-la-reforme-de-la-legislation-anti-ouvriere-au-mexique\/\" \/>\n<meta property=\"og:locale\" content=\"fr_FR\" \/>\n<meta property=\"og:type\" content=\"article\" \/>\n<meta property=\"og:title\" content=\"S\u2019opposer \u00e0 la r\u00e9forme de la l\u00e9gislation anti-ouvri\u00e8re au Mexique\" \/>\n<meta property=\"og:description\" content=\"Les changements dangereux \u00e0 la l\u00e9gislation du travail au Mexique visent \u00e0 l\u00e9galiser le non-respect g\u00e9n\u00e9ral des droits des travailleurs et travailleuses\" \/>\n<meta property=\"og:url\" content=\"https:\/\/admin.industriall-union.org\/fr\/s-opposer-a-la-reforme-de-la-legislation-anti-ouvriere-au-mexique\/\" \/>\n<meta property=\"og:site_name\" content=\"industriall-union\" \/>\n<meta property=\"article:modified_time\" content=\"2025-02-08T18:37:28+00:00\" \/>\n<meta name=\"twitter:card\" content=\"summary_large_image\" \/>\n<meta name=\"twitter:label1\" content=\"Est. reading time\" \/>\n\t<meta name=\"twitter:data1\" content=\"3 minutes\" \/>\n<script type=\"application\/ld+json\" class=\"yoast-schema-graph\">{\"@context\":\"https:\/\/schema.org\",\"@graph\":[{\"@type\":\"WebPage\",\"@id\":\"https:\/\/admin.industriall-union.org\/fr\/s-opposer-a-la-reforme-de-la-legislation-anti-ouvriere-au-mexique\/\",\"url\":\"https:\/\/admin.industriall-union.org\/fr\/s-opposer-a-la-reforme-de-la-legislation-anti-ouvriere-au-mexique\/\",\"name\":\"S\u2019opposer \u00e0 la r\u00e9forme de la l\u00e9gislation anti-ouvri\u00e8re au Mexique - industriall-union\",\"isPartOf\":{\"@id\":\"https:\/\/admin.industriall-union.org\/#website\"},\"datePublished\":\"2012-10-23T13:47:13+00:00\",\"dateModified\":\"2025-02-08T18:37:28+00:00\",\"description\":\"Les changements dangereux \u00e0 la l\u00e9gislation du travail au Mexique visent \u00e0 l\u00e9galiser le non-respect g\u00e9n\u00e9ral des droits des travailleurs et travailleuses\",\"breadcrumb\":{\"@id\":\"https:\/\/admin.industriall-union.org\/fr\/s-opposer-a-la-reforme-de-la-legislation-anti-ouvriere-au-mexique\/#breadcrumb\"},\"inLanguage\":\"fr-FR\",\"potentialAction\":[{\"@type\":\"ReadAction\",\"target\":[\"https:\/\/admin.industriall-union.org\/fr\/s-opposer-a-la-reforme-de-la-legislation-anti-ouvriere-au-mexique\/\"]}]},{\"@type\":\"BreadcrumbList\",\"@id\":\"https:\/\/admin.industriall-union.org\/fr\/s-opposer-a-la-reforme-de-la-legislation-anti-ouvriere-au-mexique\/#breadcrumb\",\"itemListElement\":[{\"@type\":\"ListItem\",\"position\":1,\"name\":\"Home\",\"item\":\"https:\/\/admin.industriall-union.org\/\"},{\"@type\":\"ListItem\",\"position\":2,\"name\":\"Articles\",\"item\":\"https:\/\/admin.industriall-union.org\/article\/\"},{\"@type\":\"ListItem\",\"position\":3,\"name\":\"S\u2019opposer \u00e0 la r\u00e9forme de la l\u00e9gislation anti-ouvri\u00e8re au Mexique\"}]},{\"@type\":\"WebSite\",\"@id\":\"https:\/\/admin.industriall-union.org\/#website\",\"url\":\"https:\/\/admin.industriall-union.org\/\",\"name\":\"industriall-union\",\"description\":\"\",\"potentialAction\":[{\"@type\":\"SearchAction\",\"target\":{\"@type\":\"EntryPoint\",\"urlTemplate\":\"https:\/\/admin.industriall-union.org\/?s={search_term_string}\"},\"query-input\":{\"@type\":\"PropertyValueSpecification\",\"valueRequired\":true,\"valueName\":\"search_term_string\"}}],\"inLanguage\":\"fr-FR\"}]}<\/script>\n<!-- \/ Yoast SEO Premium plugin. -->","yoast_head_json":{"title":"S\u2019opposer \u00e0 la r\u00e9forme de la l\u00e9gislation anti-ouvri\u00e8re au Mexique - industriall-union","description":"Les changements dangereux \u00e0 la l\u00e9gislation du travail au Mexique visent \u00e0 l\u00e9galiser le non-respect g\u00e9n\u00e9ral des droits des travailleurs et travailleuses","robots":{"index":"index","follow":"follow","max-snippet":"max-snippet:-1","max-image-preview":"max-image-preview:large","max-video-preview":"max-video-preview:-1"},"canonical":"https:\/\/admin.industriall-union.org\/fr\/s-opposer-a-la-reforme-de-la-legislation-anti-ouvriere-au-mexique\/","og_locale":"fr_FR","og_type":"article","og_title":"S\u2019opposer \u00e0 la r\u00e9forme de la l\u00e9gislation anti-ouvri\u00e8re au Mexique","og_description":"Les changements dangereux \u00e0 la l\u00e9gislation du travail au Mexique visent \u00e0 l\u00e9galiser le non-respect g\u00e9n\u00e9ral des droits des travailleurs et travailleuses","og_url":"https:\/\/admin.industriall-union.org\/fr\/s-opposer-a-la-reforme-de-la-legislation-anti-ouvriere-au-mexique\/","og_site_name":"industriall-union","article_modified_time":"2025-02-08T18:37:28+00:00","twitter_card":"summary_large_image","twitter_misc":{"Est. reading time":"3 minutes"},"schema":{"@context":"https:\/\/schema.org","@graph":[{"@type":"WebPage","@id":"https:\/\/admin.industriall-union.org\/fr\/s-opposer-a-la-reforme-de-la-legislation-anti-ouvriere-au-mexique\/","url":"https:\/\/admin.industriall-union.org\/fr\/s-opposer-a-la-reforme-de-la-legislation-anti-ouvriere-au-mexique\/","name":"S\u2019opposer \u00e0 la r\u00e9forme de la l\u00e9gislation anti-ouvri\u00e8re au Mexique - industriall-union","isPartOf":{"@id":"https:\/\/admin.industriall-union.org\/#website"},"datePublished":"2012-10-23T13:47:13+00:00","dateModified":"2025-02-08T18:37:28+00:00","description":"Les changements dangereux \u00e0 la l\u00e9gislation du travail au Mexique visent \u00e0 l\u00e9galiser le non-respect g\u00e9n\u00e9ral des droits des travailleurs et travailleuses","breadcrumb":{"@id":"https:\/\/admin.industriall-union.org\/fr\/s-opposer-a-la-reforme-de-la-legislation-anti-ouvriere-au-mexique\/#breadcrumb"},"inLanguage":"fr-FR","potentialAction":[{"@type":"ReadAction","target":["https:\/\/admin.industriall-union.org\/fr\/s-opposer-a-la-reforme-de-la-legislation-anti-ouvriere-au-mexique\/"]}]},{"@type":"BreadcrumbList","@id":"https:\/\/admin.industriall-union.org\/fr\/s-opposer-a-la-reforme-de-la-legislation-anti-ouvriere-au-mexique\/#breadcrumb","itemListElement":[{"@type":"ListItem","position":1,"name":"Home","item":"https:\/\/admin.industriall-union.org\/"},{"@type":"ListItem","position":2,"name":"Articles","item":"https:\/\/admin.industriall-union.org\/article\/"},{"@type":"ListItem","position":3,"name":"S\u2019opposer \u00e0 la r\u00e9forme de la l\u00e9gislation anti-ouvri\u00e8re au Mexique"}]},{"@type":"WebSite","@id":"https:\/\/admin.industriall-union.org\/#website","url":"https:\/\/admin.industriall-union.org\/","name":"industriall-union","description":"","potentialAction":[{"@type":"SearchAction","target":{"@type":"EntryPoint","urlTemplate":"https:\/\/admin.industriall-union.org\/?s={search_term_string}"},"query-input":{"@type":"PropertyValueSpecification","valueRequired":true,"valueName":"search_term_string"}}],"inLanguage":"fr-FR"}]}},"_links":{"self":[{"href":"https:\/\/admin.industriall-union.org\/fr\/wp-json\/wp\/v2\/article\/175244","targetHints":{"allow":["GET"]}}],"collection":[{"href":"https:\/\/admin.industriall-union.org\/fr\/wp-json\/wp\/v2\/article"}],"about":[{"href":"https:\/\/admin.industriall-union.org\/fr\/wp-json\/wp\/v2\/types\/article"}],"wp:attachment":[{"href":"https:\/\/admin.industriall-union.org\/fr\/wp-json\/wp\/v2\/media?parent=175244"}],"wp:term":[{"taxonomy":"issues","embeddable":true,"href":"https:\/\/admin.industriall-union.org\/fr\/wp-json\/wp\/v2\/issues?post=175244"},{"taxonomy":"companies","embeddable":true,"href":"https:\/\/admin.industriall-union.org\/fr\/wp-json\/wp\/v2\/companies?post=175244"},{"taxonomy":"regions","embeddable":true,"href":"https:\/\/admin.industriall-union.org\/fr\/wp-json\/wp\/v2\/regions?post=175244"},{"taxonomy":"sectors","embeddable":true,"href":"https:\/\/admin.industriall-union.org\/fr\/wp-json\/wp\/v2\/sectors?post=175244"},{"taxonomy":"article_tags","embeddable":true,"href":"https:\/\/admin.industriall-union.org\/fr\/wp-json\/wp\/v2\/article_tags?post=175244"}],"curies":[{"name":"wp","href":"https:\/\/api.w.org\/{rel}","templated":true}]}}