{"id":175089,"date":"2012-11-01T17:19:15","date_gmt":"2012-11-01T17:19:15","guid":{"rendered":"https:\/\/admin.industriall-union.org\/les-syndicats-europeens-protestent-contre-les-fermetures-d-usine-ford\/"},"modified":"2025-02-08T18:07:57","modified_gmt":"2025-02-08T18:07:57","slug":"les-syndicats-europeens-protestent-contre-les-fermetures-d-usine-ford","status":"publish","type":"article","link":"https:\/\/admin.industriall-union.org\/fr\/les-syndicats-europeens-protestent-contre-les-fermetures-d-usine-ford\/","title":{"rendered":"Les syndicats europ\u00e9ens protestent contre  les fermetures d\u2019usine Ford"},"content":{"rendered":"<p>Le 24 octobre, Ford a confirm\u00e9 la fermeture de son usine de montage automobile \u00e0 Genk, Belgique, et le transfert de la production en Espagne. Le lendemain, l&rsquo;entreprise a annonc\u00e9 qu&rsquo;elle allait fermer l&rsquo;usine de fabrication de chassis-cabine de Transit \u00e0 Southampton et les unit\u00e9s d&rsquo;outillage et d&rsquo;emboutissage \u00e0 Dagenham, Royaume-Uni.<\/p><p>L&rsquo;entreprise d\u00e9clare vouloir r\u00e9duire sa surcapacit\u00e9 en Europe pour compenser les pertes dues \u00e0 la baisse de la demande sur le march\u00e9 automobile en Europe occidentale. Dans le cas o\u00f9 Ford appliquerait sa d\u00e9cision, cela provoquerait la perte de 4.300 emplois en Belgique et de 1.400 au Royaume-Uni.<\/p><p>Les syndicats belges ont annonc\u00e9 des manifestations massives pour le 11 novembre en r\u00e9ponse aux projets annonc\u00e9s. Cette d\u00e9cision de Ford est le deuxi\u00e8me coup important port\u00e9 au secteur de l&rsquo;automobile dans le pays depuis le d\u00e9but d&rsquo;octobre quand General Motors a d\u00e9cid\u00e9 de supprimer plus de mille emplois \u00e0 Anvers.<\/p><p>Le plus grand syndicat britannique, Unite the Union, a accus\u00e9 l&rsquo;entreprise de &ldquo;tra\u00eetrise&rdquo; envers sa main-d&rsquo;\u0153uvre qui a toujours \u00e9t\u00e9 loyale. Le secr\u00e9taire g\u00e9n\u00e9ral de Unite, Len McCluskey, a d\u00e9clar\u00e9 que cette d\u00e9cision aura des cons\u00e9quences tragiques au niveau local pour plus de 10.000 emplois dans les cha\u00eenes d&rsquo;approvisionnement.<\/p><p>Afin de faire face \u00e0 la question des fermetures et de la restructuration en Europe dans son enti\u00e8re complexit\u00e9, les syndicats europ\u00e9ens repr\u00e9sentant la main-d&rsquo;\u0153uvre employ\u00e9e dans l&rsquo;automobile se sont tourn\u00e9s vers les institutions europ\u00e9ennes en leur adressant une d\u00e9claration adopt\u00e9e \u00e0 la r\u00e9union r\u00e9cente sur l&rsquo;automobile de IndustriALL European Trade Union, organis\u00e9e le 30 octobre \u00e0 Luxembourg.<\/p><p>&quot;Nous demandons aux institutions europ\u00e9ennes d&rsquo;obtenir sans plus tarder une gestion socialement acceptable de la restructuration et des pr\u00e9visions de changement. Il devrait \u00eatre possible d&rsquo;assurer dans le cadre europ\u00e9en une gestion correcte en anticipant sur le changement et le co\u00fbt social d&rsquo;une restructuration limit\u00e9e&quot;, est-il indiqu\u00e9 dans la d\u00e9claration.<\/p><p>Le groupe europ\u00e9en des syndicats de l&rsquo;automobile a soutenu \u00e9galement l&rsquo;annonce faite auparavant par la Conf\u00e9d\u00e9ration europ\u00e9enne des syndicats (CES) pour la journ\u00e9e anti-aust\u00e9rit\u00e9, la Journ\u00e9e europ\u00e9enne d&rsquo;action et de solidarit\u00e9, pr\u00e9vue pour le 14 novembre 2012.<\/p>","protected":false},"featured_media":0,"template":"","issues":[406,409,412,420],"companies":[51],"regions":[208,202,251],"sectors":[482],"article_tags":[],"class_list":["post-175089","article","type-article","status-publish","hentry","issues-confronting-global-capital","issues-multinational-companies-mncs","issues-social-justice-and-globalization","issues-solidarity","companies-ford-motor-co","regions-belgium","regions-europe","regions-united-kingdom","sectors-automotive"],"acf":[],"yoast_head":"<!-- This site is optimized with the Yoast SEO Premium plugin v27.1 (Yoast SEO v27.1) - https:\/\/yoast.com\/product\/yoast-seo-premium-wordpress\/ -->\n<title>Les syndicats europ\u00e9ens protestent contre les fermetures d\u2019usine Ford - industriall-union<\/title>\n<meta name=\"description\" content=\"Le 24 octobre, Ford a confirm\u00e9 la fermeture de son usine de montage automobile \u00e0 Genk, Belgique, et le transfert de la production en Espagne. Le\" \/>\n<meta name=\"robots\" content=\"index, follow, max-snippet:-1, max-image-preview:large, max-video-preview:-1\" \/>\n<link rel=\"canonical\" href=\"https:\/\/admin.industriall-union.org\/fr\/les-syndicats-europeens-protestent-contre-les-fermetures-d-usine-ford\/\" \/>\n<meta property=\"og:locale\" content=\"fr_FR\" \/>\n<meta property=\"og:type\" content=\"article\" \/>\n<meta property=\"og:title\" content=\"Les syndicats europ\u00e9ens protestent contre les fermetures d\u2019usine Ford\" \/>\n<meta property=\"og:description\" content=\"Le 24 octobre, Ford a confirm\u00e9 la fermeture de son usine de montage automobile \u00e0 Genk, Belgique, et le transfert de la production en Espagne. Le\" \/>\n<meta property=\"og:url\" content=\"https:\/\/admin.industriall-union.org\/fr\/les-syndicats-europeens-protestent-contre-les-fermetures-d-usine-ford\/\" \/>\n<meta property=\"og:site_name\" content=\"industriall-union\" \/>\n<meta property=\"article:modified_time\" content=\"2025-02-08T18:07:57+00:00\" \/>\n<meta name=\"twitter:card\" content=\"summary_large_image\" \/>\n<meta name=\"twitter:label1\" content=\"Est. reading time\" \/>\n\t<meta name=\"twitter:data1\" content=\"2 minutes\" \/>\n<script type=\"application\/ld+json\" class=\"yoast-schema-graph\">{\"@context\":\"https:\/\/schema.org\",\"@graph\":[{\"@type\":\"WebPage\",\"@id\":\"https:\/\/admin.industriall-union.org\/fr\/les-syndicats-europeens-protestent-contre-les-fermetures-d-usine-ford\/\",\"url\":\"https:\/\/admin.industriall-union.org\/fr\/les-syndicats-europeens-protestent-contre-les-fermetures-d-usine-ford\/\",\"name\":\"Les syndicats europ\u00e9ens protestent contre les fermetures d\u2019usine Ford - industriall-union\",\"isPartOf\":{\"@id\":\"https:\/\/admin.industriall-union.org\/#website\"},\"datePublished\":\"2012-11-01T17:19:15+00:00\",\"dateModified\":\"2025-02-08T18:07:57+00:00\",\"description\":\"Le 24 octobre, Ford a confirm\u00e9 la fermeture de son usine de montage automobile \u00e0 Genk, Belgique, et le transfert de la production en Espagne. Le\",\"breadcrumb\":{\"@id\":\"https:\/\/admin.industriall-union.org\/fr\/les-syndicats-europeens-protestent-contre-les-fermetures-d-usine-ford\/#breadcrumb\"},\"inLanguage\":\"fr-FR\",\"potentialAction\":[{\"@type\":\"ReadAction\",\"target\":[\"https:\/\/admin.industriall-union.org\/fr\/les-syndicats-europeens-protestent-contre-les-fermetures-d-usine-ford\/\"]}]},{\"@type\":\"BreadcrumbList\",\"@id\":\"https:\/\/admin.industriall-union.org\/fr\/les-syndicats-europeens-protestent-contre-les-fermetures-d-usine-ford\/#breadcrumb\",\"itemListElement\":[{\"@type\":\"ListItem\",\"position\":1,\"name\":\"Home\",\"item\":\"https:\/\/admin.industriall-union.org\/\"},{\"@type\":\"ListItem\",\"position\":2,\"name\":\"Articles\",\"item\":\"https:\/\/admin.industriall-union.org\/article\/\"},{\"@type\":\"ListItem\",\"position\":3,\"name\":\"Les syndicats europ\u00e9ens protestent contre les fermetures d\u2019usine Ford\"}]},{\"@type\":\"WebSite\",\"@id\":\"https:\/\/admin.industriall-union.org\/#website\",\"url\":\"https:\/\/admin.industriall-union.org\/\",\"name\":\"industriall-union\",\"description\":\"\",\"potentialAction\":[{\"@type\":\"SearchAction\",\"target\":{\"@type\":\"EntryPoint\",\"urlTemplate\":\"https:\/\/admin.industriall-union.org\/?s={search_term_string}\"},\"query-input\":{\"@type\":\"PropertyValueSpecification\",\"valueRequired\":true,\"valueName\":\"search_term_string\"}}],\"inLanguage\":\"fr-FR\"}]}<\/script>\n<!-- \/ Yoast SEO Premium plugin. -->","yoast_head_json":{"title":"Les syndicats europ\u00e9ens protestent contre les fermetures d\u2019usine Ford - industriall-union","description":"Le 24 octobre, Ford a confirm\u00e9 la fermeture de son usine de montage automobile \u00e0 Genk, Belgique, et le transfert de la production en Espagne. Le","robots":{"index":"index","follow":"follow","max-snippet":"max-snippet:-1","max-image-preview":"max-image-preview:large","max-video-preview":"max-video-preview:-1"},"canonical":"https:\/\/admin.industriall-union.org\/fr\/les-syndicats-europeens-protestent-contre-les-fermetures-d-usine-ford\/","og_locale":"fr_FR","og_type":"article","og_title":"Les syndicats europ\u00e9ens protestent contre les fermetures d\u2019usine Ford","og_description":"Le 24 octobre, Ford a confirm\u00e9 la fermeture de son usine de montage automobile \u00e0 Genk, Belgique, et le transfert de la production en Espagne. Le","og_url":"https:\/\/admin.industriall-union.org\/fr\/les-syndicats-europeens-protestent-contre-les-fermetures-d-usine-ford\/","og_site_name":"industriall-union","article_modified_time":"2025-02-08T18:07:57+00:00","twitter_card":"summary_large_image","twitter_misc":{"Est. reading time":"2 minutes"},"schema":{"@context":"https:\/\/schema.org","@graph":[{"@type":"WebPage","@id":"https:\/\/admin.industriall-union.org\/fr\/les-syndicats-europeens-protestent-contre-les-fermetures-d-usine-ford\/","url":"https:\/\/admin.industriall-union.org\/fr\/les-syndicats-europeens-protestent-contre-les-fermetures-d-usine-ford\/","name":"Les syndicats europ\u00e9ens protestent contre les fermetures d\u2019usine Ford - industriall-union","isPartOf":{"@id":"https:\/\/admin.industriall-union.org\/#website"},"datePublished":"2012-11-01T17:19:15+00:00","dateModified":"2025-02-08T18:07:57+00:00","description":"Le 24 octobre, Ford a confirm\u00e9 la fermeture de son usine de montage automobile \u00e0 Genk, Belgique, et le transfert de la production en Espagne. Le","breadcrumb":{"@id":"https:\/\/admin.industriall-union.org\/fr\/les-syndicats-europeens-protestent-contre-les-fermetures-d-usine-ford\/#breadcrumb"},"inLanguage":"fr-FR","potentialAction":[{"@type":"ReadAction","target":["https:\/\/admin.industriall-union.org\/fr\/les-syndicats-europeens-protestent-contre-les-fermetures-d-usine-ford\/"]}]},{"@type":"BreadcrumbList","@id":"https:\/\/admin.industriall-union.org\/fr\/les-syndicats-europeens-protestent-contre-les-fermetures-d-usine-ford\/#breadcrumb","itemListElement":[{"@type":"ListItem","position":1,"name":"Home","item":"https:\/\/admin.industriall-union.org\/"},{"@type":"ListItem","position":2,"name":"Articles","item":"https:\/\/admin.industriall-union.org\/article\/"},{"@type":"ListItem","position":3,"name":"Les syndicats europ\u00e9ens protestent contre les fermetures d\u2019usine Ford"}]},{"@type":"WebSite","@id":"https:\/\/admin.industriall-union.org\/#website","url":"https:\/\/admin.industriall-union.org\/","name":"industriall-union","description":"","potentialAction":[{"@type":"SearchAction","target":{"@type":"EntryPoint","urlTemplate":"https:\/\/admin.industriall-union.org\/?s={search_term_string}"},"query-input":{"@type":"PropertyValueSpecification","valueRequired":true,"valueName":"search_term_string"}}],"inLanguage":"fr-FR"}]}},"_links":{"self":[{"href":"https:\/\/admin.industriall-union.org\/fr\/wp-json\/wp\/v2\/article\/175089","targetHints":{"allow":["GET"]}}],"collection":[{"href":"https:\/\/admin.industriall-union.org\/fr\/wp-json\/wp\/v2\/article"}],"about":[{"href":"https:\/\/admin.industriall-union.org\/fr\/wp-json\/wp\/v2\/types\/article"}],"wp:attachment":[{"href":"https:\/\/admin.industriall-union.org\/fr\/wp-json\/wp\/v2\/media?parent=175089"}],"wp:term":[{"taxonomy":"issues","embeddable":true,"href":"https:\/\/admin.industriall-union.org\/fr\/wp-json\/wp\/v2\/issues?post=175089"},{"taxonomy":"companies","embeddable":true,"href":"https:\/\/admin.industriall-union.org\/fr\/wp-json\/wp\/v2\/companies?post=175089"},{"taxonomy":"regions","embeddable":true,"href":"https:\/\/admin.industriall-union.org\/fr\/wp-json\/wp\/v2\/regions?post=175089"},{"taxonomy":"sectors","embeddable":true,"href":"https:\/\/admin.industriall-union.org\/fr\/wp-json\/wp\/v2\/sectors?post=175089"},{"taxonomy":"article_tags","embeddable":true,"href":"https:\/\/admin.industriall-union.org\/fr\/wp-json\/wp\/v2\/article_tags?post=175089"}],"curies":[{"name":"wp","href":"https:\/\/api.w.org\/{rel}","templated":true}]}}