{"id":175067,"date":"2012-11-02T16:39:49","date_gmt":"2012-11-02T16:39:49","guid":{"rendered":"https:\/\/admin.industriall-union.org\/action-unifiee-du-reseau-des-travailleurs-de-gerdau-pour-la-defense-des-droits-en-colombie\/"},"modified":"2025-02-08T17:56:40","modified_gmt":"2025-02-08T17:56:40","slug":"action-unifiee-du-reseau-des-travailleurs-de-gerdau-pour-la-defense-des-droits-en-colombie","status":"publish","type":"article","link":"https:\/\/admin.industriall-union.org\/fr\/action-unifiee-du-reseau-des-travailleurs-de-gerdau-pour-la-defense-des-droits-en-colombie\/","title":{"rendered":"Action unifi\u00e9e du r\u00e9seau des travailleurs de Gerdau pour la d\u00e9fense des droits en Colombie"},"content":{"rendered":"<p>Depuis son installation en Colombie, l&rsquo;entreprise Gerdau s&rsquo;est enrichie aux d\u00e9pens des travailleurs et travailleuses. Elle a ferm\u00e9 tout d&rsquo;abord les installations de Laminados Andinos et de Sidelpa pour transf\u00e9rer la production dans d&rsquo;autres usines. Elle a tent\u00e9 ensuite sans succ\u00e8s de fermer Duitama. Toutefois, elle s&rsquo;est trouv\u00e9e dans l&rsquo;obligation de rouvrir l&rsquo;entreprise en employant seulement une main-d&rsquo;\u0153uvre en sous-traitance. Duitama emploie actuellement 3 personnes en sous-traitance pour chaque salari\u00e9 permanent.<\/p><p>L&rsquo;entreprise a \u00e9galement tent\u00e9 de d\u00e9manteler l&rsquo;usine Cota, qui emploie d\u00e9j\u00e0 moins du tiers de ses effectifs de 2010. La derni\u00e8re tentative concerne des mises \u00e0 pied massives dans des usines \u00e0 Mu\u00f1a et Tocancip\u00e1, et le licenciement de salari\u00e9s \u00e0 Tuta.<\/p><p>Andr\u00e9 Gerdau d\u00e9tient par rachats 80% de la capacit\u00e9 de production d&rsquo;acier en Colombie. L&rsquo;entreprise semble trouver maintenant un v\u00e9ritable int\u00e9r\u00eat \u00e0 s&rsquo;emparer d&rsquo;une part du march\u00e9 colombien, non pour cr\u00e9er des emplois afin d&rsquo;am\u00e9liorer la vie des travailleurs et travailleuses ou pour d\u00e9velopper l&rsquo;industrie colombienne. L&rsquo;acier viendra dor\u00e9navant du Mexique ou du Br\u00e9sil pour \u00eatre vendu en Colombie. Et Gerdau s&rsquo;enrichira alors que la Colombie et sa main-d&rsquo;\u0153uvre s&rsquo;appauvriront.<\/p><p>Le Conseil mondial des travailleurs de Gerdau d\u00e9fend le droit \u00e0 une vie d\u00e9cente et un travail d\u00e9cent dans tous les pays o\u00f9 il repr\u00e9sente les travailleurs et travailleuses. Nous n&rsquo;allons pas nous laisser prendre par la strat\u00e9gie de l&rsquo;entreprise qui cherche \u00e0 nous dresser les uns contre les autres, quand son seul objectif est d&rsquo;am\u00e9liorer ses b\u00e9n\u00e9fices \u00e0 nos d\u00e9pens. Quand Gerdau emploie les mots &quot;\u00e9thique&quot; et &quot;respect&quot;, nous constatons dans la pratique qu&rsquo;elle veut dire le contraire.<\/p><p>Dans le monde entier, les travailleurs et travailleuses de Gerdau exigent le respect de leurs coll\u00e8gues employ\u00e9s par Gerdau en Colombie.<\/p>","protected":false},"featured_media":0,"template":"","issues":[406,412,415,425],"companies":[59],"regions":[264],"sectors":[481],"article_tags":[],"class_list":["post-175067","article","type-article","status-publish","hentry","issues-confronting-global-capital","issues-social-justice-and-globalization","issues-stop-precarious-work","issues-workers-rights","companies-gerdau","regions-colombia","sectors-base-metals"],"acf":[],"yoast_head":"<!-- This site is optimized with the Yoast SEO Premium plugin v27.1 (Yoast SEO v27.1) - https:\/\/yoast.com\/product\/yoast-seo-premium-wordpress\/ -->\n<title>Action unifi\u00e9e du r\u00e9seau des travailleurs de Gerdau pour la d\u00e9fense des droits en Colombie - industriall-union<\/title>\n<meta name=\"description\" content=\"Depuis son installation en Colombie, l&rsquo;entreprise Gerdau s&rsquo;est enrichie aux d\u00e9pens des travailleurs et travailleuses. Elle a ferm\u00e9 tout\" \/>\n<meta name=\"robots\" content=\"index, follow, max-snippet:-1, max-image-preview:large, max-video-preview:-1\" \/>\n<link rel=\"canonical\" href=\"https:\/\/admin.industriall-union.org\/fr\/action-unifiee-du-reseau-des-travailleurs-de-gerdau-pour-la-defense-des-droits-en-colombie\/\" \/>\n<meta property=\"og:locale\" content=\"fr_FR\" \/>\n<meta property=\"og:type\" content=\"article\" \/>\n<meta property=\"og:title\" content=\"Action unifi\u00e9e du r\u00e9seau des travailleurs de Gerdau pour la d\u00e9fense des droits en Colombie\" \/>\n<meta property=\"og:description\" content=\"Depuis son installation en Colombie, l&rsquo;entreprise Gerdau s&rsquo;est enrichie aux d\u00e9pens des travailleurs et travailleuses. Elle a ferm\u00e9 tout\" \/>\n<meta property=\"og:url\" content=\"https:\/\/admin.industriall-union.org\/fr\/action-unifiee-du-reseau-des-travailleurs-de-gerdau-pour-la-defense-des-droits-en-colombie\/\" \/>\n<meta property=\"og:site_name\" content=\"industriall-union\" \/>\n<meta property=\"article:modified_time\" content=\"2025-02-08T17:56:40+00:00\" \/>\n<meta name=\"twitter:card\" content=\"summary_large_image\" \/>\n<meta name=\"twitter:label1\" content=\"Est. reading time\" \/>\n\t<meta name=\"twitter:data1\" content=\"2 minutes\" \/>\n<script type=\"application\/ld+json\" class=\"yoast-schema-graph\">{\"@context\":\"https:\/\/schema.org\",\"@graph\":[{\"@type\":\"WebPage\",\"@id\":\"https:\/\/admin.industriall-union.org\/fr\/action-unifiee-du-reseau-des-travailleurs-de-gerdau-pour-la-defense-des-droits-en-colombie\/\",\"url\":\"https:\/\/admin.industriall-union.org\/fr\/action-unifiee-du-reseau-des-travailleurs-de-gerdau-pour-la-defense-des-droits-en-colombie\/\",\"name\":\"Action unifi\u00e9e du r\u00e9seau des travailleurs de Gerdau pour la d\u00e9fense des droits en Colombie - industriall-union\",\"isPartOf\":{\"@id\":\"https:\/\/admin.industriall-union.org\/#website\"},\"datePublished\":\"2012-11-02T16:39:49+00:00\",\"dateModified\":\"2025-02-08T17:56:40+00:00\",\"description\":\"Depuis son installation en Colombie, l&rsquo;entreprise Gerdau s&rsquo;est enrichie aux d\u00e9pens des travailleurs et travailleuses. Elle a ferm\u00e9 tout\",\"breadcrumb\":{\"@id\":\"https:\/\/admin.industriall-union.org\/fr\/action-unifiee-du-reseau-des-travailleurs-de-gerdau-pour-la-defense-des-droits-en-colombie\/#breadcrumb\"},\"inLanguage\":\"fr-FR\",\"potentialAction\":[{\"@type\":\"ReadAction\",\"target\":[\"https:\/\/admin.industriall-union.org\/fr\/action-unifiee-du-reseau-des-travailleurs-de-gerdau-pour-la-defense-des-droits-en-colombie\/\"]}]},{\"@type\":\"BreadcrumbList\",\"@id\":\"https:\/\/admin.industriall-union.org\/fr\/action-unifiee-du-reseau-des-travailleurs-de-gerdau-pour-la-defense-des-droits-en-colombie\/#breadcrumb\",\"itemListElement\":[{\"@type\":\"ListItem\",\"position\":1,\"name\":\"Home\",\"item\":\"https:\/\/admin.industriall-union.org\/\"},{\"@type\":\"ListItem\",\"position\":2,\"name\":\"Articles\",\"item\":\"https:\/\/admin.industriall-union.org\/article\/\"},{\"@type\":\"ListItem\",\"position\":3,\"name\":\"Action unifi\u00e9e du r\u00e9seau des travailleurs de Gerdau pour la d\u00e9fense des droits en Colombie\"}]},{\"@type\":\"WebSite\",\"@id\":\"https:\/\/admin.industriall-union.org\/#website\",\"url\":\"https:\/\/admin.industriall-union.org\/\",\"name\":\"industriall-union\",\"description\":\"\",\"potentialAction\":[{\"@type\":\"SearchAction\",\"target\":{\"@type\":\"EntryPoint\",\"urlTemplate\":\"https:\/\/admin.industriall-union.org\/?s={search_term_string}\"},\"query-input\":{\"@type\":\"PropertyValueSpecification\",\"valueRequired\":true,\"valueName\":\"search_term_string\"}}],\"inLanguage\":\"fr-FR\"}]}<\/script>\n<!-- \/ Yoast SEO Premium plugin. -->","yoast_head_json":{"title":"Action unifi\u00e9e du r\u00e9seau des travailleurs de Gerdau pour la d\u00e9fense des droits en Colombie - industriall-union","description":"Depuis son installation en Colombie, l&rsquo;entreprise Gerdau s&rsquo;est enrichie aux d\u00e9pens des travailleurs et travailleuses. Elle a ferm\u00e9 tout","robots":{"index":"index","follow":"follow","max-snippet":"max-snippet:-1","max-image-preview":"max-image-preview:large","max-video-preview":"max-video-preview:-1"},"canonical":"https:\/\/admin.industriall-union.org\/fr\/action-unifiee-du-reseau-des-travailleurs-de-gerdau-pour-la-defense-des-droits-en-colombie\/","og_locale":"fr_FR","og_type":"article","og_title":"Action unifi\u00e9e du r\u00e9seau des travailleurs de Gerdau pour la d\u00e9fense des droits en Colombie","og_description":"Depuis son installation en Colombie, l&rsquo;entreprise Gerdau s&rsquo;est enrichie aux d\u00e9pens des travailleurs et travailleuses. Elle a ferm\u00e9 tout","og_url":"https:\/\/admin.industriall-union.org\/fr\/action-unifiee-du-reseau-des-travailleurs-de-gerdau-pour-la-defense-des-droits-en-colombie\/","og_site_name":"industriall-union","article_modified_time":"2025-02-08T17:56:40+00:00","twitter_card":"summary_large_image","twitter_misc":{"Est. reading time":"2 minutes"},"schema":{"@context":"https:\/\/schema.org","@graph":[{"@type":"WebPage","@id":"https:\/\/admin.industriall-union.org\/fr\/action-unifiee-du-reseau-des-travailleurs-de-gerdau-pour-la-defense-des-droits-en-colombie\/","url":"https:\/\/admin.industriall-union.org\/fr\/action-unifiee-du-reseau-des-travailleurs-de-gerdau-pour-la-defense-des-droits-en-colombie\/","name":"Action unifi\u00e9e du r\u00e9seau des travailleurs de Gerdau pour la d\u00e9fense des droits en Colombie - industriall-union","isPartOf":{"@id":"https:\/\/admin.industriall-union.org\/#website"},"datePublished":"2012-11-02T16:39:49+00:00","dateModified":"2025-02-08T17:56:40+00:00","description":"Depuis son installation en Colombie, l&rsquo;entreprise Gerdau s&rsquo;est enrichie aux d\u00e9pens des travailleurs et travailleuses. Elle a ferm\u00e9 tout","breadcrumb":{"@id":"https:\/\/admin.industriall-union.org\/fr\/action-unifiee-du-reseau-des-travailleurs-de-gerdau-pour-la-defense-des-droits-en-colombie\/#breadcrumb"},"inLanguage":"fr-FR","potentialAction":[{"@type":"ReadAction","target":["https:\/\/admin.industriall-union.org\/fr\/action-unifiee-du-reseau-des-travailleurs-de-gerdau-pour-la-defense-des-droits-en-colombie\/"]}]},{"@type":"BreadcrumbList","@id":"https:\/\/admin.industriall-union.org\/fr\/action-unifiee-du-reseau-des-travailleurs-de-gerdau-pour-la-defense-des-droits-en-colombie\/#breadcrumb","itemListElement":[{"@type":"ListItem","position":1,"name":"Home","item":"https:\/\/admin.industriall-union.org\/"},{"@type":"ListItem","position":2,"name":"Articles","item":"https:\/\/admin.industriall-union.org\/article\/"},{"@type":"ListItem","position":3,"name":"Action unifi\u00e9e du r\u00e9seau des travailleurs de Gerdau pour la d\u00e9fense des droits en Colombie"}]},{"@type":"WebSite","@id":"https:\/\/admin.industriall-union.org\/#website","url":"https:\/\/admin.industriall-union.org\/","name":"industriall-union","description":"","potentialAction":[{"@type":"SearchAction","target":{"@type":"EntryPoint","urlTemplate":"https:\/\/admin.industriall-union.org\/?s={search_term_string}"},"query-input":{"@type":"PropertyValueSpecification","valueRequired":true,"valueName":"search_term_string"}}],"inLanguage":"fr-FR"}]}},"_links":{"self":[{"href":"https:\/\/admin.industriall-union.org\/fr\/wp-json\/wp\/v2\/article\/175067","targetHints":{"allow":["GET"]}}],"collection":[{"href":"https:\/\/admin.industriall-union.org\/fr\/wp-json\/wp\/v2\/article"}],"about":[{"href":"https:\/\/admin.industriall-union.org\/fr\/wp-json\/wp\/v2\/types\/article"}],"wp:attachment":[{"href":"https:\/\/admin.industriall-union.org\/fr\/wp-json\/wp\/v2\/media?parent=175067"}],"wp:term":[{"taxonomy":"issues","embeddable":true,"href":"https:\/\/admin.industriall-union.org\/fr\/wp-json\/wp\/v2\/issues?post=175067"},{"taxonomy":"companies","embeddable":true,"href":"https:\/\/admin.industriall-union.org\/fr\/wp-json\/wp\/v2\/companies?post=175067"},{"taxonomy":"regions","embeddable":true,"href":"https:\/\/admin.industriall-union.org\/fr\/wp-json\/wp\/v2\/regions?post=175067"},{"taxonomy":"sectors","embeddable":true,"href":"https:\/\/admin.industriall-union.org\/fr\/wp-json\/wp\/v2\/sectors?post=175067"},{"taxonomy":"article_tags","embeddable":true,"href":"https:\/\/admin.industriall-union.org\/fr\/wp-json\/wp\/v2\/article_tags?post=175067"}],"curies":[{"name":"wp","href":"https:\/\/api.w.org\/{rel}","templated":true}]}}