{"id":175058,"date":"2012-11-06T15:48:20","date_gmt":"2012-11-06T15:48:20","guid":{"rendered":"https:\/\/admin.industriall-union.org\/les-dirigeants-du-muz-s-engagent-a-reconstruire-le-syndicat\/"},"modified":"2025-02-08T17:55:01","modified_gmt":"2025-02-08T17:55:01","slug":"les-dirigeants-du-muz-s-engagent-a-reconstruire-le-syndicat","status":"publish","type":"article","link":"https:\/\/admin.industriall-union.org\/fr\/les-dirigeants-du-muz-s-engagent-a-reconstruire-le-syndicat\/","title":{"rendered":"Les dirigeants du MUZ s\u2019engagent \u00e0 reconstruire le syndicat"},"content":{"rendered":"<p>L&rsquo;atelier qui a dur\u00e9 trois jours \u00e0 Kitwe, du 30 octobre au 1<sup>er<\/sup> novembre, a donn\u00e9 aux responsables de section l&rsquo;occasion de r\u00e9fl\u00e9chir sur les d\u00e9fis auxquels le syndicat est confront\u00e9 et de trouver des strat\u00e9gies pour y faire face.<\/p><p>L&rsquo;un des principaux d\u00e9fis concerne la prolif\u00e9ration de petits syndicats depuis la privatisation de l&rsquo;industrie mini\u00e8re en Zambie, une situation que l&rsquo;ancien r\u00e9gime semblait encourager. Il en r\u00e9sulte que trois ou quatre syndicats se font concurrence pour les m\u00eames effectifs dans les soci\u00e9t\u00e9s mini\u00e8res, ce qui conduit in\u00e9vitablement \u00e0 un manque d&rsquo;unit\u00e9 chez les travailleurs et travailleuses.<\/p><p>Le climat a chang\u00e9 de mani\u00e8re positive pour la main-d&rsquo;\u0153uvre syndiqu\u00e9e avec le gouvernement actuel, et les participant(e)s ont ressenti un v\u00e9ritable engagement pour permettre aux syndicats de se d\u00e9velopper et devenir une force solide, repr\u00e9sentative et unie.<\/p><p>La nouvelle direction du MUZ s&rsquo;est engag\u00e9e \u00e0 reconstruire le syndicat et est ouverte \u00e0 la possibilit\u00e9 de travailler avec d&rsquo;autres syndicats ou m\u00eame de fusionner. Le MUZ reconna\u00eet la possibilit\u00e9 de se r\u00e9organiser et red\u00e9finir le r\u00f4le de ses membres dans la conduite du syndicat pour am\u00e9liorer la d\u00e9mocratie syndicale.<\/p><p>Les participant(e)s ont \u00e9labor\u00e9 un programme de syndicalisation et examin\u00e9 la marche \u00e0 suivre pour retrouver les effectifs perdus. Le programme sera soutenu par le Solidarity Center et portera sur l&rsquo;adh\u00e9sion de membres dans tous les secteurs de l&rsquo;industrie mini\u00e8re.<\/p><p>L&rsquo;atelier b\u00e9n\u00e9ficiait du soutien du Solidarity Center.<\/p>","protected":false},"featured_media":0,"template":"","issues":[396,399],"companies":[],"regions":[357],"sectors":[495],"article_tags":[],"class_list":["post-175058","article","type-article","status-publish","hentry","issues-building-strong-unions","issues-union-building","regions-zambia","sectors-mining"],"acf":[],"yoast_head":"<!-- This site is optimized with the Yoast SEO Premium plugin v27.1 (Yoast SEO v27.1) - https:\/\/yoast.com\/product\/yoast-seo-premium-wordpress\/ -->\n<title>Les dirigeants du MUZ s\u2019engagent \u00e0 reconstruire le syndicat - industriall-union<\/title>\n<meta name=\"description\" content=\"L&rsquo;atelier qui a dur\u00e9 trois jours \u00e0 Kitwe, du 30 octobre au 1er novembre, a donn\u00e9 aux responsables de section l&rsquo;occasion de r\u00e9fl\u00e9chir sur les\" \/>\n<meta name=\"robots\" content=\"index, follow, max-snippet:-1, max-image-preview:large, max-video-preview:-1\" \/>\n<link rel=\"canonical\" href=\"https:\/\/admin.industriall-union.org\/fr\/les-dirigeants-du-muz-s-engagent-a-reconstruire-le-syndicat\/\" \/>\n<meta property=\"og:locale\" content=\"fr_FR\" \/>\n<meta property=\"og:type\" content=\"article\" \/>\n<meta property=\"og:title\" content=\"Les dirigeants du MUZ s\u2019engagent \u00e0 reconstruire le syndicat\" \/>\n<meta property=\"og:description\" content=\"L&rsquo;atelier qui a dur\u00e9 trois jours \u00e0 Kitwe, du 30 octobre au 1er novembre, a donn\u00e9 aux responsables de section l&rsquo;occasion de r\u00e9fl\u00e9chir sur les\" \/>\n<meta property=\"og:url\" content=\"https:\/\/admin.industriall-union.org\/fr\/les-dirigeants-du-muz-s-engagent-a-reconstruire-le-syndicat\/\" \/>\n<meta property=\"og:site_name\" content=\"industriall-union\" \/>\n<meta property=\"article:modified_time\" content=\"2025-02-08T17:55:01+00:00\" \/>\n<meta name=\"twitter:card\" content=\"summary_large_image\" \/>\n<meta name=\"twitter:label1\" content=\"Est. reading time\" \/>\n\t<meta name=\"twitter:data1\" content=\"1 minute\" \/>\n<script type=\"application\/ld+json\" class=\"yoast-schema-graph\">{\"@context\":\"https:\/\/schema.org\",\"@graph\":[{\"@type\":\"WebPage\",\"@id\":\"https:\/\/admin.industriall-union.org\/fr\/les-dirigeants-du-muz-s-engagent-a-reconstruire-le-syndicat\/\",\"url\":\"https:\/\/admin.industriall-union.org\/fr\/les-dirigeants-du-muz-s-engagent-a-reconstruire-le-syndicat\/\",\"name\":\"Les dirigeants du MUZ s\u2019engagent \u00e0 reconstruire le syndicat - industriall-union\",\"isPartOf\":{\"@id\":\"https:\/\/admin.industriall-union.org\/#website\"},\"datePublished\":\"2012-11-06T15:48:20+00:00\",\"dateModified\":\"2025-02-08T17:55:01+00:00\",\"description\":\"L&rsquo;atelier qui a dur\u00e9 trois jours \u00e0 Kitwe, du 30 octobre au 1er novembre, a donn\u00e9 aux responsables de section l&rsquo;occasion de r\u00e9fl\u00e9chir sur les\",\"breadcrumb\":{\"@id\":\"https:\/\/admin.industriall-union.org\/fr\/les-dirigeants-du-muz-s-engagent-a-reconstruire-le-syndicat\/#breadcrumb\"},\"inLanguage\":\"fr-FR\",\"potentialAction\":[{\"@type\":\"ReadAction\",\"target\":[\"https:\/\/admin.industriall-union.org\/fr\/les-dirigeants-du-muz-s-engagent-a-reconstruire-le-syndicat\/\"]}]},{\"@type\":\"BreadcrumbList\",\"@id\":\"https:\/\/admin.industriall-union.org\/fr\/les-dirigeants-du-muz-s-engagent-a-reconstruire-le-syndicat\/#breadcrumb\",\"itemListElement\":[{\"@type\":\"ListItem\",\"position\":1,\"name\":\"Home\",\"item\":\"https:\/\/admin.industriall-union.org\/\"},{\"@type\":\"ListItem\",\"position\":2,\"name\":\"Articles\",\"item\":\"https:\/\/admin.industriall-union.org\/article\/\"},{\"@type\":\"ListItem\",\"position\":3,\"name\":\"Les dirigeants du MUZ s\u2019engagent \u00e0 reconstruire le syndicat\"}]},{\"@type\":\"WebSite\",\"@id\":\"https:\/\/admin.industriall-union.org\/#website\",\"url\":\"https:\/\/admin.industriall-union.org\/\",\"name\":\"industriall-union\",\"description\":\"\",\"potentialAction\":[{\"@type\":\"SearchAction\",\"target\":{\"@type\":\"EntryPoint\",\"urlTemplate\":\"https:\/\/admin.industriall-union.org\/?s={search_term_string}\"},\"query-input\":{\"@type\":\"PropertyValueSpecification\",\"valueRequired\":true,\"valueName\":\"search_term_string\"}}],\"inLanguage\":\"fr-FR\"}]}<\/script>\n<!-- \/ Yoast SEO Premium plugin. -->","yoast_head_json":{"title":"Les dirigeants du MUZ s\u2019engagent \u00e0 reconstruire le syndicat - industriall-union","description":"L&rsquo;atelier qui a dur\u00e9 trois jours \u00e0 Kitwe, du 30 octobre au 1er novembre, a donn\u00e9 aux responsables de section l&rsquo;occasion de r\u00e9fl\u00e9chir sur les","robots":{"index":"index","follow":"follow","max-snippet":"max-snippet:-1","max-image-preview":"max-image-preview:large","max-video-preview":"max-video-preview:-1"},"canonical":"https:\/\/admin.industriall-union.org\/fr\/les-dirigeants-du-muz-s-engagent-a-reconstruire-le-syndicat\/","og_locale":"fr_FR","og_type":"article","og_title":"Les dirigeants du MUZ s\u2019engagent \u00e0 reconstruire le syndicat","og_description":"L&rsquo;atelier qui a dur\u00e9 trois jours \u00e0 Kitwe, du 30 octobre au 1er novembre, a donn\u00e9 aux responsables de section l&rsquo;occasion de r\u00e9fl\u00e9chir sur les","og_url":"https:\/\/admin.industriall-union.org\/fr\/les-dirigeants-du-muz-s-engagent-a-reconstruire-le-syndicat\/","og_site_name":"industriall-union","article_modified_time":"2025-02-08T17:55:01+00:00","twitter_card":"summary_large_image","twitter_misc":{"Est. reading time":"1 minute"},"schema":{"@context":"https:\/\/schema.org","@graph":[{"@type":"WebPage","@id":"https:\/\/admin.industriall-union.org\/fr\/les-dirigeants-du-muz-s-engagent-a-reconstruire-le-syndicat\/","url":"https:\/\/admin.industriall-union.org\/fr\/les-dirigeants-du-muz-s-engagent-a-reconstruire-le-syndicat\/","name":"Les dirigeants du MUZ s\u2019engagent \u00e0 reconstruire le syndicat - industriall-union","isPartOf":{"@id":"https:\/\/admin.industriall-union.org\/#website"},"datePublished":"2012-11-06T15:48:20+00:00","dateModified":"2025-02-08T17:55:01+00:00","description":"L&rsquo;atelier qui a dur\u00e9 trois jours \u00e0 Kitwe, du 30 octobre au 1er novembre, a donn\u00e9 aux responsables de section l&rsquo;occasion de r\u00e9fl\u00e9chir sur les","breadcrumb":{"@id":"https:\/\/admin.industriall-union.org\/fr\/les-dirigeants-du-muz-s-engagent-a-reconstruire-le-syndicat\/#breadcrumb"},"inLanguage":"fr-FR","potentialAction":[{"@type":"ReadAction","target":["https:\/\/admin.industriall-union.org\/fr\/les-dirigeants-du-muz-s-engagent-a-reconstruire-le-syndicat\/"]}]},{"@type":"BreadcrumbList","@id":"https:\/\/admin.industriall-union.org\/fr\/les-dirigeants-du-muz-s-engagent-a-reconstruire-le-syndicat\/#breadcrumb","itemListElement":[{"@type":"ListItem","position":1,"name":"Home","item":"https:\/\/admin.industriall-union.org\/"},{"@type":"ListItem","position":2,"name":"Articles","item":"https:\/\/admin.industriall-union.org\/article\/"},{"@type":"ListItem","position":3,"name":"Les dirigeants du MUZ s\u2019engagent \u00e0 reconstruire le syndicat"}]},{"@type":"WebSite","@id":"https:\/\/admin.industriall-union.org\/#website","url":"https:\/\/admin.industriall-union.org\/","name":"industriall-union","description":"","potentialAction":[{"@type":"SearchAction","target":{"@type":"EntryPoint","urlTemplate":"https:\/\/admin.industriall-union.org\/?s={search_term_string}"},"query-input":{"@type":"PropertyValueSpecification","valueRequired":true,"valueName":"search_term_string"}}],"inLanguage":"fr-FR"}]}},"_links":{"self":[{"href":"https:\/\/admin.industriall-union.org\/fr\/wp-json\/wp\/v2\/article\/175058","targetHints":{"allow":["GET"]}}],"collection":[{"href":"https:\/\/admin.industriall-union.org\/fr\/wp-json\/wp\/v2\/article"}],"about":[{"href":"https:\/\/admin.industriall-union.org\/fr\/wp-json\/wp\/v2\/types\/article"}],"wp:attachment":[{"href":"https:\/\/admin.industriall-union.org\/fr\/wp-json\/wp\/v2\/media?parent=175058"}],"wp:term":[{"taxonomy":"issues","embeddable":true,"href":"https:\/\/admin.industriall-union.org\/fr\/wp-json\/wp\/v2\/issues?post=175058"},{"taxonomy":"companies","embeddable":true,"href":"https:\/\/admin.industriall-union.org\/fr\/wp-json\/wp\/v2\/companies?post=175058"},{"taxonomy":"regions","embeddable":true,"href":"https:\/\/admin.industriall-union.org\/fr\/wp-json\/wp\/v2\/regions?post=175058"},{"taxonomy":"sectors","embeddable":true,"href":"https:\/\/admin.industriall-union.org\/fr\/wp-json\/wp\/v2\/sectors?post=175058"},{"taxonomy":"article_tags","embeddable":true,"href":"https:\/\/admin.industriall-union.org\/fr\/wp-json\/wp\/v2\/article_tags?post=175058"}],"curies":[{"name":"wp","href":"https:\/\/api.w.org\/{rel}","templated":true}]}}