{"id":175035,"date":"2012-11-07T14:02:53","date_gmt":"2012-11-07T14:02:53","guid":{"rendered":"https:\/\/admin.industriall-union.org\/victoire-des-travailleurs-de-texim-en-turquie\/"},"modified":"2025-02-08T17:49:43","modified_gmt":"2025-02-08T17:49:43","slug":"victoire-des-travailleurs-de-texim-en-turquie","status":"publish","type":"article","link":"https:\/\/admin.industriall-union.org\/fr\/victoire-des-travailleurs-de-texim-en-turquie\/","title":{"rendered":"Victoire des travailleurs de Texim en Turquie"},"content":{"rendered":"<p>Le 2 novembre, apr\u00e8s avoir n\u00e9goci\u00e9 avec la direction de Texim, une entreprise turque de textile qui produit des v\u00eatements pour Hugo Boss et Pierre Cardin, les principales revendications pr\u00e9sent\u00e9es par le syndicat des travailleurs de l&rsquo;industrie du textile, du tricot et de la confection (TEKSIF) ont \u00e9t\u00e9 accept\u00e9es. Dans ces n\u00e9gociations qui b\u00e9n\u00e9ficiaient du soutien de IndustriALL Global Union, l&rsquo;entreprise a accept\u00e9 les revendications suivantes de TEKSIF:<\/p><ul><li>la r\u00e9int\u00e9gration de tous les travailleurs mis \u00e0 pied et une hausse des salaires;<\/li><li>le plein salaire pour les 4 mois de manifestations;<\/li><li>10 mois de d\u00e9dommagements en plus de l&rsquo;indemnit\u00e9 l\u00e9gale pour les personnes qui d\u00e9cident de ne pas revenir dans l&rsquo;entreprise.&nbsp;<\/li><\/ul><p>Texim a visiblement d\u00e9cid\u00e9 de ne plus avoir recours \u00e0 des m\u00e9thodes antisyndicales, ce qui a permis \u00e0 TEKSIF de syndiquer environ 50 pour cent de la main-d&rsquo;\u0153uvre et \u00e0 obtenir la reconnaissance de la certification approuv\u00e9e par le minist\u00e8re du Travail.<\/p><p>&ldquo;IndustriALL a soutenu les salari\u00e9s en prenant contact avec les marques et les syndicats de la confection et d&rsquo;autres secteurs dans le monde entier. Cette r\u00e9sistance des travailleurs et travailleuses de Texim a tr\u00e8s vite eu un impact et a donn\u00e9 l&rsquo;exemple de l&rsquo;importance de la syndicalisation pour obtenir une modification des conditions de travail de la main-d&rsquo;\u0153uvre&rdquo;, a d\u00e9clar\u00e9 Kemal Ozkan, secr\u00e9taire g\u00e9n\u00e9ral adjoint de IndustriALL Global Union qui a particip\u00e9 aux derni\u00e8res n\u00e9gociations \u00e0 Istanbul.<\/p><p>Depuis 2010, TEKSIF a fait campagne pour la syndicalisation chez Texim. Cette lutte a permis de r\u00e9sister au changement de conditions de travail d\u00e9cid\u00e9 unilat\u00e9ralement par l&rsquo;employeur. Les travailleurs et travailleuses, et notamment les op\u00e9rateurs de machines, n&rsquo;acceptaient pas ces conditions impos\u00e9es par l&rsquo;employeur, et leur r\u00e9sistance \u00e0 travers leur syndicat avait \u00e9t\u00e9 la cause de leur mise \u00e0 pied.<\/p><p>&ldquo;Nous adressons nos sinc\u00e8res f\u00e9licitations \u00e0 tous\/toutes les travailleurs et travailleuses de Texim qui ont r\u00e9sist\u00e9 pendant quatre mois &hellip; et que ceci serve de mod\u00e8le exemplaire pour les travailleurs et travailleuses de l&rsquo;industrie de la confection&rdquo; a d\u00e9clar\u00e9 Kemal.<\/p>","protected":false},"featured_media":0,"template":"","issues":[406,420],"companies":[],"regions":[250],"sectors":[465],"article_tags":[],"class_list":["post-175035","article","type-article","status-publish","hentry","issues-confronting-global-capital","issues-solidarity","regions-turkiye","sectors-garment"],"acf":[],"yoast_head":"<!-- This site is optimized with the Yoast SEO Premium plugin v27.1 (Yoast SEO v27.1) - https:\/\/yoast.com\/product\/yoast-seo-premium-wordpress\/ -->\n<title>Victoire des travailleurs de Texim en Turquie - industriall-union<\/title>\n<meta name=\"description\" content=\"Le 2 novembre, apr\u00e8s avoir n\u00e9goci\u00e9 avec la direction de Texim, une entreprise turque de textile qui produit des v\u00eatements pour Hugo Boss et Pierre Cardin,\" \/>\n<meta name=\"robots\" content=\"index, follow, max-snippet:-1, max-image-preview:large, max-video-preview:-1\" \/>\n<link rel=\"canonical\" href=\"https:\/\/admin.industriall-union.org\/fr\/victoire-des-travailleurs-de-texim-en-turquie\/\" \/>\n<meta property=\"og:locale\" content=\"fr_FR\" \/>\n<meta property=\"og:type\" content=\"article\" \/>\n<meta property=\"og:title\" content=\"Victoire des travailleurs de Texim en Turquie\" \/>\n<meta property=\"og:description\" content=\"Le 2 novembre, apr\u00e8s avoir n\u00e9goci\u00e9 avec la direction de Texim, une entreprise turque de textile qui produit des v\u00eatements pour Hugo Boss et Pierre Cardin,\" \/>\n<meta property=\"og:url\" content=\"https:\/\/admin.industriall-union.org\/fr\/victoire-des-travailleurs-de-texim-en-turquie\/\" \/>\n<meta property=\"og:site_name\" content=\"industriall-union\" \/>\n<meta property=\"article:modified_time\" content=\"2025-02-08T17:49:43+00:00\" \/>\n<meta name=\"twitter:card\" content=\"summary_large_image\" \/>\n<meta name=\"twitter:label1\" content=\"Est. reading time\" \/>\n\t<meta name=\"twitter:data1\" content=\"2 minutes\" \/>\n<script type=\"application\/ld+json\" class=\"yoast-schema-graph\">{\"@context\":\"https:\/\/schema.org\",\"@graph\":[{\"@type\":\"WebPage\",\"@id\":\"https:\/\/admin.industriall-union.org\/fr\/victoire-des-travailleurs-de-texim-en-turquie\/\",\"url\":\"https:\/\/admin.industriall-union.org\/fr\/victoire-des-travailleurs-de-texim-en-turquie\/\",\"name\":\"Victoire des travailleurs de Texim en Turquie - industriall-union\",\"isPartOf\":{\"@id\":\"https:\/\/admin.industriall-union.org\/#website\"},\"datePublished\":\"2012-11-07T14:02:53+00:00\",\"dateModified\":\"2025-02-08T17:49:43+00:00\",\"description\":\"Le 2 novembre, apr\u00e8s avoir n\u00e9goci\u00e9 avec la direction de Texim, une entreprise turque de textile qui produit des v\u00eatements pour Hugo Boss et Pierre Cardin,\",\"breadcrumb\":{\"@id\":\"https:\/\/admin.industriall-union.org\/fr\/victoire-des-travailleurs-de-texim-en-turquie\/#breadcrumb\"},\"inLanguage\":\"fr-FR\",\"potentialAction\":[{\"@type\":\"ReadAction\",\"target\":[\"https:\/\/admin.industriall-union.org\/fr\/victoire-des-travailleurs-de-texim-en-turquie\/\"]}]},{\"@type\":\"BreadcrumbList\",\"@id\":\"https:\/\/admin.industriall-union.org\/fr\/victoire-des-travailleurs-de-texim-en-turquie\/#breadcrumb\",\"itemListElement\":[{\"@type\":\"ListItem\",\"position\":1,\"name\":\"Home\",\"item\":\"https:\/\/admin.industriall-union.org\/\"},{\"@type\":\"ListItem\",\"position\":2,\"name\":\"Articles\",\"item\":\"https:\/\/admin.industriall-union.org\/article\/\"},{\"@type\":\"ListItem\",\"position\":3,\"name\":\"Victoire des travailleurs de Texim en Turquie\"}]},{\"@type\":\"WebSite\",\"@id\":\"https:\/\/admin.industriall-union.org\/#website\",\"url\":\"https:\/\/admin.industriall-union.org\/\",\"name\":\"industriall-union\",\"description\":\"\",\"potentialAction\":[{\"@type\":\"SearchAction\",\"target\":{\"@type\":\"EntryPoint\",\"urlTemplate\":\"https:\/\/admin.industriall-union.org\/?s={search_term_string}\"},\"query-input\":{\"@type\":\"PropertyValueSpecification\",\"valueRequired\":true,\"valueName\":\"search_term_string\"}}],\"inLanguage\":\"fr-FR\"}]}<\/script>\n<!-- \/ Yoast SEO Premium plugin. -->","yoast_head_json":{"title":"Victoire des travailleurs de Texim en Turquie - industriall-union","description":"Le 2 novembre, apr\u00e8s avoir n\u00e9goci\u00e9 avec la direction de Texim, une entreprise turque de textile qui produit des v\u00eatements pour Hugo Boss et Pierre Cardin,","robots":{"index":"index","follow":"follow","max-snippet":"max-snippet:-1","max-image-preview":"max-image-preview:large","max-video-preview":"max-video-preview:-1"},"canonical":"https:\/\/admin.industriall-union.org\/fr\/victoire-des-travailleurs-de-texim-en-turquie\/","og_locale":"fr_FR","og_type":"article","og_title":"Victoire des travailleurs de Texim en Turquie","og_description":"Le 2 novembre, apr\u00e8s avoir n\u00e9goci\u00e9 avec la direction de Texim, une entreprise turque de textile qui produit des v\u00eatements pour Hugo Boss et Pierre Cardin,","og_url":"https:\/\/admin.industriall-union.org\/fr\/victoire-des-travailleurs-de-texim-en-turquie\/","og_site_name":"industriall-union","article_modified_time":"2025-02-08T17:49:43+00:00","twitter_card":"summary_large_image","twitter_misc":{"Est. reading time":"2 minutes"},"schema":{"@context":"https:\/\/schema.org","@graph":[{"@type":"WebPage","@id":"https:\/\/admin.industriall-union.org\/fr\/victoire-des-travailleurs-de-texim-en-turquie\/","url":"https:\/\/admin.industriall-union.org\/fr\/victoire-des-travailleurs-de-texim-en-turquie\/","name":"Victoire des travailleurs de Texim en Turquie - industriall-union","isPartOf":{"@id":"https:\/\/admin.industriall-union.org\/#website"},"datePublished":"2012-11-07T14:02:53+00:00","dateModified":"2025-02-08T17:49:43+00:00","description":"Le 2 novembre, apr\u00e8s avoir n\u00e9goci\u00e9 avec la direction de Texim, une entreprise turque de textile qui produit des v\u00eatements pour Hugo Boss et Pierre Cardin,","breadcrumb":{"@id":"https:\/\/admin.industriall-union.org\/fr\/victoire-des-travailleurs-de-texim-en-turquie\/#breadcrumb"},"inLanguage":"fr-FR","potentialAction":[{"@type":"ReadAction","target":["https:\/\/admin.industriall-union.org\/fr\/victoire-des-travailleurs-de-texim-en-turquie\/"]}]},{"@type":"BreadcrumbList","@id":"https:\/\/admin.industriall-union.org\/fr\/victoire-des-travailleurs-de-texim-en-turquie\/#breadcrumb","itemListElement":[{"@type":"ListItem","position":1,"name":"Home","item":"https:\/\/admin.industriall-union.org\/"},{"@type":"ListItem","position":2,"name":"Articles","item":"https:\/\/admin.industriall-union.org\/article\/"},{"@type":"ListItem","position":3,"name":"Victoire des travailleurs de Texim en Turquie"}]},{"@type":"WebSite","@id":"https:\/\/admin.industriall-union.org\/#website","url":"https:\/\/admin.industriall-union.org\/","name":"industriall-union","description":"","potentialAction":[{"@type":"SearchAction","target":{"@type":"EntryPoint","urlTemplate":"https:\/\/admin.industriall-union.org\/?s={search_term_string}"},"query-input":{"@type":"PropertyValueSpecification","valueRequired":true,"valueName":"search_term_string"}}],"inLanguage":"fr-FR"}]}},"_links":{"self":[{"href":"https:\/\/admin.industriall-union.org\/fr\/wp-json\/wp\/v2\/article\/175035","targetHints":{"allow":["GET"]}}],"collection":[{"href":"https:\/\/admin.industriall-union.org\/fr\/wp-json\/wp\/v2\/article"}],"about":[{"href":"https:\/\/admin.industriall-union.org\/fr\/wp-json\/wp\/v2\/types\/article"}],"wp:attachment":[{"href":"https:\/\/admin.industriall-union.org\/fr\/wp-json\/wp\/v2\/media?parent=175035"}],"wp:term":[{"taxonomy":"issues","embeddable":true,"href":"https:\/\/admin.industriall-union.org\/fr\/wp-json\/wp\/v2\/issues?post=175035"},{"taxonomy":"companies","embeddable":true,"href":"https:\/\/admin.industriall-union.org\/fr\/wp-json\/wp\/v2\/companies?post=175035"},{"taxonomy":"regions","embeddable":true,"href":"https:\/\/admin.industriall-union.org\/fr\/wp-json\/wp\/v2\/regions?post=175035"},{"taxonomy":"sectors","embeddable":true,"href":"https:\/\/admin.industriall-union.org\/fr\/wp-json\/wp\/v2\/sectors?post=175035"},{"taxonomy":"article_tags","embeddable":true,"href":"https:\/\/admin.industriall-union.org\/fr\/wp-json\/wp\/v2\/article_tags?post=175035"}],"curies":[{"name":"wp","href":"https:\/\/api.w.org\/{rel}","templated":true}]}}