{"id":175005,"date":"2012-11-13T14:05:46","date_gmt":"2012-11-13T14:05:46","guid":{"rendered":"https:\/\/admin.industriall-union.org\/industriall-veut-une-action-contre-les-infractions-aux-droits-par-le-gouvernement-de-fidji\/"},"modified":"2025-02-08T17:42:15","modified_gmt":"2025-02-08T17:42:15","slug":"industriall-veut-une-action-contre-les-infractions-aux-droits-par-le-gouvernement-de-fidji","status":"publish","type":"article","link":"https:\/\/admin.industriall-union.org\/fr\/industriall-veut-une-action-contre-les-infractions-aux-droits-par-le-gouvernement-de-fidji\/","title":{"rendered":"IndustriALL veut une action contre les infractions aux droits par le gouvernement de Fidji"},"content":{"rendered":"<p>Malgr\u00e9 des avertissements pour que ce r\u00e9gime mette fin aux attaques contre les syndicalistes, IndustriALL Global Union et la F\u00e9d\u00e9ration internationale des ouvriers du transport (FIOT) demandent maintenant la tenue d&rsquo;audiences par les repr\u00e9sentants des \u00c9tats-Unis au commerce.&nbsp;<\/p><p>Fidji se qualifie actuellement pour un syst\u00e8me de pr\u00e9f\u00e9rences g\u00e9n\u00e9ralis\u00e9es (SPG) des \u00c9tats-Unis. Le SPG assure une r\u00e9duction importante des droits de douane pour l&rsquo;entr\u00e9e de certains produits de Fidji aux \u00c9tats-Unis. Cependant, au cours d&rsquo;audiences tenues par les repr\u00e9sentants des \u00c9tats-Unis au commerce et une citation pour une audience ult\u00e9rieure, le syndicat American Federation of Labor &amp; Congress of Industrial Organizations (AFL-CIO) a demand\u00e9 la suspension de Fidji de la liste des pays en d\u00e9veloppement b\u00e9n\u00e9ficiaires. La suspension propos\u00e9e resterait en vigueur \u00e0 moins que le gouvernement int\u00e9rimaire de Fidji n&rsquo;entreprenne imm\u00e9diatement des d\u00e9marches convaincantes pour mettre fin aux inqui\u00e9tudes soulev\u00e9es dans la p\u00e9tition et les citations ant\u00e9rieures et ult\u00e9rieures \u00e0 l&rsquo;audience.<\/p><p>Dans le cadre d&rsquo;une nouvelle action coordonn\u00e9e, IndustriALL et la FIOT ont inform\u00e9 les repr\u00e9sentants des \u00c9tats-Unis au commerce de leur soutien \u00e9nergique \u00e0 la p\u00e9tition de AFL-CIO. IndustriALL et la FIOT ont \u00e9galement \u00e9crit au r\u00e9gime fidjien pour exprimer leur inqui\u00e9tude concernant l&rsquo;impact d&rsquo;une suspension sur les travailleurs et travailleuses dans le secteur de la fabrication industrielle au cas o\u00f9 le gouvernement continuerait d&rsquo;ignorer les avertissements et refuserait de mettre fin \u00e0 ses infractions aux droits.<\/p><p>Ces abus ont \u00e9t\u00e9 signal\u00e9s dans des rapports sur les menaces prof\u00e9r\u00e9es agressivement contre des syndicalistes, de m\u00eame que la surveillance exerc\u00e9e par la police et les militaires pour obtenir des renseignements sur les activit\u00e9s syndicales. Les autorit\u00e9s de Fidji demandent que les r\u00e9unions syndicales organis\u00e9es dans un lieu public fassent obligatoirement l&rsquo;objet de la d\u00e9livrance d&rsquo;une autorisation, qui stipule souvent la pr\u00e9sence de la police.<\/p><p>Les attaques contre les syndicalistes \u00e0 Fidji sont d\u00e9nonc\u00e9es avec documents \u00e0 l&rsquo;appui dans des rapports de l&rsquo;Organisation internationale du Travail (OIT), du Comit\u00e9 de la libert\u00e9 syndicale et du Comit\u00e9 des experts. La CSI a \u00e9galement coordonn\u00e9 des lettres et des actions de protestation contre ces attaques et continue de mener une campagne mondiale.<\/p><p>Jyrki Raina, secr\u00e9taire g\u00e9n\u00e9ral de IndustriALL affirme de son c\u00f4t\u00e9: &ldquo;Cette campagne concerne la question fondamentale des droits de la personne et des droits des travailleurs et travailleuses. IndustriALL et nos autres partenaires dans le monde n&rsquo;abandonneront pas ce combat. Nous allons demander au mouvement syndical international d&rsquo;afficher la m\u00eame volont\u00e9 que nos camarades des syndicats fidjiens pour obtenir un changement et le retour des droits des travailleurs et travailleuses qui ont \u00e9t\u00e9 syst\u00e9matiquement \u00e9limin\u00e9s&rdquo;.<\/p><p>Les syndicats fidjiens repr\u00e9sentent les travailleurs et travailleuses de nombreux secteurs importants comme le textile, le sucre et les mines.&nbsp; IndustriALL va \u00e9galement contr\u00f4ler de pr\u00e8s les entreprises multinationales qui cherchent \u00e0 r\u00e9aliser des investissements \u00e0 Fidji, et faire aussi campagne pour un moratoire jusqu&rsquo;au r\u00e9tablissement des droits des travailleurs et travailleuses.<\/p>","protected":false},"featured_media":0,"template":"","issues":[422,420],"companies":[],"regions":[164],"sectors":[],"article_tags":[],"class_list":["post-175005","article","type-article","status-publish","hentry","issues-human-trade-union-rights","issues-solidarity","regions-fiji"],"acf":[],"yoast_head":"<!-- This site is optimized with the Yoast SEO Premium plugin v27.1 (Yoast SEO v27.1) - https:\/\/yoast.com\/product\/yoast-seo-premium-wordpress\/ -->\n<title>IndustriALL veut une action contre les infractions aux droits par le gouvernement de Fidji - industriall-union<\/title>\n<meta name=\"description\" content=\"Malgr\u00e9 des avertissements pour que ce r\u00e9gime mette fin aux attaques contre les syndicalistes, IndustriALL Global Union et la F\u00e9d\u00e9ration internationale des\" \/>\n<meta name=\"robots\" content=\"index, follow, max-snippet:-1, max-image-preview:large, max-video-preview:-1\" \/>\n<link rel=\"canonical\" href=\"https:\/\/admin.industriall-union.org\/fr\/industriall-veut-une-action-contre-les-infractions-aux-droits-par-le-gouvernement-de-fidji\/\" \/>\n<meta property=\"og:locale\" content=\"fr_FR\" \/>\n<meta property=\"og:type\" content=\"article\" \/>\n<meta property=\"og:title\" content=\"IndustriALL veut une action contre les infractions aux droits par le gouvernement de Fidji\" \/>\n<meta property=\"og:description\" content=\"Malgr\u00e9 des avertissements pour que ce r\u00e9gime mette fin aux attaques contre les syndicalistes, IndustriALL Global Union et la F\u00e9d\u00e9ration internationale des\" \/>\n<meta property=\"og:url\" content=\"https:\/\/admin.industriall-union.org\/fr\/industriall-veut-une-action-contre-les-infractions-aux-droits-par-le-gouvernement-de-fidji\/\" \/>\n<meta property=\"og:site_name\" content=\"industriall-union\" \/>\n<meta property=\"article:modified_time\" content=\"2025-02-08T17:42:15+00:00\" \/>\n<meta name=\"twitter:card\" content=\"summary_large_image\" \/>\n<meta name=\"twitter:label1\" content=\"Est. reading time\" \/>\n\t<meta name=\"twitter:data1\" content=\"3 minutes\" \/>\n<script type=\"application\/ld+json\" class=\"yoast-schema-graph\">{\"@context\":\"https:\/\/schema.org\",\"@graph\":[{\"@type\":\"WebPage\",\"@id\":\"https:\/\/admin.industriall-union.org\/fr\/industriall-veut-une-action-contre-les-infractions-aux-droits-par-le-gouvernement-de-fidji\/\",\"url\":\"https:\/\/admin.industriall-union.org\/fr\/industriall-veut-une-action-contre-les-infractions-aux-droits-par-le-gouvernement-de-fidji\/\",\"name\":\"IndustriALL veut une action contre les infractions aux droits par le gouvernement de Fidji - industriall-union\",\"isPartOf\":{\"@id\":\"https:\/\/admin.industriall-union.org\/#website\"},\"datePublished\":\"2012-11-13T14:05:46+00:00\",\"dateModified\":\"2025-02-08T17:42:15+00:00\",\"description\":\"Malgr\u00e9 des avertissements pour que ce r\u00e9gime mette fin aux attaques contre les syndicalistes, IndustriALL Global Union et la F\u00e9d\u00e9ration internationale des\",\"breadcrumb\":{\"@id\":\"https:\/\/admin.industriall-union.org\/fr\/industriall-veut-une-action-contre-les-infractions-aux-droits-par-le-gouvernement-de-fidji\/#breadcrumb\"},\"inLanguage\":\"fr-FR\",\"potentialAction\":[{\"@type\":\"ReadAction\",\"target\":[\"https:\/\/admin.industriall-union.org\/fr\/industriall-veut-une-action-contre-les-infractions-aux-droits-par-le-gouvernement-de-fidji\/\"]}]},{\"@type\":\"BreadcrumbList\",\"@id\":\"https:\/\/admin.industriall-union.org\/fr\/industriall-veut-une-action-contre-les-infractions-aux-droits-par-le-gouvernement-de-fidji\/#breadcrumb\",\"itemListElement\":[{\"@type\":\"ListItem\",\"position\":1,\"name\":\"Home\",\"item\":\"https:\/\/admin.industriall-union.org\/\"},{\"@type\":\"ListItem\",\"position\":2,\"name\":\"Articles\",\"item\":\"https:\/\/admin.industriall-union.org\/article\/\"},{\"@type\":\"ListItem\",\"position\":3,\"name\":\"IndustriALL veut une action contre les infractions aux droits par le gouvernement de Fidji\"}]},{\"@type\":\"WebSite\",\"@id\":\"https:\/\/admin.industriall-union.org\/#website\",\"url\":\"https:\/\/admin.industriall-union.org\/\",\"name\":\"industriall-union\",\"description\":\"\",\"potentialAction\":[{\"@type\":\"SearchAction\",\"target\":{\"@type\":\"EntryPoint\",\"urlTemplate\":\"https:\/\/admin.industriall-union.org\/?s={search_term_string}\"},\"query-input\":{\"@type\":\"PropertyValueSpecification\",\"valueRequired\":true,\"valueName\":\"search_term_string\"}}],\"inLanguage\":\"fr-FR\"}]}<\/script>\n<!-- \/ Yoast SEO Premium plugin. -->","yoast_head_json":{"title":"IndustriALL veut une action contre les infractions aux droits par le gouvernement de Fidji - industriall-union","description":"Malgr\u00e9 des avertissements pour que ce r\u00e9gime mette fin aux attaques contre les syndicalistes, IndustriALL Global Union et la F\u00e9d\u00e9ration internationale des","robots":{"index":"index","follow":"follow","max-snippet":"max-snippet:-1","max-image-preview":"max-image-preview:large","max-video-preview":"max-video-preview:-1"},"canonical":"https:\/\/admin.industriall-union.org\/fr\/industriall-veut-une-action-contre-les-infractions-aux-droits-par-le-gouvernement-de-fidji\/","og_locale":"fr_FR","og_type":"article","og_title":"IndustriALL veut une action contre les infractions aux droits par le gouvernement de Fidji","og_description":"Malgr\u00e9 des avertissements pour que ce r\u00e9gime mette fin aux attaques contre les syndicalistes, IndustriALL Global Union et la F\u00e9d\u00e9ration internationale des","og_url":"https:\/\/admin.industriall-union.org\/fr\/industriall-veut-une-action-contre-les-infractions-aux-droits-par-le-gouvernement-de-fidji\/","og_site_name":"industriall-union","article_modified_time":"2025-02-08T17:42:15+00:00","twitter_card":"summary_large_image","twitter_misc":{"Est. reading time":"3 minutes"},"schema":{"@context":"https:\/\/schema.org","@graph":[{"@type":"WebPage","@id":"https:\/\/admin.industriall-union.org\/fr\/industriall-veut-une-action-contre-les-infractions-aux-droits-par-le-gouvernement-de-fidji\/","url":"https:\/\/admin.industriall-union.org\/fr\/industriall-veut-une-action-contre-les-infractions-aux-droits-par-le-gouvernement-de-fidji\/","name":"IndustriALL veut une action contre les infractions aux droits par le gouvernement de Fidji - industriall-union","isPartOf":{"@id":"https:\/\/admin.industriall-union.org\/#website"},"datePublished":"2012-11-13T14:05:46+00:00","dateModified":"2025-02-08T17:42:15+00:00","description":"Malgr\u00e9 des avertissements pour que ce r\u00e9gime mette fin aux attaques contre les syndicalistes, IndustriALL Global Union et la F\u00e9d\u00e9ration internationale des","breadcrumb":{"@id":"https:\/\/admin.industriall-union.org\/fr\/industriall-veut-une-action-contre-les-infractions-aux-droits-par-le-gouvernement-de-fidji\/#breadcrumb"},"inLanguage":"fr-FR","potentialAction":[{"@type":"ReadAction","target":["https:\/\/admin.industriall-union.org\/fr\/industriall-veut-une-action-contre-les-infractions-aux-droits-par-le-gouvernement-de-fidji\/"]}]},{"@type":"BreadcrumbList","@id":"https:\/\/admin.industriall-union.org\/fr\/industriall-veut-une-action-contre-les-infractions-aux-droits-par-le-gouvernement-de-fidji\/#breadcrumb","itemListElement":[{"@type":"ListItem","position":1,"name":"Home","item":"https:\/\/admin.industriall-union.org\/"},{"@type":"ListItem","position":2,"name":"Articles","item":"https:\/\/admin.industriall-union.org\/article\/"},{"@type":"ListItem","position":3,"name":"IndustriALL veut une action contre les infractions aux droits par le gouvernement de Fidji"}]},{"@type":"WebSite","@id":"https:\/\/admin.industriall-union.org\/#website","url":"https:\/\/admin.industriall-union.org\/","name":"industriall-union","description":"","potentialAction":[{"@type":"SearchAction","target":{"@type":"EntryPoint","urlTemplate":"https:\/\/admin.industriall-union.org\/?s={search_term_string}"},"query-input":{"@type":"PropertyValueSpecification","valueRequired":true,"valueName":"search_term_string"}}],"inLanguage":"fr-FR"}]}},"_links":{"self":[{"href":"https:\/\/admin.industriall-union.org\/fr\/wp-json\/wp\/v2\/article\/175005","targetHints":{"allow":["GET"]}}],"collection":[{"href":"https:\/\/admin.industriall-union.org\/fr\/wp-json\/wp\/v2\/article"}],"about":[{"href":"https:\/\/admin.industriall-union.org\/fr\/wp-json\/wp\/v2\/types\/article"}],"wp:attachment":[{"href":"https:\/\/admin.industriall-union.org\/fr\/wp-json\/wp\/v2\/media?parent=175005"}],"wp:term":[{"taxonomy":"issues","embeddable":true,"href":"https:\/\/admin.industriall-union.org\/fr\/wp-json\/wp\/v2\/issues?post=175005"},{"taxonomy":"companies","embeddable":true,"href":"https:\/\/admin.industriall-union.org\/fr\/wp-json\/wp\/v2\/companies?post=175005"},{"taxonomy":"regions","embeddable":true,"href":"https:\/\/admin.industriall-union.org\/fr\/wp-json\/wp\/v2\/regions?post=175005"},{"taxonomy":"sectors","embeddable":true,"href":"https:\/\/admin.industriall-union.org\/fr\/wp-json\/wp\/v2\/sectors?post=175005"},{"taxonomy":"article_tags","embeddable":true,"href":"https:\/\/admin.industriall-union.org\/fr\/wp-json\/wp\/v2\/article_tags?post=175005"}],"curies":[{"name":"wp","href":"https:\/\/api.w.org\/{rel}","templated":true}]}}