{"id":174987,"date":"2012-11-16T09:58:34","date_gmt":"2012-11-16T09:58:34","guid":{"rendered":"https:\/\/admin.industriall-union.org\/eliminer-la-violence-a-l-egard-des-femmes\/"},"modified":"2025-02-08T17:37:23","modified_gmt":"2025-02-08T17:37:23","slug":"eliminer-la-violence-a-l-egard-des-femmes","status":"publish","type":"article","link":"https:\/\/admin.industriall-union.org\/fr\/eliminer-la-violence-a-l-egard-des-femmes\/","title":{"rendered":"\u00c9liminer la violence \u00e0 l\u2019\u00e9gard des femmes"},"content":{"rendered":"<p>Cette journ\u00e9e du 25 novembre est proclam\u00e9e \u00e0 la m\u00e9moire des militantes politiques en R\u00e9publique dominicaine &ndash; les s\u0153urs Mirabal &ndash; brutalement assassin\u00e9es le 25 novembre 1960 sur ordre du r\u00e9gime du dictateur Rafael Trujillo.<\/p><p><a href=\"http:\/\/www.un.org\/en\/events\/endviolenceday\/\">La Journ\u00e9e internationale pour l&rsquo;\u00e9limination de la violence \u00e0 l&rsquo;\u00e9gard des femmes<\/a> marque \u00e9galement la p\u00e9riode du 25 novembre au 10 d\u00e9cembre pour souligner le lien entre les femmes, la violence et les droits de la personne, qui englobe le 25 novembre, le 1<sup>er<\/sup> d\u00e9cembre Journ\u00e9e mondiale de lutte contre le sida, la Tuerie de l&rsquo;\u00c9cole polytechnique de Montr\u00e9al du 6 d\u00e9cembre 1989 quand 14 \u00e9tudiantes polytechnicienne furent abattues au Canada en tant que f\u00e9ministes, et le 10 d\u00e9cembre Journ\u00e9e internationale des droits de l&rsquo;homme.<\/p><p>La violence \u00e0 l&rsquo;\u00e9gard des femmes est un acte qui a pour r\u00e9sultat ou peut avoir pour r\u00e9sultat de faire du mal physiquement, sexuellement ou psychologiquement ou causer des souffrances \u00e0 des femmes. La violence \u00e0 l&rsquo;\u00e9gard des femmes peut avoir lieu dans la vie priv\u00e9e, chez soi ou en public. Ces formes de violence peuvent se caract\u00e9riser par le viol, la violence domestique, le trafic de femmes, la traite des Blanches, l&rsquo;exploitation sexuelle, le harc\u00e8lement sexuel, les mutilations g\u00e9nitales f\u00e9minines, le mariage forc\u00e9, une branche de la guerre et du meurtre inexorablement li\u00e9e au probl\u00e8me du VIH\/Sida et ayant des cons\u00e9quences graves sur les droits des femmes. Des activit\u00e9s pr\u00e9ventives doivent avoir lieu parall\u00e8lement \u00e0 des efforts destin\u00e9s \u00e0 r\u00e9duire la violence \u00e0 l&rsquo;\u00e9gard des femmes et des filles. Ces programmes doivent prendre en ligne de compte le lien entre le fait d&rsquo;\u00eatre femme et l&rsquo;in\u00e9galit\u00e9 socio\u00e9conomique, et la vuln\u00e9rabilit\u00e9 au VIH\/Sida.<\/p><p>La violence \u00e0 l&rsquo;\u00e9gard des femmes provient d&rsquo;un syst\u00e8me omnipr\u00e9sent d&rsquo;injustice qui perp\u00e9tue la dominance des hommes et la subordination des femmes, et qui est l&rsquo;exemple le plus frappant de l&rsquo;in\u00e9galit\u00e9 entre femmes et hommes. La violence bas\u00e9e sur le sexe a une forte incidence sur le monde du travail. Elle est souvent d\u00e9crite comme \u00e9tant la pire des infractions au monde touchant les droits de la personne. On estime qu&rsquo;au moins une femme sur trois dans le monde a \u00e9t\u00e9 forc\u00e9e d&rsquo;avoir des rapports sexuels, a \u00e9t\u00e9 battue ou maltrait\u00e9e d&rsquo;une mani\u00e8re ou d&rsquo;une autre. Mise \u00e0 part la souffrance physique, il y a un argument \u00e9conomique r\u00e9el pour \u00e9liminer la violence \u00e0 l&rsquo;\u00e9gard des femmes. En raison d&rsquo;une discrimination de tout une vie et d&rsquo;emplois st\u00e9r\u00e9otyp\u00e9s, la plupart des femmes exercent des emplois \u00e0 bas salaire et sans prestige en n&rsquo;ayant que peu de pouvoir pour contr\u00f4ler ou prendre des d\u00e9cisions, ou de comp\u00e9tence pour la n\u00e9gociation. Elles sont surrepr\u00e9sent\u00e9es dans des emplois atypiques et pr\u00e9caires qui pr\u00e9sentent des facteurs de risque de violence bas\u00e9s sur le sexe, notamment de harc\u00e8lement et d&rsquo;agression sexuels. De plus, la violence sur le lieu de travail peut prendre la forme de brimades et de harc\u00e8lement.<\/p><p>La crise \u00e9conomique va vraisemblablement exacerber la violence \u00e0 l&rsquo;\u00e9gard des femmes. La situation des femmes est encore plus pr\u00e9caire et donc plus vuln\u00e9rable, ce qui accro\u00eet la probabilit\u00e9 de la violence.<\/p><p>L&rsquo;interaction entre la violence conjugale et la violence sexiste au travail est devenue de plus en plus claire. La victime peut m\u00eame \u00eatre traqu\u00e9e au travail par le coupable avec toutes les implications qui cela peut avoir sur les autres membres du personnel. Les mauvais r\u00e9sultats dans le travail de la personne concern\u00e9e touche l&rsquo;ensemble du lieu de travail et abaisse la productivit\u00e9 de chaque salari\u00e9. La victime souffre d&rsquo;un manque d&rsquo;estime de soi et cesse d&rsquo;avoir de bons rapports avec le monde ext\u00e9rieur. L&rsquo;absent\u00e9isme augmente, et il en r\u00e9sulte de m\u00e9diocres relations de personnel.<\/p><p>Une \u00e9tude r\u00e9alis\u00e9e r\u00e9cemment au Royaume-Uni \u00e9value le co\u00fbt chaque ann\u00e9e de la violence conjugale dans l&rsquo;\u00e9conomie \u00e0 2,7 milliards de livres sterling (4,2 milliards d&rsquo;USD) de r\u00e9duction de productivit\u00e9, de salaires perdus et d&rsquo;indemnit\u00e9s de maladie. En 2011 aux \u00c9tats-Unis, l&rsquo;entreprise pharmaceutique Novartis a \u00e9t\u00e9 reconnue coupable de l&rsquo;une des plus grandes affaires de harc\u00e8lement et de discrimination sexuels de tout temps et condamn\u00e9e \u00e0 verser 3,3 millions d&rsquo;USD de d\u00e9dommagements et 250 millions d&rsquo;USD de dommages et int\u00e9r\u00eats \u00e0 5.600 femmes qui ont \u00e9t\u00e9 \u00e9galement habilit\u00e9es \u00e0 chercher \u00e0 obtenir chacune jusqu&rsquo;\u00e0 300.000 USD de dommages et int\u00e9r\u00eats suppl\u00e9mentaires.<\/p><p>Les syndicats dans les industries o\u00f9 les hommes sont majoritaires devraient mener la campagne visant \u00e0 mettre fin \u00e0 la violence \u00e0 l&rsquo;\u00e9gard des femmes. Il faut encourager le partenariat entre femmes et hommes afin de cr\u00e9er un environnement capable d&rsquo;amener la paix et le d\u00e9veloppement. Les syndicats doivent combattre la violence bas\u00e9e sur le sexe par une action collective des hommes en montrant que cela repr\u00e9sente un signe de force et non de faiblesse.&nbsp; Le fait de travailler avec des hommes pour \u00e9liminer la violence \u00e0 l&rsquo;\u00e9gard des femmes constituera un pas de g\u00e9ant vers une \u00e9galit\u00e9 entre femmes et hommes.<\/p><p>Beaucoup de pays ont adopt\u00e9 des lois plus fortes pour s&rsquo;attaquer au probl\u00e8me de la violence \u00e0 l&rsquo;\u00e9gard des femmes. On dispose de plusieurs trait\u00e9s r\u00e9gionaux qui contiennent des lois destin\u00e9es \u00e0 mettre fin \u00e0 la violence. N\u00e9anmoins le lieu de travail en soi doit servir de plate-forme de pr\u00e9vention de la violence. La n\u00e9gociation collective peut constituer une base permettant de s&rsquo;attaquer \u00e0 la violence. Les accords sur l&rsquo;\u00e9galit\u00e9 qui offrent la possibilit\u00e9 de transfert et de d\u00e9dommagement financier aux victimes de violence conjugale constituent un moyen suppl\u00e9mentaire.<\/p>","protected":false},"featured_media":0,"template":"","issues":[397],"companies":[],"regions":[155,202,254,288,308,311],"sectors":[488,482,481,476,483,484,490,489,475,494,474,473,470,464],"article_tags":[],"class_list":["post-174987","article","type-article","status-publish","hentry","issues-women","regions-asia-pacific","regions-europe","regions-latin-america-and-the-caribbean","regions-middle-east-and-north-africa","regions-north-america","regions-sub-saharan-africa","sectors-aerospace","sectors-automotive","sectors-base-metals","sectors-chemical-pharmaceutical-bio-science","sectors-energy-oil-gas-electricity-and-nuclear","sectors-glass-cement-ceramic-and-associated-industries","sectors-ict-electrical-and-electronics","sectors-industrial-and-environmental-services","sectors-mechanical-engineering","sectors-mining-and-dgojp","sectors-pulp-and-paper","sectors-rubber","sectors-shipbuilding-and-shipbreaking","sectors-textile-leather-garment-shoes-and-textile-services"],"acf":[],"yoast_head":"<!-- This site is optimized with the Yoast SEO Premium plugin v27.1 (Yoast SEO v27.1) - https:\/\/yoast.com\/product\/yoast-seo-premium-wordpress\/ -->\n<title>\u00c9liminer la violence \u00e0 l\u2019\u00e9gard des femmes - industriall-union<\/title>\n<meta name=\"description\" content=\"Cette journ\u00e9e du 25 novembre est proclam\u00e9e \u00e0 la m\u00e9moire des militantes politiques en R\u00e9publique dominicaine &ndash; les s\u0153urs Mirabal &ndash; brutalement\" \/>\n<meta name=\"robots\" content=\"index, follow, max-snippet:-1, max-image-preview:large, max-video-preview:-1\" \/>\n<link rel=\"canonical\" href=\"https:\/\/admin.industriall-union.org\/fr\/eliminer-la-violence-a-l-egard-des-femmes\/\" \/>\n<meta property=\"og:locale\" content=\"fr_FR\" \/>\n<meta property=\"og:type\" content=\"article\" \/>\n<meta property=\"og:title\" content=\"\u00c9liminer la violence \u00e0 l\u2019\u00e9gard des femmes\" \/>\n<meta property=\"og:description\" content=\"Cette journ\u00e9e du 25 novembre est proclam\u00e9e \u00e0 la m\u00e9moire des militantes politiques en R\u00e9publique dominicaine &ndash; les s\u0153urs Mirabal &ndash; brutalement\" \/>\n<meta property=\"og:url\" content=\"https:\/\/admin.industriall-union.org\/fr\/eliminer-la-violence-a-l-egard-des-femmes\/\" \/>\n<meta property=\"og:site_name\" content=\"industriall-union\" \/>\n<meta property=\"article:modified_time\" content=\"2025-02-08T17:37:23+00:00\" \/>\n<meta name=\"twitter:card\" content=\"summary_large_image\" \/>\n<meta name=\"twitter:label1\" content=\"Est. reading time\" \/>\n\t<meta name=\"twitter:data1\" content=\"5 minutes\" \/>\n<script type=\"application\/ld+json\" class=\"yoast-schema-graph\">{\"@context\":\"https:\/\/schema.org\",\"@graph\":[{\"@type\":\"WebPage\",\"@id\":\"https:\/\/admin.industriall-union.org\/fr\/eliminer-la-violence-a-l-egard-des-femmes\/\",\"url\":\"https:\/\/admin.industriall-union.org\/fr\/eliminer-la-violence-a-l-egard-des-femmes\/\",\"name\":\"\u00c9liminer la violence \u00e0 l\u2019\u00e9gard des femmes - industriall-union\",\"isPartOf\":{\"@id\":\"https:\/\/admin.industriall-union.org\/#website\"},\"datePublished\":\"2012-11-16T09:58:34+00:00\",\"dateModified\":\"2025-02-08T17:37:23+00:00\",\"description\":\"Cette journ\u00e9e du 25 novembre est proclam\u00e9e \u00e0 la m\u00e9moire des militantes politiques en R\u00e9publique dominicaine &ndash; les s\u0153urs Mirabal &ndash; brutalement\",\"breadcrumb\":{\"@id\":\"https:\/\/admin.industriall-union.org\/fr\/eliminer-la-violence-a-l-egard-des-femmes\/#breadcrumb\"},\"inLanguage\":\"fr-FR\",\"potentialAction\":[{\"@type\":\"ReadAction\",\"target\":[\"https:\/\/admin.industriall-union.org\/fr\/eliminer-la-violence-a-l-egard-des-femmes\/\"]}]},{\"@type\":\"BreadcrumbList\",\"@id\":\"https:\/\/admin.industriall-union.org\/fr\/eliminer-la-violence-a-l-egard-des-femmes\/#breadcrumb\",\"itemListElement\":[{\"@type\":\"ListItem\",\"position\":1,\"name\":\"Home\",\"item\":\"https:\/\/admin.industriall-union.org\/\"},{\"@type\":\"ListItem\",\"position\":2,\"name\":\"Articles\",\"item\":\"https:\/\/admin.industriall-union.org\/article\/\"},{\"@type\":\"ListItem\",\"position\":3,\"name\":\"\u00c9liminer la violence \u00e0 l\u2019\u00e9gard des femmes\"}]},{\"@type\":\"WebSite\",\"@id\":\"https:\/\/admin.industriall-union.org\/#website\",\"url\":\"https:\/\/admin.industriall-union.org\/\",\"name\":\"industriall-union\",\"description\":\"\",\"potentialAction\":[{\"@type\":\"SearchAction\",\"target\":{\"@type\":\"EntryPoint\",\"urlTemplate\":\"https:\/\/admin.industriall-union.org\/?s={search_term_string}\"},\"query-input\":{\"@type\":\"PropertyValueSpecification\",\"valueRequired\":true,\"valueName\":\"search_term_string\"}}],\"inLanguage\":\"fr-FR\"}]}<\/script>\n<!-- \/ Yoast SEO Premium plugin. -->","yoast_head_json":{"title":"\u00c9liminer la violence \u00e0 l\u2019\u00e9gard des femmes - industriall-union","description":"Cette journ\u00e9e du 25 novembre est proclam\u00e9e \u00e0 la m\u00e9moire des militantes politiques en R\u00e9publique dominicaine &ndash; les s\u0153urs Mirabal &ndash; brutalement","robots":{"index":"index","follow":"follow","max-snippet":"max-snippet:-1","max-image-preview":"max-image-preview:large","max-video-preview":"max-video-preview:-1"},"canonical":"https:\/\/admin.industriall-union.org\/fr\/eliminer-la-violence-a-l-egard-des-femmes\/","og_locale":"fr_FR","og_type":"article","og_title":"\u00c9liminer la violence \u00e0 l\u2019\u00e9gard des femmes","og_description":"Cette journ\u00e9e du 25 novembre est proclam\u00e9e \u00e0 la m\u00e9moire des militantes politiques en R\u00e9publique dominicaine &ndash; les s\u0153urs Mirabal &ndash; brutalement","og_url":"https:\/\/admin.industriall-union.org\/fr\/eliminer-la-violence-a-l-egard-des-femmes\/","og_site_name":"industriall-union","article_modified_time":"2025-02-08T17:37:23+00:00","twitter_card":"summary_large_image","twitter_misc":{"Est. reading time":"5 minutes"},"schema":{"@context":"https:\/\/schema.org","@graph":[{"@type":"WebPage","@id":"https:\/\/admin.industriall-union.org\/fr\/eliminer-la-violence-a-l-egard-des-femmes\/","url":"https:\/\/admin.industriall-union.org\/fr\/eliminer-la-violence-a-l-egard-des-femmes\/","name":"\u00c9liminer la violence \u00e0 l\u2019\u00e9gard des femmes - industriall-union","isPartOf":{"@id":"https:\/\/admin.industriall-union.org\/#website"},"datePublished":"2012-11-16T09:58:34+00:00","dateModified":"2025-02-08T17:37:23+00:00","description":"Cette journ\u00e9e du 25 novembre est proclam\u00e9e \u00e0 la m\u00e9moire des militantes politiques en R\u00e9publique dominicaine &ndash; les s\u0153urs Mirabal &ndash; brutalement","breadcrumb":{"@id":"https:\/\/admin.industriall-union.org\/fr\/eliminer-la-violence-a-l-egard-des-femmes\/#breadcrumb"},"inLanguage":"fr-FR","potentialAction":[{"@type":"ReadAction","target":["https:\/\/admin.industriall-union.org\/fr\/eliminer-la-violence-a-l-egard-des-femmes\/"]}]},{"@type":"BreadcrumbList","@id":"https:\/\/admin.industriall-union.org\/fr\/eliminer-la-violence-a-l-egard-des-femmes\/#breadcrumb","itemListElement":[{"@type":"ListItem","position":1,"name":"Home","item":"https:\/\/admin.industriall-union.org\/"},{"@type":"ListItem","position":2,"name":"Articles","item":"https:\/\/admin.industriall-union.org\/article\/"},{"@type":"ListItem","position":3,"name":"\u00c9liminer la violence \u00e0 l\u2019\u00e9gard des femmes"}]},{"@type":"WebSite","@id":"https:\/\/admin.industriall-union.org\/#website","url":"https:\/\/admin.industriall-union.org\/","name":"industriall-union","description":"","potentialAction":[{"@type":"SearchAction","target":{"@type":"EntryPoint","urlTemplate":"https:\/\/admin.industriall-union.org\/?s={search_term_string}"},"query-input":{"@type":"PropertyValueSpecification","valueRequired":true,"valueName":"search_term_string"}}],"inLanguage":"fr-FR"}]}},"_links":{"self":[{"href":"https:\/\/admin.industriall-union.org\/fr\/wp-json\/wp\/v2\/article\/174987","targetHints":{"allow":["GET"]}}],"collection":[{"href":"https:\/\/admin.industriall-union.org\/fr\/wp-json\/wp\/v2\/article"}],"about":[{"href":"https:\/\/admin.industriall-union.org\/fr\/wp-json\/wp\/v2\/types\/article"}],"wp:attachment":[{"href":"https:\/\/admin.industriall-union.org\/fr\/wp-json\/wp\/v2\/media?parent=174987"}],"wp:term":[{"taxonomy":"issues","embeddable":true,"href":"https:\/\/admin.industriall-union.org\/fr\/wp-json\/wp\/v2\/issues?post=174987"},{"taxonomy":"companies","embeddable":true,"href":"https:\/\/admin.industriall-union.org\/fr\/wp-json\/wp\/v2\/companies?post=174987"},{"taxonomy":"regions","embeddable":true,"href":"https:\/\/admin.industriall-union.org\/fr\/wp-json\/wp\/v2\/regions?post=174987"},{"taxonomy":"sectors","embeddable":true,"href":"https:\/\/admin.industriall-union.org\/fr\/wp-json\/wp\/v2\/sectors?post=174987"},{"taxonomy":"article_tags","embeddable":true,"href":"https:\/\/admin.industriall-union.org\/fr\/wp-json\/wp\/v2\/article_tags?post=174987"}],"curies":[{"name":"wp","href":"https:\/\/api.w.org\/{rel}","templated":true}]}}