{"id":174974,"date":"2012-11-21T13:50:03","date_gmt":"2012-11-21T13:50:03","guid":{"rendered":"https:\/\/admin.industriall-union.org\/la-fusion-glencore-xstrata-approuvee\/"},"modified":"2025-02-08T17:27:38","modified_gmt":"2025-02-08T17:27:38","slug":"la-fusion-glencore-xstrata-approuvee","status":"publish","type":"article","link":"https:\/\/admin.industriall-union.org\/fr\/la-fusion-glencore-xstrata-approuvee\/","title":{"rendered":"La fusion Glencore-Xstrata approuv\u00e9e"},"content":{"rendered":"<p>Le 20 novembre \u00e0 Zug, Suisse, IndustriALL Global Union a rejoint une nouvelle fois le Parti des Verts de Suisse et plusieurs militant(e)s de la soci\u00e9t\u00e9 civile devant le lieu de r\u00e9union de l&rsquo;assembl\u00e9e g\u00e9n\u00e9rale extraordinaire des actionnaires de Xstrata pour manifester contre la fusion entre les deux g\u00e9ants des mati\u00e8res premi\u00e8res Xstrata et Glencore.<\/p><p>La fusion visant \u00e0 cr\u00e9er une nouvelle centrale de ressources naturelles, Glencore Xstrata International, a \u00e9t\u00e9 approuv\u00e9e par les actionnaires de Xstrata le 20 novembre, mais sans le versement d&rsquo;un volet de plusieurs millions de livres sterling de r\u00e9mun\u00e9rations aux dirigeants les plus en vue de Xstrata qui avait \u00e9t\u00e9 recommand\u00e9 par le conseil. La fusion doit encore recevoir l&rsquo;aval de la Commission europ\u00e9enne qui s&rsquo;est donn\u00e9e jusqu&rsquo;au 22 novembre pour examiner le projet, et par les autorit\u00e9s de la concurrence en Chine et en Afrique du Sud.<\/p><p>Xstrata et Glencore sont parmi les 20 plus grandes soci\u00e9t\u00e9s cot\u00e9es \u00e0 la Bourse de Londres. Elles m\u00e8nent des activit\u00e9s dans 33 pays. Une fois l&rsquo;accord ent\u00e9rin\u00e9, elles seront capables de faire concurrence aux autres grands rivaux comme BHP Billiton, Vale et Rio Tinto. Ce vote \u00e9limine un obstacle \u00e0 l&rsquo;adoption du projet du directeur g\u00e9n\u00e9ral de Glencore, Ivan Glasenberg, visant \u00e0 cr\u00e9er la quatri\u00e8me entreprise mini\u00e8re au monde. IndustriALL Global Union a condamn\u00e9 publiquement cette fusion.<\/p><blockquote><p>Nous sommes ici pour rappeler qu&rsquo;un vote en faveur de cette fusion est un vote de cupidit\u00e9, et que chaque personne raisonnable et sens\u00e9e ne peut pas voter pour cette fusion; et si le pass\u00e9 nous apprend quelque chose \u00e9tant donn\u00e9 leurs ant\u00e9c\u00e9dents, nous avons le droit d&rsquo;avoir tr\u00e8s peur<\/p><\/blockquote><p>a d\u00e9clar\u00e9 Glen Mpufane, au cours de la manifestation devant le lieu de r\u00e9union de l&rsquo;assembl\u00e9e extraordinaire des actionnaires de l&rsquo;entreprise de n\u00e9goce des mati\u00e8res premi\u00e8res Glencore dans la ville suisse de Zug.<\/p><p>En Afrique du Sud, le syndicat national des mineurs (NUM), le syndicat national des m\u00e9tallurgistes (NUMSA) et la soci\u00e9t\u00e9 de production et de distribution d&rsquo;\u00e9lectricit\u00e9 Eskom ont pr\u00e9sent\u00e9 des demandes d&rsquo;intervention contre l&rsquo;approbation recommand\u00e9e par la Commission de la concurrence. Le tribunal de la concurrence examinera les demandes du 10 au 14 d\u00e9cembre 2012.&nbsp;<\/p><blockquote><p>IndustriALL Global union et son alliance de partenaires et de militant(e)s de la soci\u00e9t\u00e9 civile vont devoir faire face \u00e0 cette nouvelle entit\u00e9. Nous la tiendrons responsable et nous continuerons d&rsquo;exiger de bons choix de sa part; et qu&rsquo;elle devienne une bonne entreprise citoyenne si elle en est capable<\/p><\/blockquote><p>a ajout\u00e9 Glen Mpufane, directeur des industries mini\u00e8re et du diamant, pierre pr\u00e9cieuse, ornementale et bijou de IndustriALL Global Union.<\/p><p>La protestation de IndustriALL Global Union contre la fusion \u00e9tait men\u00e9e principalement par ses trois plus grands affili\u00e9s dans les industries des mines et de la m\u00e9tallurgie: United Steelworkers Union of America and Canada, Construction, Forestry, Mining and Energy Union d&rsquo;Australie (CFMEU) et National Union of Mineworkers of South Africa (NUM).<\/p>","protected":false},"featured_media":0,"template":"","issues":[406],"companies":[60,148],"regions":[155,202,254,288,308,311],"sectors":[494],"article_tags":[],"class_list":["post-174974","article","type-article","status-publish","hentry","issues-confronting-global-capital","companies-glencore","companies-xstrata","regions-asia-pacific","regions-europe","regions-latin-america-and-the-caribbean","regions-middle-east-and-north-africa","regions-north-america","regions-sub-saharan-africa","sectors-mining-and-dgojp"],"acf":[],"yoast_head":"<!-- This site is optimized with the Yoast SEO Premium plugin v27.1 (Yoast SEO v27.1) - https:\/\/yoast.com\/product\/yoast-seo-premium-wordpress\/ -->\n<title>La fusion Glencore-Xstrata approuv\u00e9e - industriall-union<\/title>\n<meta name=\"description\" content=\"Le 20 novembre \u00e0 Zug, Suisse, IndustriALL Global Union a rejoint une nouvelle fois le Parti des Verts de Suisse et plusieurs militant(e)s de la soci\u00e9t\u00e9\" \/>\n<meta name=\"robots\" content=\"index, follow, max-snippet:-1, max-image-preview:large, max-video-preview:-1\" \/>\n<link rel=\"canonical\" href=\"https:\/\/admin.industriall-union.org\/fr\/la-fusion-glencore-xstrata-approuvee\/\" \/>\n<meta property=\"og:locale\" content=\"fr_FR\" \/>\n<meta property=\"og:type\" content=\"article\" \/>\n<meta property=\"og:title\" content=\"La fusion Glencore-Xstrata approuv\u00e9e\" \/>\n<meta property=\"og:description\" content=\"Le 20 novembre \u00e0 Zug, Suisse, IndustriALL Global Union a rejoint une nouvelle fois le Parti des Verts de Suisse et plusieurs militant(e)s de la soci\u00e9t\u00e9\" \/>\n<meta property=\"og:url\" content=\"https:\/\/admin.industriall-union.org\/fr\/la-fusion-glencore-xstrata-approuvee\/\" \/>\n<meta property=\"og:site_name\" content=\"industriall-union\" \/>\n<meta property=\"article:modified_time\" content=\"2025-02-08T17:27:38+00:00\" \/>\n<meta name=\"twitter:card\" content=\"summary_large_image\" \/>\n<meta name=\"twitter:label1\" content=\"Est. reading time\" \/>\n\t<meta name=\"twitter:data1\" content=\"3 minutes\" \/>\n<script type=\"application\/ld+json\" class=\"yoast-schema-graph\">{\"@context\":\"https:\/\/schema.org\",\"@graph\":[{\"@type\":\"WebPage\",\"@id\":\"https:\/\/admin.industriall-union.org\/fr\/la-fusion-glencore-xstrata-approuvee\/\",\"url\":\"https:\/\/admin.industriall-union.org\/fr\/la-fusion-glencore-xstrata-approuvee\/\",\"name\":\"La fusion Glencore-Xstrata approuv\u00e9e - industriall-union\",\"isPartOf\":{\"@id\":\"https:\/\/admin.industriall-union.org\/#website\"},\"datePublished\":\"2012-11-21T13:50:03+00:00\",\"dateModified\":\"2025-02-08T17:27:38+00:00\",\"description\":\"Le 20 novembre \u00e0 Zug, Suisse, IndustriALL Global Union a rejoint une nouvelle fois le Parti des Verts de Suisse et plusieurs militant(e)s de la soci\u00e9t\u00e9\",\"breadcrumb\":{\"@id\":\"https:\/\/admin.industriall-union.org\/fr\/la-fusion-glencore-xstrata-approuvee\/#breadcrumb\"},\"inLanguage\":\"fr-FR\",\"potentialAction\":[{\"@type\":\"ReadAction\",\"target\":[\"https:\/\/admin.industriall-union.org\/fr\/la-fusion-glencore-xstrata-approuvee\/\"]}]},{\"@type\":\"BreadcrumbList\",\"@id\":\"https:\/\/admin.industriall-union.org\/fr\/la-fusion-glencore-xstrata-approuvee\/#breadcrumb\",\"itemListElement\":[{\"@type\":\"ListItem\",\"position\":1,\"name\":\"Home\",\"item\":\"https:\/\/admin.industriall-union.org\/\"},{\"@type\":\"ListItem\",\"position\":2,\"name\":\"Articles\",\"item\":\"https:\/\/admin.industriall-union.org\/article\/\"},{\"@type\":\"ListItem\",\"position\":3,\"name\":\"La fusion Glencore-Xstrata approuv\u00e9e\"}]},{\"@type\":\"WebSite\",\"@id\":\"https:\/\/admin.industriall-union.org\/#website\",\"url\":\"https:\/\/admin.industriall-union.org\/\",\"name\":\"industriall-union\",\"description\":\"\",\"potentialAction\":[{\"@type\":\"SearchAction\",\"target\":{\"@type\":\"EntryPoint\",\"urlTemplate\":\"https:\/\/admin.industriall-union.org\/?s={search_term_string}\"},\"query-input\":{\"@type\":\"PropertyValueSpecification\",\"valueRequired\":true,\"valueName\":\"search_term_string\"}}],\"inLanguage\":\"fr-FR\"}]}<\/script>\n<!-- \/ Yoast SEO Premium plugin. -->","yoast_head_json":{"title":"La fusion Glencore-Xstrata approuv\u00e9e - industriall-union","description":"Le 20 novembre \u00e0 Zug, Suisse, IndustriALL Global Union a rejoint une nouvelle fois le Parti des Verts de Suisse et plusieurs militant(e)s de la soci\u00e9t\u00e9","robots":{"index":"index","follow":"follow","max-snippet":"max-snippet:-1","max-image-preview":"max-image-preview:large","max-video-preview":"max-video-preview:-1"},"canonical":"https:\/\/admin.industriall-union.org\/fr\/la-fusion-glencore-xstrata-approuvee\/","og_locale":"fr_FR","og_type":"article","og_title":"La fusion Glencore-Xstrata approuv\u00e9e","og_description":"Le 20 novembre \u00e0 Zug, Suisse, IndustriALL Global Union a rejoint une nouvelle fois le Parti des Verts de Suisse et plusieurs militant(e)s de la soci\u00e9t\u00e9","og_url":"https:\/\/admin.industriall-union.org\/fr\/la-fusion-glencore-xstrata-approuvee\/","og_site_name":"industriall-union","article_modified_time":"2025-02-08T17:27:38+00:00","twitter_card":"summary_large_image","twitter_misc":{"Est. reading time":"3 minutes"},"schema":{"@context":"https:\/\/schema.org","@graph":[{"@type":"WebPage","@id":"https:\/\/admin.industriall-union.org\/fr\/la-fusion-glencore-xstrata-approuvee\/","url":"https:\/\/admin.industriall-union.org\/fr\/la-fusion-glencore-xstrata-approuvee\/","name":"La fusion Glencore-Xstrata approuv\u00e9e - industriall-union","isPartOf":{"@id":"https:\/\/admin.industriall-union.org\/#website"},"datePublished":"2012-11-21T13:50:03+00:00","dateModified":"2025-02-08T17:27:38+00:00","description":"Le 20 novembre \u00e0 Zug, Suisse, IndustriALL Global Union a rejoint une nouvelle fois le Parti des Verts de Suisse et plusieurs militant(e)s de la soci\u00e9t\u00e9","breadcrumb":{"@id":"https:\/\/admin.industriall-union.org\/fr\/la-fusion-glencore-xstrata-approuvee\/#breadcrumb"},"inLanguage":"fr-FR","potentialAction":[{"@type":"ReadAction","target":["https:\/\/admin.industriall-union.org\/fr\/la-fusion-glencore-xstrata-approuvee\/"]}]},{"@type":"BreadcrumbList","@id":"https:\/\/admin.industriall-union.org\/fr\/la-fusion-glencore-xstrata-approuvee\/#breadcrumb","itemListElement":[{"@type":"ListItem","position":1,"name":"Home","item":"https:\/\/admin.industriall-union.org\/"},{"@type":"ListItem","position":2,"name":"Articles","item":"https:\/\/admin.industriall-union.org\/article\/"},{"@type":"ListItem","position":3,"name":"La fusion Glencore-Xstrata approuv\u00e9e"}]},{"@type":"WebSite","@id":"https:\/\/admin.industriall-union.org\/#website","url":"https:\/\/admin.industriall-union.org\/","name":"industriall-union","description":"","potentialAction":[{"@type":"SearchAction","target":{"@type":"EntryPoint","urlTemplate":"https:\/\/admin.industriall-union.org\/?s={search_term_string}"},"query-input":{"@type":"PropertyValueSpecification","valueRequired":true,"valueName":"search_term_string"}}],"inLanguage":"fr-FR"}]}},"_links":{"self":[{"href":"https:\/\/admin.industriall-union.org\/fr\/wp-json\/wp\/v2\/article\/174974","targetHints":{"allow":["GET"]}}],"collection":[{"href":"https:\/\/admin.industriall-union.org\/fr\/wp-json\/wp\/v2\/article"}],"about":[{"href":"https:\/\/admin.industriall-union.org\/fr\/wp-json\/wp\/v2\/types\/article"}],"wp:attachment":[{"href":"https:\/\/admin.industriall-union.org\/fr\/wp-json\/wp\/v2\/media?parent=174974"}],"wp:term":[{"taxonomy":"issues","embeddable":true,"href":"https:\/\/admin.industriall-union.org\/fr\/wp-json\/wp\/v2\/issues?post=174974"},{"taxonomy":"companies","embeddable":true,"href":"https:\/\/admin.industriall-union.org\/fr\/wp-json\/wp\/v2\/companies?post=174974"},{"taxonomy":"regions","embeddable":true,"href":"https:\/\/admin.industriall-union.org\/fr\/wp-json\/wp\/v2\/regions?post=174974"},{"taxonomy":"sectors","embeddable":true,"href":"https:\/\/admin.industriall-union.org\/fr\/wp-json\/wp\/v2\/sectors?post=174974"},{"taxonomy":"article_tags","embeddable":true,"href":"https:\/\/admin.industriall-union.org\/fr\/wp-json\/wp\/v2\/article_tags?post=174974"}],"curies":[{"name":"wp","href":"https:\/\/api.w.org\/{rel}","templated":true}]}}