{"id":174957,"date":"2012-11-22T15:05:14","date_gmt":"2012-11-22T15:05:14","guid":{"rendered":"https:\/\/admin.industriall-union.org\/mettre-l-unite-en-action-dans-la-rdc\/"},"modified":"2025-02-08T17:21:54","modified_gmt":"2025-02-08T17:21:54","slug":"mettre-l-unite-en-action-dans-la-rdc","status":"publish","type":"article","link":"https:\/\/admin.industriall-union.org\/fr\/mettre-l-unite-en-action-dans-la-rdc\/","title":{"rendered":"Mettre l\u2019unit\u00e9 en action dans la RDC"},"content":{"rendered":"<blockquote><p>La Conf\u00e9rence qui fut un succ\u00e8s a pu parvenir \u00e0 un accord sur les questions politiques qui permettront de d\u00e9terminer la mani\u00e8re dont le syndicat pourra se d\u00e9velopper, contester et gagner les \u00e9lections des d\u00e9l\u00e9gu\u00e9s syndicaux, et r\u00e9unir un Congr\u00e8s en 2014<\/p><\/blockquote><p>a d\u00e9clar\u00e9 Kenny Mogane, coordonnateur de projet pour IndustriALL.<\/p><p>Le Syndicat du Travailleurs Unis des Mines, M\u00e9tallurgie, \u00c9nergie, Chimie et Industries Connexes (<a href=\"http:\/\/tumec-rdc.org\/\">TUMEC<\/a>) est une organisation relativement nouvelle des industries de la mine, de l&rsquo;\u00e9nergie, des produits chimiques et autres secteurs industriels. Il a \u00e9t\u00e9 r\u00e9cemment form\u00e9 par un groupe de dirigeants ouvriers d\u00e9sireux d&rsquo;\u00e9tablir un syndicat puissant de travailleurs unis. TUMEC favorise une participation ouvri\u00e8re aux prises de d\u00e9cision et cherche \u00e0 faire face aux d\u00e9fis rencontr\u00e9s par les syndicats dans ces secteurs.<\/p><p>La conf\u00e9rence a r\u00e9uni 62 d\u00e9l\u00e9gu\u00e9(e)s de tout le pays, qui ont travaill\u00e9 sur la mani\u00e8re de mobiliser les membres pour participer aux \u00e9lections des d\u00e9l\u00e9gu\u00e9s syndicaux en 2013 et au Congr\u00e8s national en 2014. La conf\u00e9rence a \u00e9galement trait\u00e9 de questions constitutionnelles et du probl\u00e8me de l&rsquo;autonomie financi\u00e8re.<\/p><p>La conf\u00e9rence a adopt\u00e9 une feuille de route pour la campagne \u00e9lectorale et une strat\u00e9gie de ciblage des grands lieux de travail pour populariser le syndicat dans divers secteurs et dans les mines.&nbsp;<\/p>","protected":false},"featured_media":0,"template":"","issues":[425],"companies":[],"regions":[322],"sectors":[481,477,483,495],"article_tags":[],"class_list":["post-174957","article","type-article","status-publish","hentry","issues-workers-rights","regions-congo-drc","sectors-base-metals","sectors-chemical","sectors-energy-oil-gas-electricity-and-nuclear","sectors-mining"],"acf":[],"yoast_head":"<!-- This site is optimized with the Yoast SEO Premium plugin v27.1 (Yoast SEO v27.1) - https:\/\/yoast.com\/product\/yoast-seo-premium-wordpress\/ -->\n<title>Mettre l\u2019unit\u00e9 en action dans la RDC - industriall-union<\/title>\n<meta name=\"description\" content=\"La Conf\u00e9rence qui fut un succ\u00e8s a pu parvenir \u00e0 un accord sur les questions politiques qui permettront de d\u00e9terminer la mani\u00e8re dont le syndicat pourra se\" \/>\n<meta name=\"robots\" content=\"index, follow, max-snippet:-1, max-image-preview:large, max-video-preview:-1\" \/>\n<link rel=\"canonical\" href=\"https:\/\/admin.industriall-union.org\/fr\/mettre-l-unite-en-action-dans-la-rdc\/\" \/>\n<meta property=\"og:locale\" content=\"fr_FR\" \/>\n<meta property=\"og:type\" content=\"article\" \/>\n<meta property=\"og:title\" content=\"Mettre l\u2019unit\u00e9 en action dans la RDC\" \/>\n<meta property=\"og:description\" content=\"La Conf\u00e9rence qui fut un succ\u00e8s a pu parvenir \u00e0 un accord sur les questions politiques qui permettront de d\u00e9terminer la mani\u00e8re dont le syndicat pourra se\" \/>\n<meta property=\"og:url\" content=\"https:\/\/admin.industriall-union.org\/fr\/mettre-l-unite-en-action-dans-la-rdc\/\" \/>\n<meta property=\"og:site_name\" content=\"industriall-union\" \/>\n<meta property=\"article:modified_time\" content=\"2025-02-08T17:21:54+00:00\" \/>\n<meta name=\"twitter:card\" content=\"summary_large_image\" \/>\n<meta name=\"twitter:label1\" content=\"Est. reading time\" \/>\n\t<meta name=\"twitter:data1\" content=\"1 minute\" \/>\n<script type=\"application\/ld+json\" class=\"yoast-schema-graph\">{\"@context\":\"https:\/\/schema.org\",\"@graph\":[{\"@type\":\"WebPage\",\"@id\":\"https:\/\/admin.industriall-union.org\/fr\/mettre-l-unite-en-action-dans-la-rdc\/\",\"url\":\"https:\/\/admin.industriall-union.org\/fr\/mettre-l-unite-en-action-dans-la-rdc\/\",\"name\":\"Mettre l\u2019unit\u00e9 en action dans la RDC - industriall-union\",\"isPartOf\":{\"@id\":\"https:\/\/admin.industriall-union.org\/#website\"},\"datePublished\":\"2012-11-22T15:05:14+00:00\",\"dateModified\":\"2025-02-08T17:21:54+00:00\",\"description\":\"La Conf\u00e9rence qui fut un succ\u00e8s a pu parvenir \u00e0 un accord sur les questions politiques qui permettront de d\u00e9terminer la mani\u00e8re dont le syndicat pourra se\",\"breadcrumb\":{\"@id\":\"https:\/\/admin.industriall-union.org\/fr\/mettre-l-unite-en-action-dans-la-rdc\/#breadcrumb\"},\"inLanguage\":\"fr-FR\",\"potentialAction\":[{\"@type\":\"ReadAction\",\"target\":[\"https:\/\/admin.industriall-union.org\/fr\/mettre-l-unite-en-action-dans-la-rdc\/\"]}]},{\"@type\":\"BreadcrumbList\",\"@id\":\"https:\/\/admin.industriall-union.org\/fr\/mettre-l-unite-en-action-dans-la-rdc\/#breadcrumb\",\"itemListElement\":[{\"@type\":\"ListItem\",\"position\":1,\"name\":\"Home\",\"item\":\"https:\/\/admin.industriall-union.org\/\"},{\"@type\":\"ListItem\",\"position\":2,\"name\":\"Articles\",\"item\":\"https:\/\/admin.industriall-union.org\/article\/\"},{\"@type\":\"ListItem\",\"position\":3,\"name\":\"Mettre l\u2019unit\u00e9 en action dans la RDC\"}]},{\"@type\":\"WebSite\",\"@id\":\"https:\/\/admin.industriall-union.org\/#website\",\"url\":\"https:\/\/admin.industriall-union.org\/\",\"name\":\"industriall-union\",\"description\":\"\",\"potentialAction\":[{\"@type\":\"SearchAction\",\"target\":{\"@type\":\"EntryPoint\",\"urlTemplate\":\"https:\/\/admin.industriall-union.org\/?s={search_term_string}\"},\"query-input\":{\"@type\":\"PropertyValueSpecification\",\"valueRequired\":true,\"valueName\":\"search_term_string\"}}],\"inLanguage\":\"fr-FR\"}]}<\/script>\n<!-- \/ Yoast SEO Premium plugin. -->","yoast_head_json":{"title":"Mettre l\u2019unit\u00e9 en action dans la RDC - industriall-union","description":"La Conf\u00e9rence qui fut un succ\u00e8s a pu parvenir \u00e0 un accord sur les questions politiques qui permettront de d\u00e9terminer la mani\u00e8re dont le syndicat pourra se","robots":{"index":"index","follow":"follow","max-snippet":"max-snippet:-1","max-image-preview":"max-image-preview:large","max-video-preview":"max-video-preview:-1"},"canonical":"https:\/\/admin.industriall-union.org\/fr\/mettre-l-unite-en-action-dans-la-rdc\/","og_locale":"fr_FR","og_type":"article","og_title":"Mettre l\u2019unit\u00e9 en action dans la RDC","og_description":"La Conf\u00e9rence qui fut un succ\u00e8s a pu parvenir \u00e0 un accord sur les questions politiques qui permettront de d\u00e9terminer la mani\u00e8re dont le syndicat pourra se","og_url":"https:\/\/admin.industriall-union.org\/fr\/mettre-l-unite-en-action-dans-la-rdc\/","og_site_name":"industriall-union","article_modified_time":"2025-02-08T17:21:54+00:00","twitter_card":"summary_large_image","twitter_misc":{"Est. reading time":"1 minute"},"schema":{"@context":"https:\/\/schema.org","@graph":[{"@type":"WebPage","@id":"https:\/\/admin.industriall-union.org\/fr\/mettre-l-unite-en-action-dans-la-rdc\/","url":"https:\/\/admin.industriall-union.org\/fr\/mettre-l-unite-en-action-dans-la-rdc\/","name":"Mettre l\u2019unit\u00e9 en action dans la RDC - industriall-union","isPartOf":{"@id":"https:\/\/admin.industriall-union.org\/#website"},"datePublished":"2012-11-22T15:05:14+00:00","dateModified":"2025-02-08T17:21:54+00:00","description":"La Conf\u00e9rence qui fut un succ\u00e8s a pu parvenir \u00e0 un accord sur les questions politiques qui permettront de d\u00e9terminer la mani\u00e8re dont le syndicat pourra se","breadcrumb":{"@id":"https:\/\/admin.industriall-union.org\/fr\/mettre-l-unite-en-action-dans-la-rdc\/#breadcrumb"},"inLanguage":"fr-FR","potentialAction":[{"@type":"ReadAction","target":["https:\/\/admin.industriall-union.org\/fr\/mettre-l-unite-en-action-dans-la-rdc\/"]}]},{"@type":"BreadcrumbList","@id":"https:\/\/admin.industriall-union.org\/fr\/mettre-l-unite-en-action-dans-la-rdc\/#breadcrumb","itemListElement":[{"@type":"ListItem","position":1,"name":"Home","item":"https:\/\/admin.industriall-union.org\/"},{"@type":"ListItem","position":2,"name":"Articles","item":"https:\/\/admin.industriall-union.org\/article\/"},{"@type":"ListItem","position":3,"name":"Mettre l\u2019unit\u00e9 en action dans la RDC"}]},{"@type":"WebSite","@id":"https:\/\/admin.industriall-union.org\/#website","url":"https:\/\/admin.industriall-union.org\/","name":"industriall-union","description":"","potentialAction":[{"@type":"SearchAction","target":{"@type":"EntryPoint","urlTemplate":"https:\/\/admin.industriall-union.org\/?s={search_term_string}"},"query-input":{"@type":"PropertyValueSpecification","valueRequired":true,"valueName":"search_term_string"}}],"inLanguage":"fr-FR"}]}},"_links":{"self":[{"href":"https:\/\/admin.industriall-union.org\/fr\/wp-json\/wp\/v2\/article\/174957","targetHints":{"allow":["GET"]}}],"collection":[{"href":"https:\/\/admin.industriall-union.org\/fr\/wp-json\/wp\/v2\/article"}],"about":[{"href":"https:\/\/admin.industriall-union.org\/fr\/wp-json\/wp\/v2\/types\/article"}],"wp:attachment":[{"href":"https:\/\/admin.industriall-union.org\/fr\/wp-json\/wp\/v2\/media?parent=174957"}],"wp:term":[{"taxonomy":"issues","embeddable":true,"href":"https:\/\/admin.industriall-union.org\/fr\/wp-json\/wp\/v2\/issues?post=174957"},{"taxonomy":"companies","embeddable":true,"href":"https:\/\/admin.industriall-union.org\/fr\/wp-json\/wp\/v2\/companies?post=174957"},{"taxonomy":"regions","embeddable":true,"href":"https:\/\/admin.industriall-union.org\/fr\/wp-json\/wp\/v2\/regions?post=174957"},{"taxonomy":"sectors","embeddable":true,"href":"https:\/\/admin.industriall-union.org\/fr\/wp-json\/wp\/v2\/sectors?post=174957"},{"taxonomy":"article_tags","embeddable":true,"href":"https:\/\/admin.industriall-union.org\/fr\/wp-json\/wp\/v2\/article_tags?post=174957"}],"curies":[{"name":"wp","href":"https:\/\/api.w.org\/{rel}","templated":true}]}}