{"id":174932,"date":"2012-11-27T15:48:14","date_gmt":"2012-11-27T15:48:14","guid":{"rendered":"https:\/\/admin.industriall-union.org\/l-unido-approuve-une-communication-de-industriall\/"},"modified":"2025-02-08T17:18:24","modified_gmt":"2025-02-08T17:18:24","slug":"l-unido-approuve-une-communication-de-industriall","status":"publish","type":"article","link":"https:\/\/admin.industriall-union.org\/fr\/l-unido-approuve-une-communication-de-industriall\/","title":{"rendered":"L\u2019UNIDO approuve une communication de IndustriALL"},"content":{"rendered":"<p>Son expos\u00e9 \u00e9tait destin\u00e9 \u00e0 informer un groupe de participant(e)s sur l&rsquo;exp\u00e9rience de IndustriALL dans la promotion des droits des travailleurs et travailleuses dans l&rsquo;h\u00e9misph\u00e8re Sud, notamment dans les secteurs \u00e9nerg\u00e9tique et minier. IndustriALL demande que l&rsquo;industrie et les gouvernements cr\u00e9ent des emplois d\u00e9cents, s\u00fbrs et durables. Il faut, pour parvenir \u00e0 ce r\u00e9sultat, mener une politique industrielle viable. Des accords-cadres mondiaux et\/ou des r\u00e9seaux mondiaux d&rsquo;entreprise sont deux moyens importants, parmi d&rsquo;autres, dont se sert IndustriALL pour favoriser l&rsquo;emploi d\u00e9cent dans le monde.<\/p><p>Les syndicats se sont toujours efforc\u00e9s d&rsquo;obtenir une am\u00e9lioration des normes de travail, des conditions de travail et des revenus. En outre, les syndicats pratiquent une coop\u00e9ration triangulaire (des syndicats des pays d\u00e9velopp\u00e9s soutenant des initiatives prises dans le Sud) pour obtenir la capacit\u00e9 n\u00e9cessaire \u00e0 la poursuite de la collaboration Sud-Sud.<\/p><p>Actuellement, l&rsquo;\u00e9nergie durable est seulement un objectif, bien quelle d\u00e9tienne le potentiel n\u00e9cessaire pour cr\u00e9er un grand nombre d&rsquo;emplois d\u00e9cents. Cependant, cela se produira seulement si l&rsquo;on a en place des politiques permettant d&rsquo;obtenir ce r\u00e9sultat. De plus, une transition juste doit \u00eatre assur\u00e9e pour que les travailleurs et travailleuses ayant actuellement un emploi profitent de ce mouvement vers la viabilit\u00e9, et non seulement les personnes exer\u00e7ant d&rsquo;hypoth\u00e9tiques nouveaux emplois verts. Les implications de la viabilit\u00e9 dans l&rsquo;\u00e9ducation et l&rsquo;acquisition de nouvelles comp\u00e9tences, les droits de la personne, les droits du travail, et autres valeurs sociales, n&rsquo;ont pas encore \u00e9t\u00e9 d\u00e9termin\u00e9es, mais elles ne peuvent pas \u00eatre laiss\u00e9es simplement au hasard d&rsquo;un march\u00e9 libre et d\u00e9r\u00e9glement\u00e9.<\/p><p>En tant que syndicalistes, nous d\u00e9tenons une responsabilit\u00e9 envers nous-m\u00eames, envers nos familles et nos communaut\u00e9s. Nous devons parler au nom des travailleurs et travailleuses d&rsquo;aujourd&rsquo;hui &ndash; mais aussi de demain. L&rsquo;objectif, c&rsquo;est le d\u00e9veloppement durable. La transition juste est la route \u00e0 prendre. La viabilit\u00e9 doit \u00eatre \u00e0 la base d&rsquo;une politique industrielle fiable, pour pr\u00e9server les emplois existants et en cr\u00e9er de nouveaux qui assurent un travail d\u00e9cent dans une \u00e9conomie r\u00e9pondant mieux aux crit\u00e8res de l&rsquo;environnement. Il n&rsquo;y a pas d&rsquo;emplois sur une plan\u00e8te morte.<\/p>","protected":false},"featured_media":0,"template":"","issues":[418],"companies":[],"regions":[],"sectors":[],"article_tags":[],"class_list":["post-174932","article","type-article","status-publish","hentry","issues-sustainability"],"acf":[],"yoast_head":"<!-- This site is optimized with the Yoast SEO Premium plugin v27.1 (Yoast SEO v27.1) - https:\/\/yoast.com\/product\/yoast-seo-premium-wordpress\/ -->\n<title>L\u2019UNIDO approuve une communication de IndustriALL - industriall-union<\/title>\n<meta name=\"description\" content=\"Son expos\u00e9 \u00e9tait destin\u00e9 \u00e0 informer un groupe de participant(e)s sur l&rsquo;exp\u00e9rience de IndustriALL dans la promotion des droits des travailleurs et\" \/>\n<meta name=\"robots\" content=\"index, follow, max-snippet:-1, max-image-preview:large, max-video-preview:-1\" \/>\n<link rel=\"canonical\" href=\"https:\/\/admin.industriall-union.org\/fr\/l-unido-approuve-une-communication-de-industriall\/\" \/>\n<meta property=\"og:locale\" content=\"fr_FR\" \/>\n<meta property=\"og:type\" content=\"article\" \/>\n<meta property=\"og:title\" content=\"L\u2019UNIDO approuve une communication de IndustriALL\" \/>\n<meta property=\"og:description\" content=\"Son expos\u00e9 \u00e9tait destin\u00e9 \u00e0 informer un groupe de participant(e)s sur l&rsquo;exp\u00e9rience de IndustriALL dans la promotion des droits des travailleurs et\" \/>\n<meta property=\"og:url\" content=\"https:\/\/admin.industriall-union.org\/fr\/l-unido-approuve-une-communication-de-industriall\/\" \/>\n<meta property=\"og:site_name\" content=\"industriall-union\" \/>\n<meta property=\"article:modified_time\" content=\"2025-02-08T17:18:24+00:00\" \/>\n<meta name=\"twitter:card\" content=\"summary_large_image\" \/>\n<meta name=\"twitter:label1\" content=\"Est. reading time\" \/>\n\t<meta name=\"twitter:data1\" content=\"2 minutes\" \/>\n<script type=\"application\/ld+json\" class=\"yoast-schema-graph\">{\"@context\":\"https:\/\/schema.org\",\"@graph\":[{\"@type\":\"WebPage\",\"@id\":\"https:\/\/admin.industriall-union.org\/fr\/l-unido-approuve-une-communication-de-industriall\/\",\"url\":\"https:\/\/admin.industriall-union.org\/fr\/l-unido-approuve-une-communication-de-industriall\/\",\"name\":\"L\u2019UNIDO approuve une communication de IndustriALL - industriall-union\",\"isPartOf\":{\"@id\":\"https:\/\/admin.industriall-union.org\/#website\"},\"datePublished\":\"2012-11-27T15:48:14+00:00\",\"dateModified\":\"2025-02-08T17:18:24+00:00\",\"description\":\"Son expos\u00e9 \u00e9tait destin\u00e9 \u00e0 informer un groupe de participant(e)s sur l&rsquo;exp\u00e9rience de IndustriALL dans la promotion des droits des travailleurs et\",\"breadcrumb\":{\"@id\":\"https:\/\/admin.industriall-union.org\/fr\/l-unido-approuve-une-communication-de-industriall\/#breadcrumb\"},\"inLanguage\":\"fr-FR\",\"potentialAction\":[{\"@type\":\"ReadAction\",\"target\":[\"https:\/\/admin.industriall-union.org\/fr\/l-unido-approuve-une-communication-de-industriall\/\"]}]},{\"@type\":\"BreadcrumbList\",\"@id\":\"https:\/\/admin.industriall-union.org\/fr\/l-unido-approuve-une-communication-de-industriall\/#breadcrumb\",\"itemListElement\":[{\"@type\":\"ListItem\",\"position\":1,\"name\":\"Home\",\"item\":\"https:\/\/admin.industriall-union.org\/\"},{\"@type\":\"ListItem\",\"position\":2,\"name\":\"Articles\",\"item\":\"https:\/\/admin.industriall-union.org\/article\/\"},{\"@type\":\"ListItem\",\"position\":3,\"name\":\"L\u2019UNIDO approuve une communication de IndustriALL\"}]},{\"@type\":\"WebSite\",\"@id\":\"https:\/\/admin.industriall-union.org\/#website\",\"url\":\"https:\/\/admin.industriall-union.org\/\",\"name\":\"industriall-union\",\"description\":\"\",\"potentialAction\":[{\"@type\":\"SearchAction\",\"target\":{\"@type\":\"EntryPoint\",\"urlTemplate\":\"https:\/\/admin.industriall-union.org\/?s={search_term_string}\"},\"query-input\":{\"@type\":\"PropertyValueSpecification\",\"valueRequired\":true,\"valueName\":\"search_term_string\"}}],\"inLanguage\":\"fr-FR\"}]}<\/script>\n<!-- \/ Yoast SEO Premium plugin. -->","yoast_head_json":{"title":"L\u2019UNIDO approuve une communication de IndustriALL - industriall-union","description":"Son expos\u00e9 \u00e9tait destin\u00e9 \u00e0 informer un groupe de participant(e)s sur l&rsquo;exp\u00e9rience de IndustriALL dans la promotion des droits des travailleurs et","robots":{"index":"index","follow":"follow","max-snippet":"max-snippet:-1","max-image-preview":"max-image-preview:large","max-video-preview":"max-video-preview:-1"},"canonical":"https:\/\/admin.industriall-union.org\/fr\/l-unido-approuve-une-communication-de-industriall\/","og_locale":"fr_FR","og_type":"article","og_title":"L\u2019UNIDO approuve une communication de IndustriALL","og_description":"Son expos\u00e9 \u00e9tait destin\u00e9 \u00e0 informer un groupe de participant(e)s sur l&rsquo;exp\u00e9rience de IndustriALL dans la promotion des droits des travailleurs et","og_url":"https:\/\/admin.industriall-union.org\/fr\/l-unido-approuve-une-communication-de-industriall\/","og_site_name":"industriall-union","article_modified_time":"2025-02-08T17:18:24+00:00","twitter_card":"summary_large_image","twitter_misc":{"Est. reading time":"2 minutes"},"schema":{"@context":"https:\/\/schema.org","@graph":[{"@type":"WebPage","@id":"https:\/\/admin.industriall-union.org\/fr\/l-unido-approuve-une-communication-de-industriall\/","url":"https:\/\/admin.industriall-union.org\/fr\/l-unido-approuve-une-communication-de-industriall\/","name":"L\u2019UNIDO approuve une communication de IndustriALL - industriall-union","isPartOf":{"@id":"https:\/\/admin.industriall-union.org\/#website"},"datePublished":"2012-11-27T15:48:14+00:00","dateModified":"2025-02-08T17:18:24+00:00","description":"Son expos\u00e9 \u00e9tait destin\u00e9 \u00e0 informer un groupe de participant(e)s sur l&rsquo;exp\u00e9rience de IndustriALL dans la promotion des droits des travailleurs et","breadcrumb":{"@id":"https:\/\/admin.industriall-union.org\/fr\/l-unido-approuve-une-communication-de-industriall\/#breadcrumb"},"inLanguage":"fr-FR","potentialAction":[{"@type":"ReadAction","target":["https:\/\/admin.industriall-union.org\/fr\/l-unido-approuve-une-communication-de-industriall\/"]}]},{"@type":"BreadcrumbList","@id":"https:\/\/admin.industriall-union.org\/fr\/l-unido-approuve-une-communication-de-industriall\/#breadcrumb","itemListElement":[{"@type":"ListItem","position":1,"name":"Home","item":"https:\/\/admin.industriall-union.org\/"},{"@type":"ListItem","position":2,"name":"Articles","item":"https:\/\/admin.industriall-union.org\/article\/"},{"@type":"ListItem","position":3,"name":"L\u2019UNIDO approuve une communication de IndustriALL"}]},{"@type":"WebSite","@id":"https:\/\/admin.industriall-union.org\/#website","url":"https:\/\/admin.industriall-union.org\/","name":"industriall-union","description":"","potentialAction":[{"@type":"SearchAction","target":{"@type":"EntryPoint","urlTemplate":"https:\/\/admin.industriall-union.org\/?s={search_term_string}"},"query-input":{"@type":"PropertyValueSpecification","valueRequired":true,"valueName":"search_term_string"}}],"inLanguage":"fr-FR"}]}},"_links":{"self":[{"href":"https:\/\/admin.industriall-union.org\/fr\/wp-json\/wp\/v2\/article\/174932","targetHints":{"allow":["GET"]}}],"collection":[{"href":"https:\/\/admin.industriall-union.org\/fr\/wp-json\/wp\/v2\/article"}],"about":[{"href":"https:\/\/admin.industriall-union.org\/fr\/wp-json\/wp\/v2\/types\/article"}],"wp:attachment":[{"href":"https:\/\/admin.industriall-union.org\/fr\/wp-json\/wp\/v2\/media?parent=174932"}],"wp:term":[{"taxonomy":"issues","embeddable":true,"href":"https:\/\/admin.industriall-union.org\/fr\/wp-json\/wp\/v2\/issues?post=174932"},{"taxonomy":"companies","embeddable":true,"href":"https:\/\/admin.industriall-union.org\/fr\/wp-json\/wp\/v2\/companies?post=174932"},{"taxonomy":"regions","embeddable":true,"href":"https:\/\/admin.industriall-union.org\/fr\/wp-json\/wp\/v2\/regions?post=174932"},{"taxonomy":"sectors","embeddable":true,"href":"https:\/\/admin.industriall-union.org\/fr\/wp-json\/wp\/v2\/sectors?post=174932"},{"taxonomy":"article_tags","embeddable":true,"href":"https:\/\/admin.industriall-union.org\/fr\/wp-json\/wp\/v2\/article_tags?post=174932"}],"curies":[{"name":"wp","href":"https:\/\/api.w.org\/{rel}","templated":true}]}}