{"id":174910,"date":"2012-11-29T11:24:10","date_gmt":"2012-11-29T11:24:10","guid":{"rendered":"https:\/\/admin.industriall-union.org\/etablissement-d-un-comite-d-entreprise-international-chez-indesit\/"},"modified":"2025-02-08T17:12:39","modified_gmt":"2025-02-08T17:12:39","slug":"etablissement-d-un-comite-d-entreprise-international-chez-indesit","status":"publish","type":"article","link":"https:\/\/admin.industriall-union.org\/fr\/etablissement-d-un-comite-d-entreprise-international-chez-indesit\/","title":{"rendered":"\u00c9tablissement d\u2019un Comit\u00e9 d\u2019entreprise international chez Indesit"},"content":{"rendered":"<p>Un accord a \u00e9t\u00e9 sign\u00e9 aux termes duquel le 1<sup>er<\/sup> janvier 2013, le Comit\u00e9 d&rsquo;entreprise europ\u00e9en de Indesit va \u00e9tendre sa port\u00e9e g\u00e9ographique et devenir un Conseil d&rsquo;entreprise international, en incluant des repr\u00e9sentant(e)s des travailleurs\/euses et des syndicats de ses sites de fabrication dans des pays situ\u00e9s hors de l&rsquo;Union europ\u00e9enne.<\/p><p>Le nouvel accord est sign\u00e9 par IndustriALL Global Union, IndustriALL European Trade Union et plusieurs de leurs affili\u00e9s repr\u00e9sentant les travailleurs\/euses de Indesit Company sur des sites de production situ\u00e9s en France, en Italie, en Pologne, au Royaume-Uni, en Russie et en Turquie.<\/p><p>La d\u00e9cision est bas\u00e9e sur la strat\u00e9gie syndicale visant \u00e0 \u00e9tablir des r\u00e9seaux syndicaux mondiaux (et des comit\u00e9s internationaux) dans des soci\u00e9t\u00e9s transnationales dans le but de promouvoir l&rsquo;unit\u00e9 des travailleurs et travailleuses.<\/p><p>En d\u00e9cembre 2001, l&rsquo;ancienne FIOM, l&rsquo;une des trois organisations qui ont pr\u00e9c\u00e9d\u00e9 IndustriALL Global Union, repr\u00e9sent\u00e9e par ses affili\u00e9s en Italie FIM, FIOM et UILM, avait sign\u00e9 un accord-cadre international avec Indesit, qui s&rsquo;appelait alors Merloni Elettrodomestici S.p.A.<\/p><p>En signant l&rsquo;accord, l&rsquo;entreprise s&rsquo;est engag\u00e9e \u00e0 s&rsquo;y conformer et \u00e0 promouvoir les principes fondamentaux et les droits du travail \u00e9tablis dans les conventions de l&rsquo;Organisation internationale du Travail (OIT). Pour contr\u00f4ler la conformit\u00e9 avec les engagements pris, une surveillance continue a \u00e9t\u00e9 mise sp\u00e9cialement en place pour d\u00e9terminer les infractions, non seulement dans les propres unit\u00e9s de production et les activit\u00e9s de l&rsquo;entreprise, mais \u00e9galement chez ses fournisseurs, avec le risque d&rsquo;avoir leurs contrats annul\u00e9s en cas d&rsquo;infractions graves.<\/p><p>L&rsquo;entreprise s&rsquo;est \u00e9galement engag\u00e9e \u00e0 rendre compte de la mise en \u0153uvre et du statut de l&rsquo;accord \u00e0 la r\u00e9union annuelle du Comit\u00e9 d&rsquo;entreprise europ\u00e9en (CEE) et aux r\u00e9unions nationales d&rsquo;information stipul\u00e9es dans les conventions collectives nationales.<\/p><p>Le texte de l&rsquo;<a href=\"\/wp-content\/uploads\/documents\/GFAs\/Indesit\/global-agreement-on-iwc.pdf#overlay-context=international-works-council-born-at-indesit\">accord sur l&rsquo;institution d&rsquo;un Comit\u00e9 d&rsquo;entreprise international <\/a>ainsi que le texte de l&rsquo;<a href=\"\/wp-content\/uploads\/documents\/GFAs\/Indesit\/building_iwc.pdf#overlay-context=international-works-council-born-at-indesit\">accord sur la transformation du Comit\u00e9 europ\u00e9en en un Comit\u00e9 international<\/a> se trouvent sur les liens.<\/p>","protected":false},"featured_media":0,"template":"","issues":[407,409],"companies":[76],"regions":[217,224,239,242,250,251],"sectors":[475],"article_tags":[511],"class_list":["post-174910","article","type-article","status-publish","hentry","issues-global-framework-agreements","issues-multinational-companies-mncs","companies-indesit","regions-france","regions-italy","regions-poland","regions-russia","regions-turkiye","regions-united-kingdom","sectors-mechanical-engineering","article_tags-industriall"],"acf":[],"yoast_head":"<!-- This site is optimized with the Yoast SEO Premium plugin v27.1 (Yoast SEO v27.1) - https:\/\/yoast.com\/product\/yoast-seo-premium-wordpress\/ -->\n<title>\u00c9tablissement d\u2019un Comit\u00e9 d\u2019entreprise international chez Indesit - industriall-union<\/title>\n<meta name=\"description\" content=\"Un accord a \u00e9t\u00e9 sign\u00e9 aux termes duquel le 1er janvier 2013, le Comit\u00e9 d&rsquo;entreprise europ\u00e9en de Indesit va \u00e9tendre sa port\u00e9e g\u00e9ographique et devenir\" \/>\n<meta name=\"robots\" content=\"index, follow, max-snippet:-1, max-image-preview:large, max-video-preview:-1\" \/>\n<link rel=\"canonical\" href=\"https:\/\/admin.industriall-union.org\/fr\/etablissement-d-un-comite-d-entreprise-international-chez-indesit\/\" \/>\n<meta property=\"og:locale\" content=\"fr_FR\" \/>\n<meta property=\"og:type\" content=\"article\" \/>\n<meta property=\"og:title\" content=\"\u00c9tablissement d\u2019un Comit\u00e9 d\u2019entreprise international chez Indesit\" \/>\n<meta property=\"og:description\" content=\"Un accord a \u00e9t\u00e9 sign\u00e9 aux termes duquel le 1er janvier 2013, le Comit\u00e9 d&rsquo;entreprise europ\u00e9en de Indesit va \u00e9tendre sa port\u00e9e g\u00e9ographique et devenir\" \/>\n<meta property=\"og:url\" content=\"https:\/\/admin.industriall-union.org\/fr\/etablissement-d-un-comite-d-entreprise-international-chez-indesit\/\" \/>\n<meta property=\"og:site_name\" content=\"industriall-union\" \/>\n<meta property=\"article:modified_time\" content=\"2025-02-08T17:12:39+00:00\" \/>\n<meta name=\"twitter:card\" content=\"summary_large_image\" \/>\n<meta name=\"twitter:label1\" content=\"Est. reading time\" \/>\n\t<meta name=\"twitter:data1\" content=\"2 minutes\" \/>\n<script type=\"application\/ld+json\" class=\"yoast-schema-graph\">{\"@context\":\"https:\/\/schema.org\",\"@graph\":[{\"@type\":\"WebPage\",\"@id\":\"https:\/\/admin.industriall-union.org\/fr\/etablissement-d-un-comite-d-entreprise-international-chez-indesit\/\",\"url\":\"https:\/\/admin.industriall-union.org\/fr\/etablissement-d-un-comite-d-entreprise-international-chez-indesit\/\",\"name\":\"\u00c9tablissement d\u2019un Comit\u00e9 d\u2019entreprise international chez Indesit - industriall-union\",\"isPartOf\":{\"@id\":\"https:\/\/admin.industriall-union.org\/#website\"},\"datePublished\":\"2012-11-29T11:24:10+00:00\",\"dateModified\":\"2025-02-08T17:12:39+00:00\",\"description\":\"Un accord a \u00e9t\u00e9 sign\u00e9 aux termes duquel le 1er janvier 2013, le Comit\u00e9 d&rsquo;entreprise europ\u00e9en de Indesit va \u00e9tendre sa port\u00e9e g\u00e9ographique et devenir\",\"breadcrumb\":{\"@id\":\"https:\/\/admin.industriall-union.org\/fr\/etablissement-d-un-comite-d-entreprise-international-chez-indesit\/#breadcrumb\"},\"inLanguage\":\"fr-FR\",\"potentialAction\":[{\"@type\":\"ReadAction\",\"target\":[\"https:\/\/admin.industriall-union.org\/fr\/etablissement-d-un-comite-d-entreprise-international-chez-indesit\/\"]}]},{\"@type\":\"BreadcrumbList\",\"@id\":\"https:\/\/admin.industriall-union.org\/fr\/etablissement-d-un-comite-d-entreprise-international-chez-indesit\/#breadcrumb\",\"itemListElement\":[{\"@type\":\"ListItem\",\"position\":1,\"name\":\"Home\",\"item\":\"https:\/\/admin.industriall-union.org\/\"},{\"@type\":\"ListItem\",\"position\":2,\"name\":\"Articles\",\"item\":\"https:\/\/admin.industriall-union.org\/article\/\"},{\"@type\":\"ListItem\",\"position\":3,\"name\":\"\u00c9tablissement d\u2019un Comit\u00e9 d\u2019entreprise international chez Indesit\"}]},{\"@type\":\"WebSite\",\"@id\":\"https:\/\/admin.industriall-union.org\/#website\",\"url\":\"https:\/\/admin.industriall-union.org\/\",\"name\":\"industriall-union\",\"description\":\"\",\"potentialAction\":[{\"@type\":\"SearchAction\",\"target\":{\"@type\":\"EntryPoint\",\"urlTemplate\":\"https:\/\/admin.industriall-union.org\/?s={search_term_string}\"},\"query-input\":{\"@type\":\"PropertyValueSpecification\",\"valueRequired\":true,\"valueName\":\"search_term_string\"}}],\"inLanguage\":\"fr-FR\"}]}<\/script>\n<!-- \/ Yoast SEO Premium plugin. -->","yoast_head_json":{"title":"\u00c9tablissement d\u2019un Comit\u00e9 d\u2019entreprise international chez Indesit - industriall-union","description":"Un accord a \u00e9t\u00e9 sign\u00e9 aux termes duquel le 1er janvier 2013, le Comit\u00e9 d&rsquo;entreprise europ\u00e9en de Indesit va \u00e9tendre sa port\u00e9e g\u00e9ographique et devenir","robots":{"index":"index","follow":"follow","max-snippet":"max-snippet:-1","max-image-preview":"max-image-preview:large","max-video-preview":"max-video-preview:-1"},"canonical":"https:\/\/admin.industriall-union.org\/fr\/etablissement-d-un-comite-d-entreprise-international-chez-indesit\/","og_locale":"fr_FR","og_type":"article","og_title":"\u00c9tablissement d\u2019un Comit\u00e9 d\u2019entreprise international chez Indesit","og_description":"Un accord a \u00e9t\u00e9 sign\u00e9 aux termes duquel le 1er janvier 2013, le Comit\u00e9 d&rsquo;entreprise europ\u00e9en de Indesit va \u00e9tendre sa port\u00e9e g\u00e9ographique et devenir","og_url":"https:\/\/admin.industriall-union.org\/fr\/etablissement-d-un-comite-d-entreprise-international-chez-indesit\/","og_site_name":"industriall-union","article_modified_time":"2025-02-08T17:12:39+00:00","twitter_card":"summary_large_image","twitter_misc":{"Est. reading time":"2 minutes"},"schema":{"@context":"https:\/\/schema.org","@graph":[{"@type":"WebPage","@id":"https:\/\/admin.industriall-union.org\/fr\/etablissement-d-un-comite-d-entreprise-international-chez-indesit\/","url":"https:\/\/admin.industriall-union.org\/fr\/etablissement-d-un-comite-d-entreprise-international-chez-indesit\/","name":"\u00c9tablissement d\u2019un Comit\u00e9 d\u2019entreprise international chez Indesit - industriall-union","isPartOf":{"@id":"https:\/\/admin.industriall-union.org\/#website"},"datePublished":"2012-11-29T11:24:10+00:00","dateModified":"2025-02-08T17:12:39+00:00","description":"Un accord a \u00e9t\u00e9 sign\u00e9 aux termes duquel le 1er janvier 2013, le Comit\u00e9 d&rsquo;entreprise europ\u00e9en de Indesit va \u00e9tendre sa port\u00e9e g\u00e9ographique et devenir","breadcrumb":{"@id":"https:\/\/admin.industriall-union.org\/fr\/etablissement-d-un-comite-d-entreprise-international-chez-indesit\/#breadcrumb"},"inLanguage":"fr-FR","potentialAction":[{"@type":"ReadAction","target":["https:\/\/admin.industriall-union.org\/fr\/etablissement-d-un-comite-d-entreprise-international-chez-indesit\/"]}]},{"@type":"BreadcrumbList","@id":"https:\/\/admin.industriall-union.org\/fr\/etablissement-d-un-comite-d-entreprise-international-chez-indesit\/#breadcrumb","itemListElement":[{"@type":"ListItem","position":1,"name":"Home","item":"https:\/\/admin.industriall-union.org\/"},{"@type":"ListItem","position":2,"name":"Articles","item":"https:\/\/admin.industriall-union.org\/article\/"},{"@type":"ListItem","position":3,"name":"\u00c9tablissement d\u2019un Comit\u00e9 d\u2019entreprise international chez Indesit"}]},{"@type":"WebSite","@id":"https:\/\/admin.industriall-union.org\/#website","url":"https:\/\/admin.industriall-union.org\/","name":"industriall-union","description":"","potentialAction":[{"@type":"SearchAction","target":{"@type":"EntryPoint","urlTemplate":"https:\/\/admin.industriall-union.org\/?s={search_term_string}"},"query-input":{"@type":"PropertyValueSpecification","valueRequired":true,"valueName":"search_term_string"}}],"inLanguage":"fr-FR"}]}},"_links":{"self":[{"href":"https:\/\/admin.industriall-union.org\/fr\/wp-json\/wp\/v2\/article\/174910","targetHints":{"allow":["GET"]}}],"collection":[{"href":"https:\/\/admin.industriall-union.org\/fr\/wp-json\/wp\/v2\/article"}],"about":[{"href":"https:\/\/admin.industriall-union.org\/fr\/wp-json\/wp\/v2\/types\/article"}],"wp:attachment":[{"href":"https:\/\/admin.industriall-union.org\/fr\/wp-json\/wp\/v2\/media?parent=174910"}],"wp:term":[{"taxonomy":"issues","embeddable":true,"href":"https:\/\/admin.industriall-union.org\/fr\/wp-json\/wp\/v2\/issues?post=174910"},{"taxonomy":"companies","embeddable":true,"href":"https:\/\/admin.industriall-union.org\/fr\/wp-json\/wp\/v2\/companies?post=174910"},{"taxonomy":"regions","embeddable":true,"href":"https:\/\/admin.industriall-union.org\/fr\/wp-json\/wp\/v2\/regions?post=174910"},{"taxonomy":"sectors","embeddable":true,"href":"https:\/\/admin.industriall-union.org\/fr\/wp-json\/wp\/v2\/sectors?post=174910"},{"taxonomy":"article_tags","embeddable":true,"href":"https:\/\/admin.industriall-union.org\/fr\/wp-json\/wp\/v2\/article_tags?post=174910"}],"curies":[{"name":"wp","href":"https:\/\/api.w.org\/{rel}","templated":true}]}}