{"id":174899,"date":"2012-11-29T14:51:50","date_gmt":"2012-11-29T14:51:50","guid":{"rendered":"https:\/\/admin.industriall-union.org\/le-comite-syndical-donne-de-l-impulsion-aux-questions-liees-au-travail-a-la-cop18\/"},"modified":"2025-02-08T17:08:03","modified_gmt":"2025-02-08T17:08:03","slug":"le-comite-syndical-donne-de-l-impulsion-aux-questions-liees-au-travail-a-la-cop18","status":"publish","type":"article","link":"https:\/\/admin.industriall-union.org\/fr\/le-comite-syndical-donne-de-l-impulsion-aux-questions-liees-au-travail-a-la-cop18\/","title":{"rendered":"Le comit\u00e9 syndical donne de l\u2019impulsion aux questions li\u00e9es au travail \u00e0 la COP18"},"content":{"rendered":"<p>Le pays h\u00f4te, le Qatar, d\u00e9tient un abominable palmar\u00e8s pour les pratiques en cours avec les travailleurs\/euses migrant(e)s et les droits syndicaux. Les syndicats sont ill\u00e9gaux et la majeure partie du travail dans le pays est effectu\u00e9 par des migrants en situation pr\u00e9caire \u00e0 qui l&rsquo;on n&rsquo;accorde aucun droit et tr\u00e8s peu de respect.<\/p><p>La COP15, \u00e0 Copenhague, s&rsquo;est conclue sans engagement pour des actions futures et sans financement. Il y a eu quelques progr\u00e8s \u00e0 la COP16 \u00e0 Cancun, et la COP17 \u00e0 Durban a au moins repris le processus en r\u00e9affirmant la cr\u00e9dibilit\u00e9 du processus de la CCNUCC. Toutefois, nous sommes maintenant arriv\u00e9s \u00e0 la fin de la p\u00e9riode initiale d&rsquo;engagement du Protocole de Kyoto avec le risque que les engagements pris dans le cadre du Protocole de Kyoto pourraient \u00eatre perdus sans se trouver pour autant remplac\u00e9s. Du fait de la vari\u00e9t\u00e9 des dates propos\u00e9es pour une seconde p\u00e9riode d&rsquo;engagement du Protocole de Kyoto, et 2020 comme date de lancement de la plate-forme de Durban (quel qu&rsquo;en soit le contenu final) nous nous dirigeons vers un avenir fragment\u00e9.<\/p><p>La tension au cours de la n\u00e9gociation \u00e0 la COP18 portera le plus souvent autour de questions telles que la date de cl\u00f4ture effective du Protocole de Kyoto et le sort des d\u00e9cisions prises dans le pass\u00e9 par le groupe de travail ad hoc sur des mesures de coop\u00e9ration \u00e0 long terme (AWG-LCA). Les questions concernant les finances, la conditionnalit\u00e9 et la v\u00e9rification des engagements constitueront aussi un point de tension. On consid\u00e8re qu&rsquo;il est peu probable que la COP18 puisse prendre des d\u00e9cisions importantes sur les questions financi\u00e8res et sur la source de financement.<\/p><p>Prenant la parole \u00e0 la s\u00e9ance pl\u00e9ni\u00e8re d&rsquo;ouverture du groupe de travail ad hoc sur des mesures de coop\u00e9ration \u00e0 long terme (AWG-LCA) dans le cadre de la Convention, \u00e0 Doha, Qatar, le directeur de la sant\u00e9, de la s\u00e9curit\u00e9 et de la viabilit\u00e9 de IndustriALL, Brian Kohler, d\u00e9clar\u00e9 mardi 27 novembre 2012, au nom du mouvement syndical international:<\/p><blockquote><p>Nous soutenons les discussions autour de la seconde p\u00e9riode d&rsquo;engagement du Protocole de Kyoto. Nous estimons qu&rsquo;il est important que la LCA assure dans son mandat final la pr\u00e9servation des institutions et de l&rsquo;architecture juridique \u00e9tablies jusqu&rsquo;ici dans la Convention et le Protocole &hellip; Je demande aux parties de s&rsquo;assurer que les d\u00e9cisions de la LCA prises dans le pass\u00e9, notamment celles portant sur une transition juste, ne soient pas perdues quand les parties r\u00e9orienteront leurs travaux vers la plate-forme de Durban.<\/p><\/blockquote><p>La gestion du Fonds climatique vient seulement d&rsquo;\u00eatre \u00e9tablie. Elle est domin\u00e9e par les banques centrales qui ne permettent pas la participation des forces du travail et des ONG. Elles ne ressentent aucune responsabilit\u00e9 politique \u00e0 accorder un espace aux syndicats, ce qui d\u00e9note une carence d\u00e9mocratique majeure. \u00c0 moins que les syndicats soient capables d&rsquo;instituer une bonne gestion, elles exprimeront des inqui\u00e9tudes et insisteront pour un certain contr\u00f4le d\u00e9mocratique. Les syndicats n&rsquo;auront pas la possibilit\u00e9 de voir ou d&rsquo;influencer les d\u00e9cisions de financement, par ex. les initiatives priv\u00e9es, les instruments, les projets qui ne respectent pas la main-d&rsquo;\u0153uvre et les normes sociales, et cela risque de devenir un fonds de corruption de 100 milliards de dollars.<\/p><p>En ce qui concerne les sources de financement, la taxe sur les transactions financi\u00e8res n&rsquo;est pas prise en compte; alors que les banques centrales semblent en faveur d&rsquo;une taxe carbone.<\/p>","protected":false},"featured_media":0,"template":"","issues":[],"companies":[],"regions":[],"sectors":[],"article_tags":[],"class_list":["post-174899","article","type-article","status-publish","hentry"],"acf":[],"yoast_head":"<!-- This site is optimized with the Yoast SEO Premium plugin v27.1 (Yoast SEO v27.1) - https:\/\/yoast.com\/product\/yoast-seo-premium-wordpress\/ -->\n<title>Le comit\u00e9 syndical donne de l\u2019impulsion aux questions li\u00e9es au travail \u00e0 la COP18 - industriall-union<\/title>\n<meta name=\"description\" content=\"Le pays h\u00f4te, le Qatar, d\u00e9tient un abominable palmar\u00e8s pour les pratiques en cours avec les travailleurs\/euses migrant(e)s et les droits syndicaux. Les\" \/>\n<meta name=\"robots\" content=\"index, follow, max-snippet:-1, max-image-preview:large, max-video-preview:-1\" \/>\n<link rel=\"canonical\" href=\"https:\/\/admin.industriall-union.org\/fr\/le-comite-syndical-donne-de-l-impulsion-aux-questions-liees-au-travail-a-la-cop18\/\" \/>\n<meta property=\"og:locale\" content=\"fr_FR\" \/>\n<meta property=\"og:type\" content=\"article\" \/>\n<meta property=\"og:title\" content=\"Le comit\u00e9 syndical donne de l\u2019impulsion aux questions li\u00e9es au travail \u00e0 la COP18\" \/>\n<meta property=\"og:description\" content=\"Le pays h\u00f4te, le Qatar, d\u00e9tient un abominable palmar\u00e8s pour les pratiques en cours avec les travailleurs\/euses migrant(e)s et les droits syndicaux. Les\" \/>\n<meta property=\"og:url\" content=\"https:\/\/admin.industriall-union.org\/fr\/le-comite-syndical-donne-de-l-impulsion-aux-questions-liees-au-travail-a-la-cop18\/\" \/>\n<meta property=\"og:site_name\" content=\"industriall-union\" \/>\n<meta property=\"article:modified_time\" content=\"2025-02-08T17:08:03+00:00\" \/>\n<meta name=\"twitter:card\" content=\"summary_large_image\" \/>\n<meta name=\"twitter:label1\" content=\"Est. reading time\" \/>\n\t<meta name=\"twitter:data1\" content=\"3 minutes\" \/>\n<script type=\"application\/ld+json\" class=\"yoast-schema-graph\">{\"@context\":\"https:\/\/schema.org\",\"@graph\":[{\"@type\":\"WebPage\",\"@id\":\"https:\/\/admin.industriall-union.org\/fr\/le-comite-syndical-donne-de-l-impulsion-aux-questions-liees-au-travail-a-la-cop18\/\",\"url\":\"https:\/\/admin.industriall-union.org\/fr\/le-comite-syndical-donne-de-l-impulsion-aux-questions-liees-au-travail-a-la-cop18\/\",\"name\":\"Le comit\u00e9 syndical donne de l\u2019impulsion aux questions li\u00e9es au travail \u00e0 la COP18 - industriall-union\",\"isPartOf\":{\"@id\":\"https:\/\/admin.industriall-union.org\/#website\"},\"datePublished\":\"2012-11-29T14:51:50+00:00\",\"dateModified\":\"2025-02-08T17:08:03+00:00\",\"description\":\"Le pays h\u00f4te, le Qatar, d\u00e9tient un abominable palmar\u00e8s pour les pratiques en cours avec les travailleurs\/euses migrant(e)s et les droits syndicaux. Les\",\"breadcrumb\":{\"@id\":\"https:\/\/admin.industriall-union.org\/fr\/le-comite-syndical-donne-de-l-impulsion-aux-questions-liees-au-travail-a-la-cop18\/#breadcrumb\"},\"inLanguage\":\"fr-FR\",\"potentialAction\":[{\"@type\":\"ReadAction\",\"target\":[\"https:\/\/admin.industriall-union.org\/fr\/le-comite-syndical-donne-de-l-impulsion-aux-questions-liees-au-travail-a-la-cop18\/\"]}]},{\"@type\":\"BreadcrumbList\",\"@id\":\"https:\/\/admin.industriall-union.org\/fr\/le-comite-syndical-donne-de-l-impulsion-aux-questions-liees-au-travail-a-la-cop18\/#breadcrumb\",\"itemListElement\":[{\"@type\":\"ListItem\",\"position\":1,\"name\":\"Home\",\"item\":\"https:\/\/admin.industriall-union.org\/\"},{\"@type\":\"ListItem\",\"position\":2,\"name\":\"Articles\",\"item\":\"https:\/\/admin.industriall-union.org\/article\/\"},{\"@type\":\"ListItem\",\"position\":3,\"name\":\"Le comit\u00e9 syndical donne de l\u2019impulsion aux questions li\u00e9es au travail \u00e0 la COP18\"}]},{\"@type\":\"WebSite\",\"@id\":\"https:\/\/admin.industriall-union.org\/#website\",\"url\":\"https:\/\/admin.industriall-union.org\/\",\"name\":\"industriall-union\",\"description\":\"\",\"potentialAction\":[{\"@type\":\"SearchAction\",\"target\":{\"@type\":\"EntryPoint\",\"urlTemplate\":\"https:\/\/admin.industriall-union.org\/?s={search_term_string}\"},\"query-input\":{\"@type\":\"PropertyValueSpecification\",\"valueRequired\":true,\"valueName\":\"search_term_string\"}}],\"inLanguage\":\"fr-FR\"}]}<\/script>\n<!-- \/ Yoast SEO Premium plugin. -->","yoast_head_json":{"title":"Le comit\u00e9 syndical donne de l\u2019impulsion aux questions li\u00e9es au travail \u00e0 la COP18 - industriall-union","description":"Le pays h\u00f4te, le Qatar, d\u00e9tient un abominable palmar\u00e8s pour les pratiques en cours avec les travailleurs\/euses migrant(e)s et les droits syndicaux. Les","robots":{"index":"index","follow":"follow","max-snippet":"max-snippet:-1","max-image-preview":"max-image-preview:large","max-video-preview":"max-video-preview:-1"},"canonical":"https:\/\/admin.industriall-union.org\/fr\/le-comite-syndical-donne-de-l-impulsion-aux-questions-liees-au-travail-a-la-cop18\/","og_locale":"fr_FR","og_type":"article","og_title":"Le comit\u00e9 syndical donne de l\u2019impulsion aux questions li\u00e9es au travail \u00e0 la COP18","og_description":"Le pays h\u00f4te, le Qatar, d\u00e9tient un abominable palmar\u00e8s pour les pratiques en cours avec les travailleurs\/euses migrant(e)s et les droits syndicaux. Les","og_url":"https:\/\/admin.industriall-union.org\/fr\/le-comite-syndical-donne-de-l-impulsion-aux-questions-liees-au-travail-a-la-cop18\/","og_site_name":"industriall-union","article_modified_time":"2025-02-08T17:08:03+00:00","twitter_card":"summary_large_image","twitter_misc":{"Est. reading time":"3 minutes"},"schema":{"@context":"https:\/\/schema.org","@graph":[{"@type":"WebPage","@id":"https:\/\/admin.industriall-union.org\/fr\/le-comite-syndical-donne-de-l-impulsion-aux-questions-liees-au-travail-a-la-cop18\/","url":"https:\/\/admin.industriall-union.org\/fr\/le-comite-syndical-donne-de-l-impulsion-aux-questions-liees-au-travail-a-la-cop18\/","name":"Le comit\u00e9 syndical donne de l\u2019impulsion aux questions li\u00e9es au travail \u00e0 la COP18 - industriall-union","isPartOf":{"@id":"https:\/\/admin.industriall-union.org\/#website"},"datePublished":"2012-11-29T14:51:50+00:00","dateModified":"2025-02-08T17:08:03+00:00","description":"Le pays h\u00f4te, le Qatar, d\u00e9tient un abominable palmar\u00e8s pour les pratiques en cours avec les travailleurs\/euses migrant(e)s et les droits syndicaux. Les","breadcrumb":{"@id":"https:\/\/admin.industriall-union.org\/fr\/le-comite-syndical-donne-de-l-impulsion-aux-questions-liees-au-travail-a-la-cop18\/#breadcrumb"},"inLanguage":"fr-FR","potentialAction":[{"@type":"ReadAction","target":["https:\/\/admin.industriall-union.org\/fr\/le-comite-syndical-donne-de-l-impulsion-aux-questions-liees-au-travail-a-la-cop18\/"]}]},{"@type":"BreadcrumbList","@id":"https:\/\/admin.industriall-union.org\/fr\/le-comite-syndical-donne-de-l-impulsion-aux-questions-liees-au-travail-a-la-cop18\/#breadcrumb","itemListElement":[{"@type":"ListItem","position":1,"name":"Home","item":"https:\/\/admin.industriall-union.org\/"},{"@type":"ListItem","position":2,"name":"Articles","item":"https:\/\/admin.industriall-union.org\/article\/"},{"@type":"ListItem","position":3,"name":"Le comit\u00e9 syndical donne de l\u2019impulsion aux questions li\u00e9es au travail \u00e0 la COP18"}]},{"@type":"WebSite","@id":"https:\/\/admin.industriall-union.org\/#website","url":"https:\/\/admin.industriall-union.org\/","name":"industriall-union","description":"","potentialAction":[{"@type":"SearchAction","target":{"@type":"EntryPoint","urlTemplate":"https:\/\/admin.industriall-union.org\/?s={search_term_string}"},"query-input":{"@type":"PropertyValueSpecification","valueRequired":true,"valueName":"search_term_string"}}],"inLanguage":"fr-FR"}]}},"_links":{"self":[{"href":"https:\/\/admin.industriall-union.org\/fr\/wp-json\/wp\/v2\/article\/174899","targetHints":{"allow":["GET"]}}],"collection":[{"href":"https:\/\/admin.industriall-union.org\/fr\/wp-json\/wp\/v2\/article"}],"about":[{"href":"https:\/\/admin.industriall-union.org\/fr\/wp-json\/wp\/v2\/types\/article"}],"wp:attachment":[{"href":"https:\/\/admin.industriall-union.org\/fr\/wp-json\/wp\/v2\/media?parent=174899"}],"wp:term":[{"taxonomy":"issues","embeddable":true,"href":"https:\/\/admin.industriall-union.org\/fr\/wp-json\/wp\/v2\/issues?post=174899"},{"taxonomy":"companies","embeddable":true,"href":"https:\/\/admin.industriall-union.org\/fr\/wp-json\/wp\/v2\/companies?post=174899"},{"taxonomy":"regions","embeddable":true,"href":"https:\/\/admin.industriall-union.org\/fr\/wp-json\/wp\/v2\/regions?post=174899"},{"taxonomy":"sectors","embeddable":true,"href":"https:\/\/admin.industriall-union.org\/fr\/wp-json\/wp\/v2\/sectors?post=174899"},{"taxonomy":"article_tags","embeddable":true,"href":"https:\/\/admin.industriall-union.org\/fr\/wp-json\/wp\/v2\/article_tags?post=174899"}],"curies":[{"name":"wp","href":"https:\/\/api.w.org\/{rel}","templated":true}]}}