{"id":174884,"date":"2012-12-05T14:51:44","date_gmt":"2012-12-05T14:51:44","guid":{"rendered":"https:\/\/admin.industriall-union.org\/les-dementis-de-excellon-tournes-en-ridicule\/"},"modified":"2025-02-08T17:07:04","modified_gmt":"2025-02-08T17:07:04","slug":"les-dementis-de-excellon-tournes-en-ridicule","status":"publish","type":"article","link":"https:\/\/admin.industriall-union.org\/fr\/les-dementis-de-excellon-tournes-en-ridicule\/","title":{"rendered":"Les d\u00e9mentis de Excellon tourn\u00e9s en ridicule"},"content":{"rendered":"<p>Excellon, qui fait l&rsquo;objet de pressions intenses concernant ses infractions aux droits syndicaux et son refus de n\u00e9gocier de bonne foi avec de petits propri\u00e9taires fonciers, a ni\u00e9 publiquement avoir commis des m\u00e9faits.<\/p><p>Le secr\u00e9taire g\u00e9n\u00e9ral de IndustriALL, Jyrki Raina, affirme dans une lettre envoy\u00e9e \u00e0 l&rsquo;entreprise:&nbsp; &ldquo;Si Excellon peut affirmer avoir profit\u00e9 initialement d&rsquo;une bonne relation avec les propri\u00e9taire fonciers, alors sa d\u00e9finition d&rsquo;une &lsquo;bonne&rsquo; relation doit \u00eatre celle qui permet de l\u00e9ser de petits propri\u00e9taires fonciers d&rsquo;un accord \u00e9quitable pour profiter d&rsquo;un usage libre du terrain au prix le plus bas&rdquo;.<\/p><p>IndustriALL a \u00e9galement rejet\u00e9 comme un &lsquo;mensonge&rsquo; l&rsquo;affirmation par l&rsquo;entreprise que l&rsquo;\u00e9viction d&rsquo;un camp de protestation \u00e0 l&rsquo;entr\u00e9e de la mine avait eu lieu sans violence.<\/p><p>Finalement, IndustriALL a rejet\u00e9 la d\u00e9claration de l&rsquo;entreprise selon laquelle elle soutient le droit \u00e0 la libert\u00e9 syndicale. &ldquo;Comment Excellon peut-elle affirmer respecter le droit de se syndiquer quand en r\u00e9alit\u00e9 elle enfreint chaque r\u00e8gle en vigueur?&rdquo; d\u00e9clare Raina. &ldquo;Excellon a refus\u00e9 aux travailleurs le droit de se syndiquer \u00e0 l&rsquo;organisation de leur choix, est intervenue dans les affaires syndicales, a \u00e9tabli une discrimination contre les travailleurs en fonction de leur adh\u00e9sion syndicale et a refus\u00e9 d&rsquo;accorder le droit de n\u00e9gocier collectivement&quot;.<\/p><p>&ldquo;Excellon doit cesser de tenter de d\u00e9tourner l&rsquo;attention des questions essentielles qui nous sont proches, et doit engager de bonne foi le dialogue avec les propri\u00e9taires fonciers pour r\u00e9soudre les infractions \u00e0 l&rsquo;accord de 2008 sur l&rsquo;emploi des terrains, et pour trouver une solution avec Los Mineros aux questions syndicales en suspens&rdquo;, conclut Raina dans sa lettre.<\/p><p>La lettre envoy\u00e9e par Excellon ainsi que la r\u00e9ponse de Jyrki Raina se trouvent sur les liens \u00e0 ce texte.<\/p>","protected":false},"featured_media":0,"template":"","issues":[406,422,424,425],"companies":[47],"regions":[275],"sectors":[495],"article_tags":[],"class_list":["post-174884","article","type-article","status-publish","hentry","issues-confronting-global-capital","issues-human-trade-union-rights","issues-violation","issues-workers-rights","companies-excellon-resources","regions-mexico","sectors-mining"],"acf":[],"yoast_head":"<!-- This site is optimized with the Yoast SEO Premium plugin v27.1 (Yoast SEO v27.1) - https:\/\/yoast.com\/product\/yoast-seo-premium-wordpress\/ -->\n<title>Les d\u00e9mentis de Excellon tourn\u00e9s en ridicule - industriall-union<\/title>\n<meta name=\"description\" content=\"Excellon, qui fait l&rsquo;objet de pressions intenses concernant ses infractions aux droits syndicaux et son refus de n\u00e9gocier de bonne foi avec de\" \/>\n<meta name=\"robots\" content=\"index, follow, max-snippet:-1, max-image-preview:large, max-video-preview:-1\" \/>\n<link rel=\"canonical\" href=\"https:\/\/admin.industriall-union.org\/fr\/les-dementis-de-excellon-tournes-en-ridicule\/\" \/>\n<meta property=\"og:locale\" content=\"fr_FR\" \/>\n<meta property=\"og:type\" content=\"article\" \/>\n<meta property=\"og:title\" content=\"Les d\u00e9mentis de Excellon tourn\u00e9s en ridicule\" \/>\n<meta property=\"og:description\" content=\"Excellon, qui fait l&rsquo;objet de pressions intenses concernant ses infractions aux droits syndicaux et son refus de n\u00e9gocier de bonne foi avec de\" \/>\n<meta property=\"og:url\" content=\"https:\/\/admin.industriall-union.org\/fr\/les-dementis-de-excellon-tournes-en-ridicule\/\" \/>\n<meta property=\"og:site_name\" content=\"industriall-union\" \/>\n<meta property=\"article:modified_time\" content=\"2025-02-08T17:07:04+00:00\" \/>\n<meta name=\"twitter:card\" content=\"summary_large_image\" \/>\n<meta name=\"twitter:label1\" content=\"Est. reading time\" \/>\n\t<meta name=\"twitter:data1\" content=\"2 minutes\" \/>\n<script type=\"application\/ld+json\" class=\"yoast-schema-graph\">{\"@context\":\"https:\/\/schema.org\",\"@graph\":[{\"@type\":\"WebPage\",\"@id\":\"https:\/\/admin.industriall-union.org\/fr\/les-dementis-de-excellon-tournes-en-ridicule\/\",\"url\":\"https:\/\/admin.industriall-union.org\/fr\/les-dementis-de-excellon-tournes-en-ridicule\/\",\"name\":\"Les d\u00e9mentis de Excellon tourn\u00e9s en ridicule - industriall-union\",\"isPartOf\":{\"@id\":\"https:\/\/admin.industriall-union.org\/#website\"},\"datePublished\":\"2012-12-05T14:51:44+00:00\",\"dateModified\":\"2025-02-08T17:07:04+00:00\",\"description\":\"Excellon, qui fait l&rsquo;objet de pressions intenses concernant ses infractions aux droits syndicaux et son refus de n\u00e9gocier de bonne foi avec de\",\"breadcrumb\":{\"@id\":\"https:\/\/admin.industriall-union.org\/fr\/les-dementis-de-excellon-tournes-en-ridicule\/#breadcrumb\"},\"inLanguage\":\"fr-FR\",\"potentialAction\":[{\"@type\":\"ReadAction\",\"target\":[\"https:\/\/admin.industriall-union.org\/fr\/les-dementis-de-excellon-tournes-en-ridicule\/\"]}]},{\"@type\":\"BreadcrumbList\",\"@id\":\"https:\/\/admin.industriall-union.org\/fr\/les-dementis-de-excellon-tournes-en-ridicule\/#breadcrumb\",\"itemListElement\":[{\"@type\":\"ListItem\",\"position\":1,\"name\":\"Home\",\"item\":\"https:\/\/admin.industriall-union.org\/\"},{\"@type\":\"ListItem\",\"position\":2,\"name\":\"Articles\",\"item\":\"https:\/\/admin.industriall-union.org\/article\/\"},{\"@type\":\"ListItem\",\"position\":3,\"name\":\"Les d\u00e9mentis de Excellon tourn\u00e9s en ridicule\"}]},{\"@type\":\"WebSite\",\"@id\":\"https:\/\/admin.industriall-union.org\/#website\",\"url\":\"https:\/\/admin.industriall-union.org\/\",\"name\":\"industriall-union\",\"description\":\"\",\"potentialAction\":[{\"@type\":\"SearchAction\",\"target\":{\"@type\":\"EntryPoint\",\"urlTemplate\":\"https:\/\/admin.industriall-union.org\/?s={search_term_string}\"},\"query-input\":{\"@type\":\"PropertyValueSpecification\",\"valueRequired\":true,\"valueName\":\"search_term_string\"}}],\"inLanguage\":\"fr-FR\"}]}<\/script>\n<!-- \/ Yoast SEO Premium plugin. -->","yoast_head_json":{"title":"Les d\u00e9mentis de Excellon tourn\u00e9s en ridicule - industriall-union","description":"Excellon, qui fait l&rsquo;objet de pressions intenses concernant ses infractions aux droits syndicaux et son refus de n\u00e9gocier de bonne foi avec de","robots":{"index":"index","follow":"follow","max-snippet":"max-snippet:-1","max-image-preview":"max-image-preview:large","max-video-preview":"max-video-preview:-1"},"canonical":"https:\/\/admin.industriall-union.org\/fr\/les-dementis-de-excellon-tournes-en-ridicule\/","og_locale":"fr_FR","og_type":"article","og_title":"Les d\u00e9mentis de Excellon tourn\u00e9s en ridicule","og_description":"Excellon, qui fait l&rsquo;objet de pressions intenses concernant ses infractions aux droits syndicaux et son refus de n\u00e9gocier de bonne foi avec de","og_url":"https:\/\/admin.industriall-union.org\/fr\/les-dementis-de-excellon-tournes-en-ridicule\/","og_site_name":"industriall-union","article_modified_time":"2025-02-08T17:07:04+00:00","twitter_card":"summary_large_image","twitter_misc":{"Est. reading time":"2 minutes"},"schema":{"@context":"https:\/\/schema.org","@graph":[{"@type":"WebPage","@id":"https:\/\/admin.industriall-union.org\/fr\/les-dementis-de-excellon-tournes-en-ridicule\/","url":"https:\/\/admin.industriall-union.org\/fr\/les-dementis-de-excellon-tournes-en-ridicule\/","name":"Les d\u00e9mentis de Excellon tourn\u00e9s en ridicule - industriall-union","isPartOf":{"@id":"https:\/\/admin.industriall-union.org\/#website"},"datePublished":"2012-12-05T14:51:44+00:00","dateModified":"2025-02-08T17:07:04+00:00","description":"Excellon, qui fait l&rsquo;objet de pressions intenses concernant ses infractions aux droits syndicaux et son refus de n\u00e9gocier de bonne foi avec de","breadcrumb":{"@id":"https:\/\/admin.industriall-union.org\/fr\/les-dementis-de-excellon-tournes-en-ridicule\/#breadcrumb"},"inLanguage":"fr-FR","potentialAction":[{"@type":"ReadAction","target":["https:\/\/admin.industriall-union.org\/fr\/les-dementis-de-excellon-tournes-en-ridicule\/"]}]},{"@type":"BreadcrumbList","@id":"https:\/\/admin.industriall-union.org\/fr\/les-dementis-de-excellon-tournes-en-ridicule\/#breadcrumb","itemListElement":[{"@type":"ListItem","position":1,"name":"Home","item":"https:\/\/admin.industriall-union.org\/"},{"@type":"ListItem","position":2,"name":"Articles","item":"https:\/\/admin.industriall-union.org\/article\/"},{"@type":"ListItem","position":3,"name":"Les d\u00e9mentis de Excellon tourn\u00e9s en ridicule"}]},{"@type":"WebSite","@id":"https:\/\/admin.industriall-union.org\/#website","url":"https:\/\/admin.industriall-union.org\/","name":"industriall-union","description":"","potentialAction":[{"@type":"SearchAction","target":{"@type":"EntryPoint","urlTemplate":"https:\/\/admin.industriall-union.org\/?s={search_term_string}"},"query-input":{"@type":"PropertyValueSpecification","valueRequired":true,"valueName":"search_term_string"}}],"inLanguage":"fr-FR"}]}},"_links":{"self":[{"href":"https:\/\/admin.industriall-union.org\/fr\/wp-json\/wp\/v2\/article\/174884","targetHints":{"allow":["GET"]}}],"collection":[{"href":"https:\/\/admin.industriall-union.org\/fr\/wp-json\/wp\/v2\/article"}],"about":[{"href":"https:\/\/admin.industriall-union.org\/fr\/wp-json\/wp\/v2\/types\/article"}],"wp:attachment":[{"href":"https:\/\/admin.industriall-union.org\/fr\/wp-json\/wp\/v2\/media?parent=174884"}],"wp:term":[{"taxonomy":"issues","embeddable":true,"href":"https:\/\/admin.industriall-union.org\/fr\/wp-json\/wp\/v2\/issues?post=174884"},{"taxonomy":"companies","embeddable":true,"href":"https:\/\/admin.industriall-union.org\/fr\/wp-json\/wp\/v2\/companies?post=174884"},{"taxonomy":"regions","embeddable":true,"href":"https:\/\/admin.industriall-union.org\/fr\/wp-json\/wp\/v2\/regions?post=174884"},{"taxonomy":"sectors","embeddable":true,"href":"https:\/\/admin.industriall-union.org\/fr\/wp-json\/wp\/v2\/sectors?post=174884"},{"taxonomy":"article_tags","embeddable":true,"href":"https:\/\/admin.industriall-union.org\/fr\/wp-json\/wp\/v2\/article_tags?post=174884"}],"curies":[{"name":"wp","href":"https:\/\/api.w.org\/{rel}","templated":true}]}}