{"id":174859,"date":"2012-12-06T17:26:38","date_gmt":"2012-12-06T17:26:38","guid":{"rendered":"https:\/\/admin.industriall-union.org\/greve-des-travailleurs-palestiniens-de-la-chaussure-et-du-cuir\/"},"modified":"2025-02-08T16:53:12","modified_gmt":"2025-02-08T16:53:12","slug":"greve-des-travailleurs-palestiniens-de-la-chaussure-et-du-cuir","status":"publish","type":"article","link":"https:\/\/admin.industriall-union.org\/fr\/greve-des-travailleurs-palestiniens-de-la-chaussure-et-du-cuir\/","title":{"rendered":"Gr\u00e8ve des travailleurs palestiniens de la chaussure et du cuir"},"content":{"rendered":"<p>La d\u00e9cision de faire gr\u00e8ve a \u00e9t\u00e9 prise en r\u00e9ponse aux infractions continuelles aux droits des travailleurs et travailleuses, notamment la pratique de la direction de l&rsquo;entreprise de porter pr\u00e9judice \u00e0 leurs droits par un recours \u00e0 des accords individuels, par des salaires et des prestations non pay\u00e9s \u00e0 45 personnes qui repr\u00e9sentent la totalit\u00e9 de la main-d&rsquo;\u0153uvre de l&rsquo;entreprise.<\/p><p>L&rsquo;entreprise employait dans le pass\u00e9 750 travailleurs et travailleuses, mais \u00e0 la suite d&rsquo;un accord de libre-\u00e9change, la production est devenue d\u00e9pendante de mati\u00e8res premi\u00e8res import\u00e9es de Chine, avec comme cons\u00e9quence la r\u00e9duction de la main-d&rsquo;\u0153uvre \u00e0 45 personnes.<\/p><p>Les parts du capital de l&rsquo;entreprise ont \u00e9t\u00e9 r\u00e9cemment divis\u00e9es entre les sept fr\u00e8res qui ont ferm\u00e9 certains d\u00e9partements et mis fin \u00e0 l&rsquo;emploi de salari\u00e9s sans verser d&rsquo;indemnit\u00e9s pour leur cong\u00e9 annuel d\u00fb et autres prestations.<\/p><p>Initialement,&nbsp; la direction avait accept\u00e9 d&rsquo;entreprendre des n\u00e9gociations apr\u00e8s la menace du syndicat de lancer un mot ordre de gr\u00e8ve illimit\u00e9e dans l&rsquo;usine. Cette menace a permis au syndicat local et \u00e0 la main-d&rsquo;\u0153uvre de commencer \u00e0 n\u00e9gocier, et l&rsquo;employeur a alors vers\u00e9 les arri\u00e9r\u00e9s salariaux. Cependant, l&rsquo;entreprise refuse d&rsquo;accorder un d\u00e9dommagement pour la perte des cong\u00e9s annuels, en invoquant un accord pr\u00e9c\u00e9dent avec des personnes employ\u00e9es sous d&rsquo;autres conditions. Le syndicat local a contest\u00e9 les affirmations de l&rsquo;entreprise en indiquant que les conditions en question \u00e9taient en infraction avec la l\u00e9gislation nationale.<\/p><p>Apr\u00e8s des gr\u00e8ves d&rsquo;avertissement de deux heures pendant une semaine, une rencontre a eu lieu le 29 novembre entre les repr\u00e9sentants du syndicat, du minist\u00e8re du Travail et de la direction pour une nouvelle s\u00e9rie de n\u00e9gociations. La direction a offert de payer la moiti\u00e9 des sommes dues pour les cong\u00e9s annuels, en raison de la faiblesse de la situation financi\u00e8re de l&rsquo;entreprise.<\/p><p>Le syndicat a rejet\u00e9 l&rsquo;offre et exigeant le paiement complet de l&rsquo;indemnisation, en refusant d&rsquo;admettre l&rsquo;instabilit\u00e9 de la situation financi\u00e8re de l&rsquo;entreprise et en reprochant \u00e0 l&rsquo;entreprise de tenter d&rsquo;\u00e9viter de remplir ses obligations envers ses salari\u00e9s.<\/p><p>Le syndicat a annonc\u00e9 \u00e0 l&rsquo;entreprise son intention d&rsquo;entreprendre les actions juridiques n\u00e9cessaires. Toutefois, en raison de l&rsquo;absence d&rsquo;un tribunal sp\u00e9cial du travail en Palestine, la solution \u00e0 cette affaire pourrait prendre des ann\u00e9es. Pour obtenir justice, la syndicat a d\u00e9cid\u00e9&nbsp; d&rsquo;entreprendre le 3 d\u00e9cembre une gr\u00e8ve de dur\u00e9e illimit\u00e9e. D\u00e8s l&rsquo;annonce de la gr\u00e8ve, le syndicat a lanc\u00e9 une campagne m\u00e9diatique et mobilis\u00e9 la soci\u00e9t\u00e9 civile pour continuer de faire pression sur l&rsquo;entreprise.<\/p>","protected":false},"featured_media":0,"template":"","issues":[424,425],"companies":[],"regions":[302],"sectors":[466,467],"article_tags":[],"class_list":["post-174859","article","type-article","status-publish","hentry","issues-violation","issues-workers-rights","regions-palestine","sectors-leather","sectors-shoes-industry"],"acf":[],"yoast_head":"<!-- This site is optimized with the Yoast SEO Premium plugin v27.1 (Yoast SEO v27.1) - https:\/\/yoast.com\/product\/yoast-seo-premium-wordpress\/ -->\n<title>Gr\u00e8ve des travailleurs palestiniens de la chaussure et du cuir - industriall-union<\/title>\n<meta name=\"description\" content=\"La d\u00e9cision de faire gr\u00e8ve a \u00e9t\u00e9 prise en r\u00e9ponse aux infractions continuelles aux droits des travailleurs et travailleuses, notamment la pratique de la\" \/>\n<meta name=\"robots\" content=\"index, follow, max-snippet:-1, max-image-preview:large, max-video-preview:-1\" \/>\n<link rel=\"canonical\" href=\"https:\/\/admin.industriall-union.org\/fr\/greve-des-travailleurs-palestiniens-de-la-chaussure-et-du-cuir\/\" \/>\n<meta property=\"og:locale\" content=\"fr_FR\" \/>\n<meta property=\"og:type\" content=\"article\" \/>\n<meta property=\"og:title\" content=\"Gr\u00e8ve des travailleurs palestiniens de la chaussure et du cuir\" \/>\n<meta property=\"og:description\" content=\"La d\u00e9cision de faire gr\u00e8ve a \u00e9t\u00e9 prise en r\u00e9ponse aux infractions continuelles aux droits des travailleurs et travailleuses, notamment la pratique de la\" \/>\n<meta property=\"og:url\" content=\"https:\/\/admin.industriall-union.org\/fr\/greve-des-travailleurs-palestiniens-de-la-chaussure-et-du-cuir\/\" \/>\n<meta property=\"og:site_name\" content=\"industriall-union\" \/>\n<meta property=\"article:modified_time\" content=\"2025-02-08T16:53:12+00:00\" \/>\n<meta name=\"twitter:card\" content=\"summary_large_image\" \/>\n<meta name=\"twitter:label1\" content=\"Est. reading time\" \/>\n\t<meta name=\"twitter:data1\" content=\"3 minutes\" \/>\n<script type=\"application\/ld+json\" class=\"yoast-schema-graph\">{\"@context\":\"https:\/\/schema.org\",\"@graph\":[{\"@type\":\"WebPage\",\"@id\":\"https:\/\/admin.industriall-union.org\/fr\/greve-des-travailleurs-palestiniens-de-la-chaussure-et-du-cuir\/\",\"url\":\"https:\/\/admin.industriall-union.org\/fr\/greve-des-travailleurs-palestiniens-de-la-chaussure-et-du-cuir\/\",\"name\":\"Gr\u00e8ve des travailleurs palestiniens de la chaussure et du cuir - industriall-union\",\"isPartOf\":{\"@id\":\"https:\/\/admin.industriall-union.org\/#website\"},\"datePublished\":\"2012-12-06T17:26:38+00:00\",\"dateModified\":\"2025-02-08T16:53:12+00:00\",\"description\":\"La d\u00e9cision de faire gr\u00e8ve a \u00e9t\u00e9 prise en r\u00e9ponse aux infractions continuelles aux droits des travailleurs et travailleuses, notamment la pratique de la\",\"breadcrumb\":{\"@id\":\"https:\/\/admin.industriall-union.org\/fr\/greve-des-travailleurs-palestiniens-de-la-chaussure-et-du-cuir\/#breadcrumb\"},\"inLanguage\":\"fr-FR\",\"potentialAction\":[{\"@type\":\"ReadAction\",\"target\":[\"https:\/\/admin.industriall-union.org\/fr\/greve-des-travailleurs-palestiniens-de-la-chaussure-et-du-cuir\/\"]}]},{\"@type\":\"BreadcrumbList\",\"@id\":\"https:\/\/admin.industriall-union.org\/fr\/greve-des-travailleurs-palestiniens-de-la-chaussure-et-du-cuir\/#breadcrumb\",\"itemListElement\":[{\"@type\":\"ListItem\",\"position\":1,\"name\":\"Home\",\"item\":\"https:\/\/admin.industriall-union.org\/\"},{\"@type\":\"ListItem\",\"position\":2,\"name\":\"Articles\",\"item\":\"https:\/\/admin.industriall-union.org\/article\/\"},{\"@type\":\"ListItem\",\"position\":3,\"name\":\"Gr\u00e8ve des travailleurs palestiniens de la chaussure et du cuir\"}]},{\"@type\":\"WebSite\",\"@id\":\"https:\/\/admin.industriall-union.org\/#website\",\"url\":\"https:\/\/admin.industriall-union.org\/\",\"name\":\"industriall-union\",\"description\":\"\",\"potentialAction\":[{\"@type\":\"SearchAction\",\"target\":{\"@type\":\"EntryPoint\",\"urlTemplate\":\"https:\/\/admin.industriall-union.org\/?s={search_term_string}\"},\"query-input\":{\"@type\":\"PropertyValueSpecification\",\"valueRequired\":true,\"valueName\":\"search_term_string\"}}],\"inLanguage\":\"fr-FR\"}]}<\/script>\n<!-- \/ Yoast SEO Premium plugin. -->","yoast_head_json":{"title":"Gr\u00e8ve des travailleurs palestiniens de la chaussure et du cuir - industriall-union","description":"La d\u00e9cision de faire gr\u00e8ve a \u00e9t\u00e9 prise en r\u00e9ponse aux infractions continuelles aux droits des travailleurs et travailleuses, notamment la pratique de la","robots":{"index":"index","follow":"follow","max-snippet":"max-snippet:-1","max-image-preview":"max-image-preview:large","max-video-preview":"max-video-preview:-1"},"canonical":"https:\/\/admin.industriall-union.org\/fr\/greve-des-travailleurs-palestiniens-de-la-chaussure-et-du-cuir\/","og_locale":"fr_FR","og_type":"article","og_title":"Gr\u00e8ve des travailleurs palestiniens de la chaussure et du cuir","og_description":"La d\u00e9cision de faire gr\u00e8ve a \u00e9t\u00e9 prise en r\u00e9ponse aux infractions continuelles aux droits des travailleurs et travailleuses, notamment la pratique de la","og_url":"https:\/\/admin.industriall-union.org\/fr\/greve-des-travailleurs-palestiniens-de-la-chaussure-et-du-cuir\/","og_site_name":"industriall-union","article_modified_time":"2025-02-08T16:53:12+00:00","twitter_card":"summary_large_image","twitter_misc":{"Est. reading time":"3 minutes"},"schema":{"@context":"https:\/\/schema.org","@graph":[{"@type":"WebPage","@id":"https:\/\/admin.industriall-union.org\/fr\/greve-des-travailleurs-palestiniens-de-la-chaussure-et-du-cuir\/","url":"https:\/\/admin.industriall-union.org\/fr\/greve-des-travailleurs-palestiniens-de-la-chaussure-et-du-cuir\/","name":"Gr\u00e8ve des travailleurs palestiniens de la chaussure et du cuir - industriall-union","isPartOf":{"@id":"https:\/\/admin.industriall-union.org\/#website"},"datePublished":"2012-12-06T17:26:38+00:00","dateModified":"2025-02-08T16:53:12+00:00","description":"La d\u00e9cision de faire gr\u00e8ve a \u00e9t\u00e9 prise en r\u00e9ponse aux infractions continuelles aux droits des travailleurs et travailleuses, notamment la pratique de la","breadcrumb":{"@id":"https:\/\/admin.industriall-union.org\/fr\/greve-des-travailleurs-palestiniens-de-la-chaussure-et-du-cuir\/#breadcrumb"},"inLanguage":"fr-FR","potentialAction":[{"@type":"ReadAction","target":["https:\/\/admin.industriall-union.org\/fr\/greve-des-travailleurs-palestiniens-de-la-chaussure-et-du-cuir\/"]}]},{"@type":"BreadcrumbList","@id":"https:\/\/admin.industriall-union.org\/fr\/greve-des-travailleurs-palestiniens-de-la-chaussure-et-du-cuir\/#breadcrumb","itemListElement":[{"@type":"ListItem","position":1,"name":"Home","item":"https:\/\/admin.industriall-union.org\/"},{"@type":"ListItem","position":2,"name":"Articles","item":"https:\/\/admin.industriall-union.org\/article\/"},{"@type":"ListItem","position":3,"name":"Gr\u00e8ve des travailleurs palestiniens de la chaussure et du cuir"}]},{"@type":"WebSite","@id":"https:\/\/admin.industriall-union.org\/#website","url":"https:\/\/admin.industriall-union.org\/","name":"industriall-union","description":"","potentialAction":[{"@type":"SearchAction","target":{"@type":"EntryPoint","urlTemplate":"https:\/\/admin.industriall-union.org\/?s={search_term_string}"},"query-input":{"@type":"PropertyValueSpecification","valueRequired":true,"valueName":"search_term_string"}}],"inLanguage":"fr-FR"}]}},"_links":{"self":[{"href":"https:\/\/admin.industriall-union.org\/fr\/wp-json\/wp\/v2\/article\/174859","targetHints":{"allow":["GET"]}}],"collection":[{"href":"https:\/\/admin.industriall-union.org\/fr\/wp-json\/wp\/v2\/article"}],"about":[{"href":"https:\/\/admin.industriall-union.org\/fr\/wp-json\/wp\/v2\/types\/article"}],"wp:attachment":[{"href":"https:\/\/admin.industriall-union.org\/fr\/wp-json\/wp\/v2\/media?parent=174859"}],"wp:term":[{"taxonomy":"issues","embeddable":true,"href":"https:\/\/admin.industriall-union.org\/fr\/wp-json\/wp\/v2\/issues?post=174859"},{"taxonomy":"companies","embeddable":true,"href":"https:\/\/admin.industriall-union.org\/fr\/wp-json\/wp\/v2\/companies?post=174859"},{"taxonomy":"regions","embeddable":true,"href":"https:\/\/admin.industriall-union.org\/fr\/wp-json\/wp\/v2\/regions?post=174859"},{"taxonomy":"sectors","embeddable":true,"href":"https:\/\/admin.industriall-union.org\/fr\/wp-json\/wp\/v2\/sectors?post=174859"},{"taxonomy":"article_tags","embeddable":true,"href":"https:\/\/admin.industriall-union.org\/fr\/wp-json\/wp\/v2\/article_tags?post=174859"}],"curies":[{"name":"wp","href":"https:\/\/api.w.org\/{rel}","templated":true}]}}