{"id":174811,"date":"2012-12-18T10:54:56","date_gmt":"2012-12-18T10:54:56","guid":{"rendered":"https:\/\/admin.industriall-union.org\/la-syndicalisation-est-la-base-de-notre-puissance\/"},"modified":"2025-02-08T16:37:24","modified_gmt":"2025-02-08T16:37:24","slug":"la-syndicalisation-est-la-base-de-notre-puissance","status":"publish","type":"article","link":"https:\/\/admin.industriall-union.org\/fr\/la-syndicalisation-est-la-base-de-notre-puissance\/","title":{"rendered":"La syndicalisation est la base de notre puissance"},"content":{"rendered":"<p>On a parfois besoin d&rsquo;un r\u00e9veil en fanfare. Que vous disent ces chiffres publi\u00e9s r\u00e9cemment par la Conf\u00e9d\u00e9ration syndicale internationale (CSI):<\/p><ul><li>La main-d&rsquo;\u0153uvre mondiale est de 2,9 milliards<\/li><li>Seulement 60 pour cent soit 1,7 milliard de personnes appartiennent au secteur formel, le reste travaille de mani\u00e8re informelle<\/li><li>Seuls 7 pour cent, soit 200 millions de travailleurs et travailleuses, adh\u00e8rent \u00e0 des syndicats qui r\u00e9pondent aux crit\u00e8res d&rsquo;affiliation \u00e0 la CSI<\/li><\/ul><blockquote><p>La puissance syndicale est bas\u00e9e sur la capacit\u00e9 de rassembler les forces ouvri\u00e8res et de les mobiliser pour une action.<\/p><\/blockquote><p>Le taux de syndicalisation qui baisse en Europe et en Am\u00e9rique du Nord et reste bas dans les pays en d\u00e9veloppement exerce une \u00e9rosion de notre puissance.<\/p><p>Certaines raisons de cette situation sont \u00e9videntes. Des modifications structurelles dans des entreprises et la tr\u00e8s forte croissance de l&rsquo;emploi pr\u00e9caire ont rendu la syndicalisation plus difficile. Les gouvernements de droite et les entreprises multinationales qui dominent dans nos industries m\u00e8nent de plus en plus souvent des politiques antisyndicales.<\/p><p>Mais une autre raison tient au fait que les syndicats n&rsquo;accordent simplement pas les ressources permettant de recruter de nouveaux membres, et qu&rsquo;ils manquent des comp\u00e9tences n\u00e9cessaires \u00e0 la syndicalisation. En outre, les syndicats sont souvent trop divis\u00e9s et trop faibles pour se charger de ces t\u00e2ches fondamentales.<\/p><p>C&rsquo;est pourquoi le Comit\u00e9 ex\u00e9cutif&nbsp; de IndustriALL Global Union a approuv\u00e9 en d\u00e9cembre une strat\u00e9gie comportant une action visant renforcer la puissance des syndicats par la syndicalisation, les droits syndicaux et l&rsquo;influence politique. Cette strat\u00e9gie entre dans la ligne du <a href=\"http:\/\/www.industriall-union.org\/about-us\/action-plan-of-industriall-global-union\">Plan d&rsquo;action<\/a> adopt\u00e9 en juin \u00e0 notre Congr\u00e8s fondateur.<\/p><p>Le projet mondial de syndicalisation de IndustriALL porte sur un recrutement de nouveaux membres et un renforcement des syndicats, destin\u00e9s \u00e0 devenir le th\u00e8me directeur de tout ce que IndustriALL entreprend. Les r\u00e9seaux syndicaux et les comit\u00e9s d&rsquo;entreprise mondiaux dans les entreprises multinationales (EMN) cibleront des usines sans pr\u00e9sence syndicale, et en se servant dans la mesure du possible des accords-cadres mondiaux (ACM).<\/p><p>Les projets de cr\u00e9ation de syndicats incluront des \u00e9l\u00e9ments de syndicalisation avec des cibles chiffr\u00e9es pour le recrutement de nouveaux membres et la mise en place de structures durables. IndustriALL recherchera des partenaires pour former son personnel et ses affili\u00e9s \u00e0 la syndicalisation et \u00e0 l&rsquo;organisation de campagnes dans diff\u00e9rentes parties du monde.<\/p><p>Nous travaillerons avec nos syndicats mondiaux fr\u00e8res pour renforcer notre puissance et notre solidarit\u00e9 dans toutes les cha\u00eenes d&rsquo;approvisionnement. La f\u00e9d\u00e9ration syndicale UNI qui repr\u00e9sente le personnel du commerce de d\u00e9tail est notre partenaire dans la cha\u00eene du textile et de la confection. Nous d\u00e9veloppons avec les ouvriers du transport de la FIOT une coop\u00e9ration strat\u00e9gique dans les industries p\u00e9troli\u00e8re et gazi\u00e8re, mini\u00e8re et a\u00e9rospatiale, o\u00f9 une nouvelle initiative passionnante appel\u00e9e <a href=\"http:\/\/www.itfglobal.org\/civil-aviation\/components-to-carriers.cfm\">Components to Carriers<\/a> (composants pour les transporteurs) a \u00e9t\u00e9 lanc\u00e9e.<\/p><p>Il est difficile de recruter de nouveaux membres sans libert\u00e9 syndicale. IndustriALL va donc cibler plusieurs entreprises multinationales et des gouvernements pour des campagnes en faveur des droits syndicaux. En 2013, les r\u00e9seaux syndicaux vont se r\u00e9unir face aux g\u00e9ants miniers violemment antisyndicaux Rio Tinto et Xstrata pour planifier les prochaines \u00e9tapes de la campagne tandis que des travaux de recherche sont men\u00e9s sur les entreprises.<\/p><p>Le Bangladesh est l&rsquo;un des principaux pays cibl\u00e9s pour l&rsquo;am\u00e9lioration des droits des travailleurs et travailleuses, les bas salaires et les \u00e9pouvantables conditions de s\u00e9curit\u00e9 contre le feu. IndustriALL va mobiliser ses affili\u00e9s pendant la semaine d&rsquo;action mondiale pour le Mexique du 18 au 24 f\u00e9vrier 2013 en vue d&rsquo;un combat continu pour un syndicalisme libre et ind\u00e9pendant.<\/p><p>N&rsquo;oubliez pas que nous avons besoin de tout le monde pour participer \u00e0 nos campagne. C&rsquo;est chose facile en se rendant sur notre site. Souscrivez aux nouvelles et aux demandes d&rsquo;action sur <a href=\"http:\/\/www.industriall-union.org\">www.industriall-union.org<\/a>!<\/p>","protected":false},"featured_media":0,"template":"","issues":[],"companies":[],"regions":[],"sectors":[],"article_tags":[510],"class_list":["post-174811","article","type-article","status-publish","hentry","article_tags-gs-corner"],"acf":[],"yoast_head":"<!-- This site is optimized with the Yoast SEO Premium plugin v27.1 (Yoast SEO v27.1) - https:\/\/yoast.com\/product\/yoast-seo-premium-wordpress\/ -->\n<title>La syndicalisation est la base de notre puissance - industriall-union<\/title>\n<meta name=\"description\" content=\"On a parfois besoin d&rsquo;un r\u00e9veil en fanfare. Que vous disent ces chiffres publi\u00e9s r\u00e9cemment par la Conf\u00e9d\u00e9ration syndicale internationale (CSI):La\" \/>\n<meta name=\"robots\" content=\"index, follow, max-snippet:-1, max-image-preview:large, max-video-preview:-1\" \/>\n<link rel=\"canonical\" href=\"https:\/\/admin.industriall-union.org\/fr\/la-syndicalisation-est-la-base-de-notre-puissance\/\" \/>\n<meta property=\"og:locale\" content=\"fr_FR\" \/>\n<meta property=\"og:type\" content=\"article\" \/>\n<meta property=\"og:title\" content=\"La syndicalisation est la base de notre puissance\" \/>\n<meta property=\"og:description\" content=\"On a parfois besoin d&rsquo;un r\u00e9veil en fanfare. Que vous disent ces chiffres publi\u00e9s r\u00e9cemment par la Conf\u00e9d\u00e9ration syndicale internationale (CSI):La\" \/>\n<meta property=\"og:url\" content=\"https:\/\/admin.industriall-union.org\/fr\/la-syndicalisation-est-la-base-de-notre-puissance\/\" \/>\n<meta property=\"og:site_name\" content=\"industriall-union\" \/>\n<meta property=\"article:modified_time\" content=\"2025-02-08T16:37:24+00:00\" \/>\n<meta name=\"twitter:card\" content=\"summary_large_image\" \/>\n<meta name=\"twitter:label1\" content=\"Est. reading time\" \/>\n\t<meta name=\"twitter:data1\" content=\"4 minutes\" \/>\n<script type=\"application\/ld+json\" class=\"yoast-schema-graph\">{\"@context\":\"https:\/\/schema.org\",\"@graph\":[{\"@type\":\"WebPage\",\"@id\":\"https:\/\/admin.industriall-union.org\/fr\/la-syndicalisation-est-la-base-de-notre-puissance\/\",\"url\":\"https:\/\/admin.industriall-union.org\/fr\/la-syndicalisation-est-la-base-de-notre-puissance\/\",\"name\":\"La syndicalisation est la base de notre puissance - industriall-union\",\"isPartOf\":{\"@id\":\"https:\/\/admin.industriall-union.org\/#website\"},\"datePublished\":\"2012-12-18T10:54:56+00:00\",\"dateModified\":\"2025-02-08T16:37:24+00:00\",\"description\":\"On a parfois besoin d&rsquo;un r\u00e9veil en fanfare. Que vous disent ces chiffres publi\u00e9s r\u00e9cemment par la Conf\u00e9d\u00e9ration syndicale internationale (CSI):La\",\"breadcrumb\":{\"@id\":\"https:\/\/admin.industriall-union.org\/fr\/la-syndicalisation-est-la-base-de-notre-puissance\/#breadcrumb\"},\"inLanguage\":\"fr-FR\",\"potentialAction\":[{\"@type\":\"ReadAction\",\"target\":[\"https:\/\/admin.industriall-union.org\/fr\/la-syndicalisation-est-la-base-de-notre-puissance\/\"]}]},{\"@type\":\"BreadcrumbList\",\"@id\":\"https:\/\/admin.industriall-union.org\/fr\/la-syndicalisation-est-la-base-de-notre-puissance\/#breadcrumb\",\"itemListElement\":[{\"@type\":\"ListItem\",\"position\":1,\"name\":\"Home\",\"item\":\"https:\/\/admin.industriall-union.org\/\"},{\"@type\":\"ListItem\",\"position\":2,\"name\":\"Articles\",\"item\":\"https:\/\/admin.industriall-union.org\/article\/\"},{\"@type\":\"ListItem\",\"position\":3,\"name\":\"La syndicalisation est la base de notre puissance\"}]},{\"@type\":\"WebSite\",\"@id\":\"https:\/\/admin.industriall-union.org\/#website\",\"url\":\"https:\/\/admin.industriall-union.org\/\",\"name\":\"industriall-union\",\"description\":\"\",\"potentialAction\":[{\"@type\":\"SearchAction\",\"target\":{\"@type\":\"EntryPoint\",\"urlTemplate\":\"https:\/\/admin.industriall-union.org\/?s={search_term_string}\"},\"query-input\":{\"@type\":\"PropertyValueSpecification\",\"valueRequired\":true,\"valueName\":\"search_term_string\"}}],\"inLanguage\":\"fr-FR\"}]}<\/script>\n<!-- \/ Yoast SEO Premium plugin. -->","yoast_head_json":{"title":"La syndicalisation est la base de notre puissance - industriall-union","description":"On a parfois besoin d&rsquo;un r\u00e9veil en fanfare. Que vous disent ces chiffres publi\u00e9s r\u00e9cemment par la Conf\u00e9d\u00e9ration syndicale internationale (CSI):La","robots":{"index":"index","follow":"follow","max-snippet":"max-snippet:-1","max-image-preview":"max-image-preview:large","max-video-preview":"max-video-preview:-1"},"canonical":"https:\/\/admin.industriall-union.org\/fr\/la-syndicalisation-est-la-base-de-notre-puissance\/","og_locale":"fr_FR","og_type":"article","og_title":"La syndicalisation est la base de notre puissance","og_description":"On a parfois besoin d&rsquo;un r\u00e9veil en fanfare. Que vous disent ces chiffres publi\u00e9s r\u00e9cemment par la Conf\u00e9d\u00e9ration syndicale internationale (CSI):La","og_url":"https:\/\/admin.industriall-union.org\/fr\/la-syndicalisation-est-la-base-de-notre-puissance\/","og_site_name":"industriall-union","article_modified_time":"2025-02-08T16:37:24+00:00","twitter_card":"summary_large_image","twitter_misc":{"Est. reading time":"4 minutes"},"schema":{"@context":"https:\/\/schema.org","@graph":[{"@type":"WebPage","@id":"https:\/\/admin.industriall-union.org\/fr\/la-syndicalisation-est-la-base-de-notre-puissance\/","url":"https:\/\/admin.industriall-union.org\/fr\/la-syndicalisation-est-la-base-de-notre-puissance\/","name":"La syndicalisation est la base de notre puissance - industriall-union","isPartOf":{"@id":"https:\/\/admin.industriall-union.org\/#website"},"datePublished":"2012-12-18T10:54:56+00:00","dateModified":"2025-02-08T16:37:24+00:00","description":"On a parfois besoin d&rsquo;un r\u00e9veil en fanfare. Que vous disent ces chiffres publi\u00e9s r\u00e9cemment par la Conf\u00e9d\u00e9ration syndicale internationale (CSI):La","breadcrumb":{"@id":"https:\/\/admin.industriall-union.org\/fr\/la-syndicalisation-est-la-base-de-notre-puissance\/#breadcrumb"},"inLanguage":"fr-FR","potentialAction":[{"@type":"ReadAction","target":["https:\/\/admin.industriall-union.org\/fr\/la-syndicalisation-est-la-base-de-notre-puissance\/"]}]},{"@type":"BreadcrumbList","@id":"https:\/\/admin.industriall-union.org\/fr\/la-syndicalisation-est-la-base-de-notre-puissance\/#breadcrumb","itemListElement":[{"@type":"ListItem","position":1,"name":"Home","item":"https:\/\/admin.industriall-union.org\/"},{"@type":"ListItem","position":2,"name":"Articles","item":"https:\/\/admin.industriall-union.org\/article\/"},{"@type":"ListItem","position":3,"name":"La syndicalisation est la base de notre puissance"}]},{"@type":"WebSite","@id":"https:\/\/admin.industriall-union.org\/#website","url":"https:\/\/admin.industriall-union.org\/","name":"industriall-union","description":"","potentialAction":[{"@type":"SearchAction","target":{"@type":"EntryPoint","urlTemplate":"https:\/\/admin.industriall-union.org\/?s={search_term_string}"},"query-input":{"@type":"PropertyValueSpecification","valueRequired":true,"valueName":"search_term_string"}}],"inLanguage":"fr-FR"}]}},"_links":{"self":[{"href":"https:\/\/admin.industriall-union.org\/fr\/wp-json\/wp\/v2\/article\/174811","targetHints":{"allow":["GET"]}}],"collection":[{"href":"https:\/\/admin.industriall-union.org\/fr\/wp-json\/wp\/v2\/article"}],"about":[{"href":"https:\/\/admin.industriall-union.org\/fr\/wp-json\/wp\/v2\/types\/article"}],"wp:attachment":[{"href":"https:\/\/admin.industriall-union.org\/fr\/wp-json\/wp\/v2\/media?parent=174811"}],"wp:term":[{"taxonomy":"issues","embeddable":true,"href":"https:\/\/admin.industriall-union.org\/fr\/wp-json\/wp\/v2\/issues?post=174811"},{"taxonomy":"companies","embeddable":true,"href":"https:\/\/admin.industriall-union.org\/fr\/wp-json\/wp\/v2\/companies?post=174811"},{"taxonomy":"regions","embeddable":true,"href":"https:\/\/admin.industriall-union.org\/fr\/wp-json\/wp\/v2\/regions?post=174811"},{"taxonomy":"sectors","embeddable":true,"href":"https:\/\/admin.industriall-union.org\/fr\/wp-json\/wp\/v2\/sectors?post=174811"},{"taxonomy":"article_tags","embeddable":true,"href":"https:\/\/admin.industriall-union.org\/fr\/wp-json\/wp\/v2\/article_tags?post=174811"}],"curies":[{"name":"wp","href":"https:\/\/api.w.org\/{rel}","templated":true}]}}