{"id":174803,"date":"2012-12-20T10:59:11","date_gmt":"2012-12-20T10:59:11","guid":{"rendered":"https:\/\/admin.industriall-union.org\/greve-du-personnel-en-sous-traitance-dans-une-entreprise-alimentaire-au-chili\/"},"modified":"2025-02-08T16:36:41","modified_gmt":"2025-02-08T16:36:41","slug":"greve-du-personnel-en-sous-traitance-dans-une-entreprise-alimentaire-au-chili","status":"publish","type":"article","link":"https:\/\/admin.industriall-union.org\/fr\/greve-du-personnel-en-sous-traitance-dans-une-entreprise-alimentaire-au-chili\/","title":{"rendered":"Gr\u00e8ve du personnel en sous-traitance dans une entreprise alimentaire au Chili"},"content":{"rendered":"<p>\u00c0 Concepci\u00f3n, dans le sud du Chili, 70 femmes et 3 hommes, tous membres du syndicat WFS Food Services, affili\u00e9 \u00e0 CONSTRAMET, sont en gr\u00e8ve en raison de l&rsquo;incapacit\u00e9 de l&rsquo;entreprise de r\u00e9pondre aux revendications et d&rsquo;engager des n\u00e9gociations pour une convention collective.<\/p><p>Les travailleuses et travailleurs affirment que l&rsquo;entreprise a toujours essay\u00e9 de restreindre la puissance syndicale, et se plaignent de la d\u00e9cision d&rsquo;allouer les avantages obtenus par les membres du personnel syndiqu\u00e9s aux salari\u00e9s non syndiqu\u00e9s. Elles\/ils disent \u00e9galement que l&rsquo;entreprise a tent\u00e9 de former un syndicat jaune.<\/p><p>Les revendications syndicales portent sur une augmentation salariale de 4 pour cent, des bons de nourriture, une prime d&rsquo;\u00e9quipe de nuit et un cong\u00e9 annuel. L&rsquo;entreprise fournit des services \u00e0 de nombreuses entreprises, par exemple \u00e0 l&rsquo;h\u00f4pital universitaire, \u00e0 des bateaux de p\u00eache, des papeteries, des centrales hydro\u00e9lectriques et des compagnies de distribution de courant \u00e9lectrique.<\/p><p>Les gr\u00e9vistes ont \u00e9t\u00e9 loyaux et ont particip\u00e9 avec enthousiasme aux r\u00e9unions r\u00e9gionales et nationales organis\u00e9es dans le cadre du projet de renforcement syndical de IndustriALL, et leur syndicat est affili\u00e9 \u00e0 Constramet, affili\u00e9 \u00e0 son tour \u00e0 IndustriALL Global Union.<\/p><p>Maritza Contreras, pr\u00e9sidente du syndicat, a d\u00e9clar\u00e9:<\/p><blockquote><p>Nous sommes 73 \u00e0 nous battre pour am\u00e9liorer nos conditions. Nous sommes d\u00e9termin\u00e9s, mais nous r\u00e9alisons que nous n&rsquo;obtiendrons pas n\u00e9cessairement tout ce que nous demandons, bien que nous me demandions pas beaucoup, comme vous avez pu le r\u00e9aliser. Nous combattons des pratiques antisyndicales qui tentent de tirer avantage de notre vuln\u00e9rabilit\u00e9 en tant que travailleuses et travailleurs en sous-traitance. Nous n&rsquo;avons pas beaucoup de protection et les clients de notre entreprise menacent de mettre fin \u00e0 leurs contrats en raison de notre gr\u00e8ve, qui est cependant l\u00e9gale.<\/p><\/blockquote><p>Elle a ajout\u00e9:<\/p><blockquote><p>Telle est la situation dans notre pays et pour nos travailleuses et travailleurs. Il est tr\u00e8s clair que nous avons besoin d&rsquo;unit\u00e9 dans le mouvement syndical pour changer les choses et am\u00e9liorer les conditions de travail.<\/p><\/blockquote><p>Jyrki Raina, secr\u00e9taire g\u00e9n\u00e9ral de IndustriALL Global-Union, a <a href=\"\/wp-content\/uploads\/documents\/cart_gerente_food_services.pdf\">\u00e9crit<\/a> \u00e0 l&rsquo;entreprise pour d\u00e9savouer ses actions, notamment ses pratiques antisyndicales, et lui demander d&rsquo;engager de v\u00e9ritables n\u00e9gociations. Il a \u00e9galement r\u00e9affirm\u00e9 dans sa lettre sa totale solidarit\u00e9 avec les travailleuses et travailleurs, et a termin\u00e9 par ces mots:<\/p><blockquote><p>Nous demandons une reprise du dialogue et la n\u00e9gociation d&rsquo;un accord qui profite aux travailleuses et travailleurs, et respecte leur droit \u00e0 mener une activit\u00e9 syndicale.<\/p><\/blockquote>","protected":false},"featured_media":0,"template":"","issues":[415],"companies":[],"regions":[263],"sectors":[],"article_tags":[505,529],"class_list":["post-174803","article","type-article","status-publish","hentry","issues-stop-precarious-work","regions-chile","article_tags-collective-bargaining","article_tags-strike"],"acf":[],"yoast_head":"<!-- This site is optimized with the Yoast SEO Premium plugin v27.1 (Yoast SEO v27.1) - https:\/\/yoast.com\/product\/yoast-seo-premium-wordpress\/ -->\n<title>Gr\u00e8ve du personnel en sous-traitance dans une entreprise alimentaire au Chili - industriall-union<\/title>\n<meta name=\"description\" content=\"\u00c0 Concepci\u00f3n, dans le sud du Chili, 70 femmes et 3 hommes, tous membres du syndicat WFS Food Services, affili\u00e9 \u00e0 CONSTRAMET, sont en gr\u00e8ve en raison de\" \/>\n<meta name=\"robots\" content=\"index, follow, max-snippet:-1, max-image-preview:large, max-video-preview:-1\" \/>\n<link rel=\"canonical\" href=\"https:\/\/admin.industriall-union.org\/fr\/greve-du-personnel-en-sous-traitance-dans-une-entreprise-alimentaire-au-chili\/\" \/>\n<meta property=\"og:locale\" content=\"fr_FR\" \/>\n<meta property=\"og:type\" content=\"article\" \/>\n<meta property=\"og:title\" content=\"Gr\u00e8ve du personnel en sous-traitance dans une entreprise alimentaire au Chili\" \/>\n<meta property=\"og:description\" content=\"\u00c0 Concepci\u00f3n, dans le sud du Chili, 70 femmes et 3 hommes, tous membres du syndicat WFS Food Services, affili\u00e9 \u00e0 CONSTRAMET, sont en gr\u00e8ve en raison de\" \/>\n<meta property=\"og:url\" content=\"https:\/\/admin.industriall-union.org\/fr\/greve-du-personnel-en-sous-traitance-dans-une-entreprise-alimentaire-au-chili\/\" \/>\n<meta property=\"og:site_name\" content=\"industriall-union\" \/>\n<meta property=\"article:modified_time\" content=\"2025-02-08T16:36:41+00:00\" \/>\n<meta name=\"twitter:card\" content=\"summary_large_image\" \/>\n<meta name=\"twitter:label1\" content=\"Est. reading time\" \/>\n\t<meta name=\"twitter:data1\" content=\"2 minutes\" \/>\n<script type=\"application\/ld+json\" class=\"yoast-schema-graph\">{\"@context\":\"https:\/\/schema.org\",\"@graph\":[{\"@type\":\"WebPage\",\"@id\":\"https:\/\/admin.industriall-union.org\/fr\/greve-du-personnel-en-sous-traitance-dans-une-entreprise-alimentaire-au-chili\/\",\"url\":\"https:\/\/admin.industriall-union.org\/fr\/greve-du-personnel-en-sous-traitance-dans-une-entreprise-alimentaire-au-chili\/\",\"name\":\"Gr\u00e8ve du personnel en sous-traitance dans une entreprise alimentaire au Chili - industriall-union\",\"isPartOf\":{\"@id\":\"https:\/\/admin.industriall-union.org\/#website\"},\"datePublished\":\"2012-12-20T10:59:11+00:00\",\"dateModified\":\"2025-02-08T16:36:41+00:00\",\"description\":\"\u00c0 Concepci\u00f3n, dans le sud du Chili, 70 femmes et 3 hommes, tous membres du syndicat WFS Food Services, affili\u00e9 \u00e0 CONSTRAMET, sont en gr\u00e8ve en raison de\",\"breadcrumb\":{\"@id\":\"https:\/\/admin.industriall-union.org\/fr\/greve-du-personnel-en-sous-traitance-dans-une-entreprise-alimentaire-au-chili\/#breadcrumb\"},\"inLanguage\":\"fr-FR\",\"potentialAction\":[{\"@type\":\"ReadAction\",\"target\":[\"https:\/\/admin.industriall-union.org\/fr\/greve-du-personnel-en-sous-traitance-dans-une-entreprise-alimentaire-au-chili\/\"]}]},{\"@type\":\"BreadcrumbList\",\"@id\":\"https:\/\/admin.industriall-union.org\/fr\/greve-du-personnel-en-sous-traitance-dans-une-entreprise-alimentaire-au-chili\/#breadcrumb\",\"itemListElement\":[{\"@type\":\"ListItem\",\"position\":1,\"name\":\"Home\",\"item\":\"https:\/\/admin.industriall-union.org\/\"},{\"@type\":\"ListItem\",\"position\":2,\"name\":\"Articles\",\"item\":\"https:\/\/admin.industriall-union.org\/article\/\"},{\"@type\":\"ListItem\",\"position\":3,\"name\":\"Gr\u00e8ve du personnel en sous-traitance dans une entreprise alimentaire au Chili\"}]},{\"@type\":\"WebSite\",\"@id\":\"https:\/\/admin.industriall-union.org\/#website\",\"url\":\"https:\/\/admin.industriall-union.org\/\",\"name\":\"industriall-union\",\"description\":\"\",\"potentialAction\":[{\"@type\":\"SearchAction\",\"target\":{\"@type\":\"EntryPoint\",\"urlTemplate\":\"https:\/\/admin.industriall-union.org\/?s={search_term_string}\"},\"query-input\":{\"@type\":\"PropertyValueSpecification\",\"valueRequired\":true,\"valueName\":\"search_term_string\"}}],\"inLanguage\":\"fr-FR\"}]}<\/script>\n<!-- \/ Yoast SEO Premium plugin. -->","yoast_head_json":{"title":"Gr\u00e8ve du personnel en sous-traitance dans une entreprise alimentaire au Chili - industriall-union","description":"\u00c0 Concepci\u00f3n, dans le sud du Chili, 70 femmes et 3 hommes, tous membres du syndicat WFS Food Services, affili\u00e9 \u00e0 CONSTRAMET, sont en gr\u00e8ve en raison de","robots":{"index":"index","follow":"follow","max-snippet":"max-snippet:-1","max-image-preview":"max-image-preview:large","max-video-preview":"max-video-preview:-1"},"canonical":"https:\/\/admin.industriall-union.org\/fr\/greve-du-personnel-en-sous-traitance-dans-une-entreprise-alimentaire-au-chili\/","og_locale":"fr_FR","og_type":"article","og_title":"Gr\u00e8ve du personnel en sous-traitance dans une entreprise alimentaire au Chili","og_description":"\u00c0 Concepci\u00f3n, dans le sud du Chili, 70 femmes et 3 hommes, tous membres du syndicat WFS Food Services, affili\u00e9 \u00e0 CONSTRAMET, sont en gr\u00e8ve en raison de","og_url":"https:\/\/admin.industriall-union.org\/fr\/greve-du-personnel-en-sous-traitance-dans-une-entreprise-alimentaire-au-chili\/","og_site_name":"industriall-union","article_modified_time":"2025-02-08T16:36:41+00:00","twitter_card":"summary_large_image","twitter_misc":{"Est. reading time":"2 minutes"},"schema":{"@context":"https:\/\/schema.org","@graph":[{"@type":"WebPage","@id":"https:\/\/admin.industriall-union.org\/fr\/greve-du-personnel-en-sous-traitance-dans-une-entreprise-alimentaire-au-chili\/","url":"https:\/\/admin.industriall-union.org\/fr\/greve-du-personnel-en-sous-traitance-dans-une-entreprise-alimentaire-au-chili\/","name":"Gr\u00e8ve du personnel en sous-traitance dans une entreprise alimentaire au Chili - industriall-union","isPartOf":{"@id":"https:\/\/admin.industriall-union.org\/#website"},"datePublished":"2012-12-20T10:59:11+00:00","dateModified":"2025-02-08T16:36:41+00:00","description":"\u00c0 Concepci\u00f3n, dans le sud du Chili, 70 femmes et 3 hommes, tous membres du syndicat WFS Food Services, affili\u00e9 \u00e0 CONSTRAMET, sont en gr\u00e8ve en raison de","breadcrumb":{"@id":"https:\/\/admin.industriall-union.org\/fr\/greve-du-personnel-en-sous-traitance-dans-une-entreprise-alimentaire-au-chili\/#breadcrumb"},"inLanguage":"fr-FR","potentialAction":[{"@type":"ReadAction","target":["https:\/\/admin.industriall-union.org\/fr\/greve-du-personnel-en-sous-traitance-dans-une-entreprise-alimentaire-au-chili\/"]}]},{"@type":"BreadcrumbList","@id":"https:\/\/admin.industriall-union.org\/fr\/greve-du-personnel-en-sous-traitance-dans-une-entreprise-alimentaire-au-chili\/#breadcrumb","itemListElement":[{"@type":"ListItem","position":1,"name":"Home","item":"https:\/\/admin.industriall-union.org\/"},{"@type":"ListItem","position":2,"name":"Articles","item":"https:\/\/admin.industriall-union.org\/article\/"},{"@type":"ListItem","position":3,"name":"Gr\u00e8ve du personnel en sous-traitance dans une entreprise alimentaire au Chili"}]},{"@type":"WebSite","@id":"https:\/\/admin.industriall-union.org\/#website","url":"https:\/\/admin.industriall-union.org\/","name":"industriall-union","description":"","potentialAction":[{"@type":"SearchAction","target":{"@type":"EntryPoint","urlTemplate":"https:\/\/admin.industriall-union.org\/?s={search_term_string}"},"query-input":{"@type":"PropertyValueSpecification","valueRequired":true,"valueName":"search_term_string"}}],"inLanguage":"fr-FR"}]}},"_links":{"self":[{"href":"https:\/\/admin.industriall-union.org\/fr\/wp-json\/wp\/v2\/article\/174803","targetHints":{"allow":["GET"]}}],"collection":[{"href":"https:\/\/admin.industriall-union.org\/fr\/wp-json\/wp\/v2\/article"}],"about":[{"href":"https:\/\/admin.industriall-union.org\/fr\/wp-json\/wp\/v2\/types\/article"}],"wp:attachment":[{"href":"https:\/\/admin.industriall-union.org\/fr\/wp-json\/wp\/v2\/media?parent=174803"}],"wp:term":[{"taxonomy":"issues","embeddable":true,"href":"https:\/\/admin.industriall-union.org\/fr\/wp-json\/wp\/v2\/issues?post=174803"},{"taxonomy":"companies","embeddable":true,"href":"https:\/\/admin.industriall-union.org\/fr\/wp-json\/wp\/v2\/companies?post=174803"},{"taxonomy":"regions","embeddable":true,"href":"https:\/\/admin.industriall-union.org\/fr\/wp-json\/wp\/v2\/regions?post=174803"},{"taxonomy":"sectors","embeddable":true,"href":"https:\/\/admin.industriall-union.org\/fr\/wp-json\/wp\/v2\/sectors?post=174803"},{"taxonomy":"article_tags","embeddable":true,"href":"https:\/\/admin.industriall-union.org\/fr\/wp-json\/wp\/v2\/article_tags?post=174803"}],"curies":[{"name":"wp","href":"https:\/\/api.w.org\/{rel}","templated":true}]}}