{"id":174796,"date":"2012-12-20T14:18:51","date_gmt":"2012-12-20T14:18:51","guid":{"rendered":"https:\/\/admin.industriall-union.org\/rencontre-de-responsables-de-l-onu-avec-des-proprietaires-fonciers-et-des-travailleurs-dans-l-affaire-excellon\/"},"modified":"2025-02-08T16:34:23","modified_gmt":"2025-02-08T16:34:23","slug":"rencontre-de-responsables-de-l-onu-avec-des-proprietaires-fonciers-et-des-travailleurs-dans-l-affaire-excellon","status":"publish","type":"article","link":"https:\/\/admin.industriall-union.org\/fr\/rencontre-de-responsables-de-l-onu-avec-des-proprietaires-fonciers-et-des-travailleurs-dans-l-affaire-excellon\/","title":{"rendered":"Rencontre de responsables de l\u2019ONU avec des propri\u00e9taires fonciers et des travailleurs dans l\u2019affaire Excellon"},"content":{"rendered":"<p>Apr\u00e8s l&rsquo;\u00e9viction violente d&rsquo;un camp de protestation dress\u00e9 \u00e0 l&rsquo;entr\u00e9e de la mine La Platosa qui appartient \u00e0 l&rsquo;entreprise canadienne Excellon Resources et est situ\u00e9e&nbsp; dans l&rsquo;\u00c9tat de Durango au Mexique, les propri\u00e9taires fonciers communautaires de La Sierrita et un groupe de travailleurs de la section 309 du syndicat national des mineurs (SNTMMSRM) ont rencontr\u00e9 des responsables du Haut-Commissariat des Nations unies aux droits de l&rsquo;homme (HCDH) pour d\u00e9noncer les infractions syst\u00e9matiques aux droits de la personne par les gouvernements au niveau f\u00e9d\u00e9ral et \u00e0 celui de l&rsquo;\u00c9tat par l&rsquo;entreprise mini\u00e8re canadienne Excellon.<\/p><p>Les travailleurs et travailleuses et les propri\u00e9taires fonciers communautaires qui soutiennent le syndicat avaient \u00e9difi\u00e9 un camp \u00e0 l&rsquo;entr\u00e9e de la mine La Platosa au cours des trois derniers mois pour appuyer leurs revendications pour la libert\u00e9 syndicale. Ils en ont \u00e9t\u00e9 <a href=\"http:\/\/www.industriall-union.org\/violent-eviction-at-la-platosa-mine-in-mexico\">brutalement expuls\u00e9s le 24 octobre<\/a>.<\/p><p>La situation s&rsquo;est depuis d\u00e9t\u00e9rior\u00e9e. IndustriALL Global Union, qui soutenait la campagne de solidarit\u00e9, a \u00e9t\u00e9 rejoint par LabourStart, Amnesty International et l&rsquo;ONG mexicaine Projet de d\u00e9veloppement \u00e9conomique, social et culturel (PRODESC) pour critiquer l&rsquo;\u00e9viction et les tentatives d&rsquo;intimidation de l&rsquo;entreprise. Le secr\u00e9taire g\u00e9n\u00e9ral Jyrki Raina a \u00e9crit \u00e0 Excellon pour lui demander de mettre fin aux pratiques antisyndicales et de respecter le droit des salari\u00e9s \u00e0 \u00eatre repr\u00e9sent\u00e9s par le syndicat de leur choix sans ing\u00e9rences ext\u00e9rieures.<\/p><p>L&rsquo;entreprise a r\u00e9pondu \u00e0 IndustriALL en affirmant que tout allait bien \u00e0 la mine et que l&rsquo;\u00e9viction n&rsquo;avait pas \u00e9t\u00e9 violente. Jyrki <a href=\"http:\/\/www.industriall-union.org\/excellons-denials-debunked\">Raina a tourn\u00e9 en ridicule la version d&rsquo;Excellon<\/a> des \u00e9v\u00e8nements dans une autre lettre.<\/p><p>Les responsables des Nations unies ont \u00e9galement pris connaissance de l&rsquo;incapacit\u00e9 de l&rsquo;entreprise d&rsquo;appliquer les termes de l&rsquo;accord de location des terres sign\u00e9 en 2008, qui s&rsquo;applique au droit \u00e0 la terre, au territoire et aux ressources naturelles, au droit au d\u00e9veloppement, au droit \u00e0 l&rsquo;eau et au droit \u00e0 la libert\u00e9 syndicale. Les travailleurs et travailleuses ont \u00e9galement d\u00e9crit la campagne de menaces et de harc\u00e8lement de l&rsquo;entreprise.<\/p><p>Les responsables des Nations unies ont d\u00e9clar\u00e9 avoir rencontr\u00e9 les autorit\u00e9s locales et f\u00e9d\u00e9rales pour leur demander quelle action avait \u00e9t\u00e9 entreprise par elles dans cette affaire et pour d\u00e9terminer quelles mesures avaient \u00e9t\u00e9 adopt\u00e9es pour garantir et prot\u00e9ger les droits de la personne dans la communaut\u00e9 de La Sierrita et parmi les membres de la section 309. La vice-repr\u00e9sentante de la commission des droits de la personne de l&rsquo;\u00c9tat de Durango, Sara de los Santos Llamas, a promis d&rsquo;assurer un suivi de cette affaire.<\/p><p>Pour les propri\u00e9taires fonciers communautaires, les travailleurs et travailleuses et PRODESC, la visite de responsables du HCDH est la reconnaissance que le conflit de l&rsquo;entreprise avec Ejido La Sierrita et la section 309 n&rsquo;est pas simplement un diff\u00e9rend contractuel ou un conflit du travail, mais un cas typique d&rsquo;infractions aux droits de la personne par une soci\u00e9t\u00e9 transnationale avec la complicit\u00e9 des autorit\u00e9s f\u00e9d\u00e9rale et de l&rsquo;\u00c9tat.<\/p>","protected":false},"featured_media":0,"template":"","issues":[406,422],"companies":[],"regions":[275],"sectors":[495],"article_tags":[],"class_list":["post-174796","article","type-article","status-publish","hentry","issues-confronting-global-capital","issues-human-trade-union-rights","regions-mexico","sectors-mining"],"acf":[],"yoast_head":"<!-- This site is optimized with the Yoast SEO Premium plugin v27.1 (Yoast SEO v27.1) - https:\/\/yoast.com\/product\/yoast-seo-premium-wordpress\/ -->\n<title>Rencontre de responsables de l\u2019ONU avec des propri\u00e9taires fonciers et des travailleurs dans l\u2019affaire Excellon - industriall-union<\/title>\n<meta name=\"description\" content=\"Apr\u00e8s l&rsquo;\u00e9viction violente d&rsquo;un camp de protestation dress\u00e9 \u00e0 l&rsquo;entr\u00e9e de la mine La Platosa qui appartient \u00e0 l&rsquo;entreprise\" \/>\n<meta name=\"robots\" content=\"index, follow, max-snippet:-1, max-image-preview:large, max-video-preview:-1\" \/>\n<link rel=\"canonical\" href=\"https:\/\/admin.industriall-union.org\/fr\/rencontre-de-responsables-de-l-onu-avec-des-proprietaires-fonciers-et-des-travailleurs-dans-l-affaire-excellon\/\" \/>\n<meta property=\"og:locale\" content=\"fr_FR\" \/>\n<meta property=\"og:type\" content=\"article\" \/>\n<meta property=\"og:title\" content=\"Rencontre de responsables de l\u2019ONU avec des propri\u00e9taires fonciers et des travailleurs dans l\u2019affaire Excellon\" \/>\n<meta property=\"og:description\" content=\"Apr\u00e8s l&rsquo;\u00e9viction violente d&rsquo;un camp de protestation dress\u00e9 \u00e0 l&rsquo;entr\u00e9e de la mine La Platosa qui appartient \u00e0 l&rsquo;entreprise\" \/>\n<meta property=\"og:url\" content=\"https:\/\/admin.industriall-union.org\/fr\/rencontre-de-responsables-de-l-onu-avec-des-proprietaires-fonciers-et-des-travailleurs-dans-l-affaire-excellon\/\" \/>\n<meta property=\"og:site_name\" content=\"industriall-union\" \/>\n<meta property=\"article:modified_time\" content=\"2025-02-08T16:34:23+00:00\" \/>\n<meta name=\"twitter:card\" content=\"summary_large_image\" \/>\n<meta name=\"twitter:label1\" content=\"Est. reading time\" \/>\n\t<meta name=\"twitter:data1\" content=\"3 minutes\" \/>\n<script type=\"application\/ld+json\" class=\"yoast-schema-graph\">{\"@context\":\"https:\/\/schema.org\",\"@graph\":[{\"@type\":\"WebPage\",\"@id\":\"https:\/\/admin.industriall-union.org\/fr\/rencontre-de-responsables-de-l-onu-avec-des-proprietaires-fonciers-et-des-travailleurs-dans-l-affaire-excellon\/\",\"url\":\"https:\/\/admin.industriall-union.org\/fr\/rencontre-de-responsables-de-l-onu-avec-des-proprietaires-fonciers-et-des-travailleurs-dans-l-affaire-excellon\/\",\"name\":\"Rencontre de responsables de l\u2019ONU avec des propri\u00e9taires fonciers et des travailleurs dans l\u2019affaire Excellon - industriall-union\",\"isPartOf\":{\"@id\":\"https:\/\/admin.industriall-union.org\/ru\/#website\"},\"datePublished\":\"2012-12-20T14:18:51+00:00\",\"dateModified\":\"2025-02-08T16:34:23+00:00\",\"description\":\"Apr\u00e8s l&rsquo;\u00e9viction violente d&rsquo;un camp de protestation dress\u00e9 \u00e0 l&rsquo;entr\u00e9e de la mine La Platosa qui appartient \u00e0 l&rsquo;entreprise\",\"breadcrumb\":{\"@id\":\"https:\/\/admin.industriall-union.org\/fr\/rencontre-de-responsables-de-l-onu-avec-des-proprietaires-fonciers-et-des-travailleurs-dans-l-affaire-excellon\/#breadcrumb\"},\"inLanguage\":\"fr-FR\",\"potentialAction\":[{\"@type\":\"ReadAction\",\"target\":[\"https:\/\/admin.industriall-union.org\/fr\/rencontre-de-responsables-de-l-onu-avec-des-proprietaires-fonciers-et-des-travailleurs-dans-l-affaire-excellon\/\"]}]},{\"@type\":\"BreadcrumbList\",\"@id\":\"https:\/\/admin.industriall-union.org\/fr\/rencontre-de-responsables-de-l-onu-avec-des-proprietaires-fonciers-et-des-travailleurs-dans-l-affaire-excellon\/#breadcrumb\",\"itemListElement\":[{\"@type\":\"ListItem\",\"position\":1,\"name\":\"Home\",\"item\":\"https:\/\/admin.industriall-union.org\/ru\/\"},{\"@type\":\"ListItem\",\"position\":2,\"name\":\"Articles\",\"item\":\"https:\/\/admin.industriall-union.org\/ru\/article\/\"},{\"@type\":\"ListItem\",\"position\":3,\"name\":\"Rencontre de responsables de l\u2019ONU avec des propri\u00e9taires fonciers et des travailleurs dans l\u2019affaire Excellon\"}]},{\"@type\":\"WebSite\",\"@id\":\"https:\/\/admin.industriall-union.org\/ru\/#website\",\"url\":\"https:\/\/admin.industriall-union.org\/ru\/\",\"name\":\"industriall-union\",\"description\":\"\",\"potentialAction\":[{\"@type\":\"SearchAction\",\"target\":{\"@type\":\"EntryPoint\",\"urlTemplate\":\"https:\/\/admin.industriall-union.org\/ru\/?s={search_term_string}\"},\"query-input\":{\"@type\":\"PropertyValueSpecification\",\"valueRequired\":true,\"valueName\":\"search_term_string\"}}],\"inLanguage\":\"fr-FR\"}]}<\/script>\n<!-- \/ Yoast SEO Premium plugin. -->","yoast_head_json":{"title":"Rencontre de responsables de l\u2019ONU avec des propri\u00e9taires fonciers et des travailleurs dans l\u2019affaire Excellon - industriall-union","description":"Apr\u00e8s l&rsquo;\u00e9viction violente d&rsquo;un camp de protestation dress\u00e9 \u00e0 l&rsquo;entr\u00e9e de la mine La Platosa qui appartient \u00e0 l&rsquo;entreprise","robots":{"index":"index","follow":"follow","max-snippet":"max-snippet:-1","max-image-preview":"max-image-preview:large","max-video-preview":"max-video-preview:-1"},"canonical":"https:\/\/admin.industriall-union.org\/fr\/rencontre-de-responsables-de-l-onu-avec-des-proprietaires-fonciers-et-des-travailleurs-dans-l-affaire-excellon\/","og_locale":"fr_FR","og_type":"article","og_title":"Rencontre de responsables de l\u2019ONU avec des propri\u00e9taires fonciers et des travailleurs dans l\u2019affaire Excellon","og_description":"Apr\u00e8s l&rsquo;\u00e9viction violente d&rsquo;un camp de protestation dress\u00e9 \u00e0 l&rsquo;entr\u00e9e de la mine La Platosa qui appartient \u00e0 l&rsquo;entreprise","og_url":"https:\/\/admin.industriall-union.org\/fr\/rencontre-de-responsables-de-l-onu-avec-des-proprietaires-fonciers-et-des-travailleurs-dans-l-affaire-excellon\/","og_site_name":"industriall-union","article_modified_time":"2025-02-08T16:34:23+00:00","twitter_card":"summary_large_image","twitter_misc":{"Est. reading time":"3 minutes"},"schema":{"@context":"https:\/\/schema.org","@graph":[{"@type":"WebPage","@id":"https:\/\/admin.industriall-union.org\/fr\/rencontre-de-responsables-de-l-onu-avec-des-proprietaires-fonciers-et-des-travailleurs-dans-l-affaire-excellon\/","url":"https:\/\/admin.industriall-union.org\/fr\/rencontre-de-responsables-de-l-onu-avec-des-proprietaires-fonciers-et-des-travailleurs-dans-l-affaire-excellon\/","name":"Rencontre de responsables de l\u2019ONU avec des propri\u00e9taires fonciers et des travailleurs dans l\u2019affaire Excellon - industriall-union","isPartOf":{"@id":"https:\/\/admin.industriall-union.org\/ru\/#website"},"datePublished":"2012-12-20T14:18:51+00:00","dateModified":"2025-02-08T16:34:23+00:00","description":"Apr\u00e8s l&rsquo;\u00e9viction violente d&rsquo;un camp de protestation dress\u00e9 \u00e0 l&rsquo;entr\u00e9e de la mine La Platosa qui appartient \u00e0 l&rsquo;entreprise","breadcrumb":{"@id":"https:\/\/admin.industriall-union.org\/fr\/rencontre-de-responsables-de-l-onu-avec-des-proprietaires-fonciers-et-des-travailleurs-dans-l-affaire-excellon\/#breadcrumb"},"inLanguage":"fr-FR","potentialAction":[{"@type":"ReadAction","target":["https:\/\/admin.industriall-union.org\/fr\/rencontre-de-responsables-de-l-onu-avec-des-proprietaires-fonciers-et-des-travailleurs-dans-l-affaire-excellon\/"]}]},{"@type":"BreadcrumbList","@id":"https:\/\/admin.industriall-union.org\/fr\/rencontre-de-responsables-de-l-onu-avec-des-proprietaires-fonciers-et-des-travailleurs-dans-l-affaire-excellon\/#breadcrumb","itemListElement":[{"@type":"ListItem","position":1,"name":"Home","item":"https:\/\/admin.industriall-union.org\/ru\/"},{"@type":"ListItem","position":2,"name":"Articles","item":"https:\/\/admin.industriall-union.org\/ru\/article\/"},{"@type":"ListItem","position":3,"name":"Rencontre de responsables de l\u2019ONU avec des propri\u00e9taires fonciers et des travailleurs dans l\u2019affaire Excellon"}]},{"@type":"WebSite","@id":"https:\/\/admin.industriall-union.org\/ru\/#website","url":"https:\/\/admin.industriall-union.org\/ru\/","name":"industriall-union","description":"","potentialAction":[{"@type":"SearchAction","target":{"@type":"EntryPoint","urlTemplate":"https:\/\/admin.industriall-union.org\/ru\/?s={search_term_string}"},"query-input":{"@type":"PropertyValueSpecification","valueRequired":true,"valueName":"search_term_string"}}],"inLanguage":"fr-FR"}]}},"_links":{"self":[{"href":"https:\/\/admin.industriall-union.org\/fr\/wp-json\/wp\/v2\/article\/174796","targetHints":{"allow":["GET"]}}],"collection":[{"href":"https:\/\/admin.industriall-union.org\/fr\/wp-json\/wp\/v2\/article"}],"about":[{"href":"https:\/\/admin.industriall-union.org\/fr\/wp-json\/wp\/v2\/types\/article"}],"wp:attachment":[{"href":"https:\/\/admin.industriall-union.org\/fr\/wp-json\/wp\/v2\/media?parent=174796"}],"wp:term":[{"taxonomy":"issues","embeddable":true,"href":"https:\/\/admin.industriall-union.org\/fr\/wp-json\/wp\/v2\/issues?post=174796"},{"taxonomy":"companies","embeddable":true,"href":"https:\/\/admin.industriall-union.org\/fr\/wp-json\/wp\/v2\/companies?post=174796"},{"taxonomy":"regions","embeddable":true,"href":"https:\/\/admin.industriall-union.org\/fr\/wp-json\/wp\/v2\/regions?post=174796"},{"taxonomy":"sectors","embeddable":true,"href":"https:\/\/admin.industriall-union.org\/fr\/wp-json\/wp\/v2\/sectors?post=174796"},{"taxonomy":"article_tags","embeddable":true,"href":"https:\/\/admin.industriall-union.org\/fr\/wp-json\/wp\/v2\/article_tags?post=174796"}],"curies":[{"name":"wp","href":"https:\/\/api.w.org\/{rel}","templated":true}]}}