{"id":174774,"date":"2013-01-10T14:15:53","date_gmt":"2013-01-10T14:15:53","guid":{"rendered":"https:\/\/admin.industriall-union.org\/reconnaissance-d-un-syndicat-par-standard-profil-en-turquie\/"},"modified":"2025-02-08T16:26:57","modified_gmt":"2025-02-08T16:26:57","slug":"reconnaissance-d-un-syndicat-par-standard-profil-en-turquie","status":"publish","type":"article","link":"https:\/\/admin.industriall-union.org\/fr\/reconnaissance-d-un-syndicat-par-standard-profil-en-turquie\/","title":{"rendered":"Reconnaissance d\u2019un syndicat par Standard Profil en Turquie"},"content":{"rendered":"<p>La certification officielle de reconnaissance, d\u00e9livr\u00e9e par le minist\u00e8re turc du Travail, a \u00e9t\u00e9 re\u00e7ue le 20 d\u00e9cembre 2012 par le syndicat apr\u00e8s la d\u00e9cision d&rsquo;un tribunal local que Petrol-\u0130\u015f d\u00e9tenait la majorit\u00e9 l\u00e9gale lui permettant de mener des n\u00e9gociations collectives chez Standard Profil en Turquie.<br \/>&nbsp;<br \/>Le syndicat avait syndiqu\u00e9 plus de la moiti\u00e9 des 2.300 travailleurs turcs de l&rsquo;usine de Standard Profil \u00e0 D\u00fczce et d&rsquo;une usine s\u0153ur \u00e0 Bursa, et obtenu la certification formelle de reconnaissance en mars 2011, conform\u00e9ment \u00e0 la l\u00e9gislation sur les syndicats en Turquie.<br \/>&nbsp;<br \/>N\u00e9anmoins, l&rsquo;entreprise avait alors contest\u00e9 sur le plan juridique la certification pour tenter d&rsquo;emp\u00eacher les travailleurs et travailleuses de b\u00e9n\u00e9ficier de leurs droits l\u00e9gitimes sur le lieu de travail, et avait mis \u00e0 pied 37 militants syndicaux dans la grande usine \u00e0 D\u00fczce durant la p\u00e9riode de syndicalisation. Le processus judiciaire a prouv\u00e9 que les membres du syndicat avaient \u00e9t\u00e9 mis \u00e0 pied le plus souvent pour des raisons injustifi\u00e9es, et que l&rsquo;entreprise devait les r\u00e9int\u00e9grer.<br \/>&nbsp;<br \/>Quelques ann\u00e9es auparavant, Petrol-\u0130\u015f avait pr\u00e9sent\u00e9 une plainte aupr\u00e8s de l&rsquo;International Financier Corporation (IFC) du groupe de la Banque mondiale avec le soutien de sa centrale nationale et d&rsquo;un syndicat mondial. L&rsquo;IFC et la Multilat\u00e9ral Investment Guarantee Agency (MIGA) qui l&rsquo;accompagne avaient pr\u00eat\u00e9 \u00e0 l&rsquo;entreprise des fonds de d\u00e9veloppement, avec pour crit\u00e8re que le pr\u00eat n\u00e9cessitait de la part de l&rsquo;entreprise le respect des normes sociales et environnementales. Apr\u00e8s \u00e9valuation, le bureau de conformit\u00e9 pour IFC\/MIGA a d\u00e9termin\u00e9 que les directeurs devaient prendre conscience de la situation et s&rsquo;efforcer d&rsquo;apprendre la signification des droits syndicaux et des conditions de travail; cela s&rsquo;est pass\u00e9 en 2008 et 2009.<br \/>&nbsp;<br \/>Petrol-\u0130\u015f a c\u00e9l\u00e9br\u00e9 sa victoire, notamment un gain de 2.000 nouveaux membres, lors d&rsquo;un grand rassemblement le 24 d\u00e9cembre 2012 de tous ses membres dans la ville de D\u00fczce, o\u00f9 l&rsquo;entreprise poss\u00e8de sa plus grande usine. Le secr\u00e9taire g\u00e9n\u00e9ral adjoint de IndustriALL Global Union, Kemal \u00d6zkan, \u00e9tait l&rsquo;un des participants au rassemblement.<br \/>&nbsp;<br \/>&ldquo;Au cours des quatre derni\u00e8res ann\u00e9es, notre force dans l&rsquo;union a jou\u00e9 un r\u00f4le vital pour assurer ce succ\u00e8s&rdquo;, a d\u00e9clar\u00e9 Mustafa \u00d6zta\u015fk\u0131n, pr\u00e9sident de Petrol-Is, dans sa lettre \u00e0 IndustriALL. &ldquo;Nous sommes conscients du fait que la route vers la victoire a \u00e9t\u00e9 jalonn\u00e9e par votre solidarit\u00e9 et vos contributions d\u00e9terminantes qui ont jou\u00e9 un r\u00f4le d\u00e9cisif. Nous vous remercions pour votre solidarit\u00e9 et vos contributions de grande valeur \u00e0 notre lutte&rdquo;, a ajout\u00e9 \u00d6zta\u015fk\u0131n.<\/p><p>Standard Profil est une multinationale turque qui fournit des syst\u00e8mes de scellage et d&rsquo;\u00e9tanch\u00e9it\u00e9 pour les automobiles \u00e0 de grands constructeurs comme Audi, BMW, Citro\u00ebn, Daimler, Fiat, Ford, GM, Mercedes, Nissan, Opel.&nbsp; L&rsquo;entreprise a acquis r\u00e9cemment plusieurs usines de Kaufil en Espagne.<\/p>","protected":false},"featured_media":0,"template":"","issues":[422,409],"companies":[],"regions":[250],"sectors":[473],"article_tags":[511],"class_list":["post-174774","article","type-article","status-publish","hentry","issues-human-trade-union-rights","issues-multinational-companies-mncs","regions-turkiye","sectors-rubber","article_tags-industriall"],"acf":[],"yoast_head":"<!-- This site is optimized with the Yoast SEO Premium plugin v27.1 (Yoast SEO v27.1) - https:\/\/yoast.com\/product\/yoast-seo-premium-wordpress\/ -->\n<title>Reconnaissance d\u2019un syndicat par Standard Profil en Turquie - industriall-union<\/title>\n<meta name=\"description\" content=\"La certification officielle de reconnaissance, d\u00e9livr\u00e9e par le minist\u00e8re turc du Travail, a \u00e9t\u00e9 re\u00e7ue le 20 d\u00e9cembre 2012 par le syndicat apr\u00e8s la\" \/>\n<meta name=\"robots\" content=\"index, follow, max-snippet:-1, max-image-preview:large, max-video-preview:-1\" \/>\n<link rel=\"canonical\" href=\"https:\/\/admin.industriall-union.org\/fr\/reconnaissance-d-un-syndicat-par-standard-profil-en-turquie\/\" \/>\n<meta property=\"og:locale\" content=\"fr_FR\" \/>\n<meta property=\"og:type\" content=\"article\" \/>\n<meta property=\"og:title\" content=\"Reconnaissance d\u2019un syndicat par Standard Profil en Turquie\" \/>\n<meta property=\"og:description\" content=\"La certification officielle de reconnaissance, d\u00e9livr\u00e9e par le minist\u00e8re turc du Travail, a \u00e9t\u00e9 re\u00e7ue le 20 d\u00e9cembre 2012 par le syndicat apr\u00e8s la\" \/>\n<meta property=\"og:url\" content=\"https:\/\/admin.industriall-union.org\/fr\/reconnaissance-d-un-syndicat-par-standard-profil-en-turquie\/\" \/>\n<meta property=\"og:site_name\" content=\"industriall-union\" \/>\n<meta property=\"article:modified_time\" content=\"2025-02-08T16:26:57+00:00\" \/>\n<meta name=\"twitter:card\" content=\"summary_large_image\" \/>\n<meta name=\"twitter:label1\" content=\"Est. reading time\" \/>\n\t<meta name=\"twitter:data1\" content=\"3 minutes\" \/>\n<script type=\"application\/ld+json\" class=\"yoast-schema-graph\">{\"@context\":\"https:\/\/schema.org\",\"@graph\":[{\"@type\":\"WebPage\",\"@id\":\"https:\/\/admin.industriall-union.org\/fr\/reconnaissance-d-un-syndicat-par-standard-profil-en-turquie\/\",\"url\":\"https:\/\/admin.industriall-union.org\/fr\/reconnaissance-d-un-syndicat-par-standard-profil-en-turquie\/\",\"name\":\"Reconnaissance d\u2019un syndicat par Standard Profil en Turquie - industriall-union\",\"isPartOf\":{\"@id\":\"https:\/\/admin.industriall-union.org\/#website\"},\"datePublished\":\"2013-01-10T14:15:53+00:00\",\"dateModified\":\"2025-02-08T16:26:57+00:00\",\"description\":\"La certification officielle de reconnaissance, d\u00e9livr\u00e9e par le minist\u00e8re turc du Travail, a \u00e9t\u00e9 re\u00e7ue le 20 d\u00e9cembre 2012 par le syndicat apr\u00e8s la\",\"breadcrumb\":{\"@id\":\"https:\/\/admin.industriall-union.org\/fr\/reconnaissance-d-un-syndicat-par-standard-profil-en-turquie\/#breadcrumb\"},\"inLanguage\":\"fr-FR\",\"potentialAction\":[{\"@type\":\"ReadAction\",\"target\":[\"https:\/\/admin.industriall-union.org\/fr\/reconnaissance-d-un-syndicat-par-standard-profil-en-turquie\/\"]}]},{\"@type\":\"BreadcrumbList\",\"@id\":\"https:\/\/admin.industriall-union.org\/fr\/reconnaissance-d-un-syndicat-par-standard-profil-en-turquie\/#breadcrumb\",\"itemListElement\":[{\"@type\":\"ListItem\",\"position\":1,\"name\":\"Home\",\"item\":\"https:\/\/admin.industriall-union.org\/\"},{\"@type\":\"ListItem\",\"position\":2,\"name\":\"Articles\",\"item\":\"https:\/\/admin.industriall-union.org\/article\/\"},{\"@type\":\"ListItem\",\"position\":3,\"name\":\"Reconnaissance d\u2019un syndicat par Standard Profil en Turquie\"}]},{\"@type\":\"WebSite\",\"@id\":\"https:\/\/admin.industriall-union.org\/#website\",\"url\":\"https:\/\/admin.industriall-union.org\/\",\"name\":\"industriall-union\",\"description\":\"\",\"potentialAction\":[{\"@type\":\"SearchAction\",\"target\":{\"@type\":\"EntryPoint\",\"urlTemplate\":\"https:\/\/admin.industriall-union.org\/?s={search_term_string}\"},\"query-input\":{\"@type\":\"PropertyValueSpecification\",\"valueRequired\":true,\"valueName\":\"search_term_string\"}}],\"inLanguage\":\"fr-FR\"}]}<\/script>\n<!-- \/ Yoast SEO Premium plugin. -->","yoast_head_json":{"title":"Reconnaissance d\u2019un syndicat par Standard Profil en Turquie - industriall-union","description":"La certification officielle de reconnaissance, d\u00e9livr\u00e9e par le minist\u00e8re turc du Travail, a \u00e9t\u00e9 re\u00e7ue le 20 d\u00e9cembre 2012 par le syndicat apr\u00e8s la","robots":{"index":"index","follow":"follow","max-snippet":"max-snippet:-1","max-image-preview":"max-image-preview:large","max-video-preview":"max-video-preview:-1"},"canonical":"https:\/\/admin.industriall-union.org\/fr\/reconnaissance-d-un-syndicat-par-standard-profil-en-turquie\/","og_locale":"fr_FR","og_type":"article","og_title":"Reconnaissance d\u2019un syndicat par Standard Profil en Turquie","og_description":"La certification officielle de reconnaissance, d\u00e9livr\u00e9e par le minist\u00e8re turc du Travail, a \u00e9t\u00e9 re\u00e7ue le 20 d\u00e9cembre 2012 par le syndicat apr\u00e8s la","og_url":"https:\/\/admin.industriall-union.org\/fr\/reconnaissance-d-un-syndicat-par-standard-profil-en-turquie\/","og_site_name":"industriall-union","article_modified_time":"2025-02-08T16:26:57+00:00","twitter_card":"summary_large_image","twitter_misc":{"Est. reading time":"3 minutes"},"schema":{"@context":"https:\/\/schema.org","@graph":[{"@type":"WebPage","@id":"https:\/\/admin.industriall-union.org\/fr\/reconnaissance-d-un-syndicat-par-standard-profil-en-turquie\/","url":"https:\/\/admin.industriall-union.org\/fr\/reconnaissance-d-un-syndicat-par-standard-profil-en-turquie\/","name":"Reconnaissance d\u2019un syndicat par Standard Profil en Turquie - industriall-union","isPartOf":{"@id":"https:\/\/admin.industriall-union.org\/#website"},"datePublished":"2013-01-10T14:15:53+00:00","dateModified":"2025-02-08T16:26:57+00:00","description":"La certification officielle de reconnaissance, d\u00e9livr\u00e9e par le minist\u00e8re turc du Travail, a \u00e9t\u00e9 re\u00e7ue le 20 d\u00e9cembre 2012 par le syndicat apr\u00e8s la","breadcrumb":{"@id":"https:\/\/admin.industriall-union.org\/fr\/reconnaissance-d-un-syndicat-par-standard-profil-en-turquie\/#breadcrumb"},"inLanguage":"fr-FR","potentialAction":[{"@type":"ReadAction","target":["https:\/\/admin.industriall-union.org\/fr\/reconnaissance-d-un-syndicat-par-standard-profil-en-turquie\/"]}]},{"@type":"BreadcrumbList","@id":"https:\/\/admin.industriall-union.org\/fr\/reconnaissance-d-un-syndicat-par-standard-profil-en-turquie\/#breadcrumb","itemListElement":[{"@type":"ListItem","position":1,"name":"Home","item":"https:\/\/admin.industriall-union.org\/"},{"@type":"ListItem","position":2,"name":"Articles","item":"https:\/\/admin.industriall-union.org\/article\/"},{"@type":"ListItem","position":3,"name":"Reconnaissance d\u2019un syndicat par Standard Profil en Turquie"}]},{"@type":"WebSite","@id":"https:\/\/admin.industriall-union.org\/#website","url":"https:\/\/admin.industriall-union.org\/","name":"industriall-union","description":"","potentialAction":[{"@type":"SearchAction","target":{"@type":"EntryPoint","urlTemplate":"https:\/\/admin.industriall-union.org\/?s={search_term_string}"},"query-input":{"@type":"PropertyValueSpecification","valueRequired":true,"valueName":"search_term_string"}}],"inLanguage":"fr-FR"}]}},"_links":{"self":[{"href":"https:\/\/admin.industriall-union.org\/fr\/wp-json\/wp\/v2\/article\/174774","targetHints":{"allow":["GET"]}}],"collection":[{"href":"https:\/\/admin.industriall-union.org\/fr\/wp-json\/wp\/v2\/article"}],"about":[{"href":"https:\/\/admin.industriall-union.org\/fr\/wp-json\/wp\/v2\/types\/article"}],"wp:attachment":[{"href":"https:\/\/admin.industriall-union.org\/fr\/wp-json\/wp\/v2\/media?parent=174774"}],"wp:term":[{"taxonomy":"issues","embeddable":true,"href":"https:\/\/admin.industriall-union.org\/fr\/wp-json\/wp\/v2\/issues?post=174774"},{"taxonomy":"companies","embeddable":true,"href":"https:\/\/admin.industriall-union.org\/fr\/wp-json\/wp\/v2\/companies?post=174774"},{"taxonomy":"regions","embeddable":true,"href":"https:\/\/admin.industriall-union.org\/fr\/wp-json\/wp\/v2\/regions?post=174774"},{"taxonomy":"sectors","embeddable":true,"href":"https:\/\/admin.industriall-union.org\/fr\/wp-json\/wp\/v2\/sectors?post=174774"},{"taxonomy":"article_tags","embeddable":true,"href":"https:\/\/admin.industriall-union.org\/fr\/wp-json\/wp\/v2\/article_tags?post=174774"}],"curies":[{"name":"wp","href":"https:\/\/api.w.org\/{rel}","templated":true}]}}