{"id":174726,"date":"2013-01-22T14:00:32","date_gmt":"2013-01-22T14:00:32","guid":{"rendered":"https:\/\/admin.industriall-union.org\/le-parlement-europeen-adopte-une-resolution-sur-les-incendies-d-usine\/"},"modified":"2025-02-08T16:02:07","modified_gmt":"2025-02-08T16:02:07","slug":"le-parlement-europeen-adopte-une-resolution-sur-les-incendies-d-usine","status":"publish","type":"article","link":"https:\/\/admin.industriall-union.org\/fr\/le-parlement-europeen-adopte-une-resolution-sur-les-incendies-d-usine\/","title":{"rendered":"Le Parlement europ\u00e9en adopte une r\u00e9solution sur les incendies d\u2019usine"},"content":{"rendered":"<p>Le Parlement europ\u00e9en a adopt\u00e9 la <a href=\"http:\/\/www.europarl.europa.eu\/sides\/getDoc.do?pubRef=-\/\/EP\/\/TEXT+TA+P7-TA-2013-0027+0+DOC+XML+V0\/\/FR\">r\u00e9solution<\/a> le 17 janvier 2013 apr\u00e8s que des centaines de travailleuses et travailleurs ont \u00e9t\u00e9 tu\u00e9s dans de trop nombreux accidents survenus dans des usines de confection. Rien qu&#039;au Bangladesh, on estime que 600 travailleuses et travailleurs de la confection ont \u00e9t\u00e9 tu\u00e9s depuis 2005 dans des incendies d&#039;usine. \u00c0 Karachi, Pakistan, 289 personnes au moins ont p\u00e9ri dans <a href=\"http:\/\/www.industriall-union.org\/fr\/horreur-au-pakistan-apres-la-mort-de-300-travailleurs\">l&rsquo;incendie d&#039;une usine<\/a> en septembre 2012, 112 personnes au moins sont mortes dans <a href=\"http:\/\/www.industriall-union.org\/fr\/bangladesh-accord-sur-la-securite-contre-lincendie-dans-le-textile\">l&#039;incendie d&#039;une usine \u00e0 Tazreen<\/a>, dans le district Ashulia, Dhaka, Bangladesh, le 24 novembre 2012.<\/p><p>La r\u00e9solution \u00e9tablit que beaucoup de ces accidents auraient pu \u00eatre \u00e9vit\u00e9s si les usines avaient respect\u00e9 les normes de s\u00e9curit\u00e9. Elle critique l&#039;absence de respect des droits syndicaux, des normes de s\u00e9curit\u00e9 contre l&#039;incendie, et l&#039;inaction des gouvernements pour punir les propri\u00e9taires des usines qui portent la responsabilit\u00e9 d&#039;une n\u00e9gligence criminelle.&nbsp; La r\u00e9solution souligne la tension de plus en plus grande entre les syndicalistes, les groupes de d\u00e9fense des travailleuses et travailleurs et le gouvernement du Bangladesh sur la faiblesse des salaires et les mauvaises conditions de travail. Mais chose plus importante, la r\u00e9solution demande instamment au gouvernement du Bangladesh d&#039;enqu\u00eater sur la torture et le meurtre du militant des droits syndicaux Aminul Islam en avril 2012.<\/p><p>Les parlementaires europ\u00e9ens ont \u00e9galement exprim\u00e9 leurs regrets sur les d\u00e9mentis de certaines marques de v\u00eatements publi\u00e9s initialement sur leurs liens avec l&#039;usine Tazreen. La r\u00e9solution approuve <a href=\"http:\/\/www.industriall-union.org\/fr\/declaration-tripartite-sur-la-securite-contre-lincendie-au-bangladesh\">l&#039;accord sur la s\u00e9curit\u00e9 des b\u00e2timents contre l&#039;incendie au Bangladesh<\/a> entre des syndicats, des ONG et des multinationales des d\u00e9taillants du textile, et demande aux marques de v\u00eatements de soutenir cet effort. Elle demande instamment \u00e0 toutes les parties prenantes de combattre la corruption dans la cha\u00eene d&#039;approvisionnement, notamment la connivence entre les inspecteurs de la s\u00e9curit\u00e9 et les propri\u00e9taires d&#039;usines.<\/p><p>Elle se f\u00e9licite de la contribution de certains d\u00e9taillants europ\u00e9ens \u00e0 des m\u00e9canismes d&#039;indemnisation et demande la gratuit\u00e9 de la r\u00e9habilitation m\u00e9dicale des personnes bless\u00e9es et la prise en compte de la situation des membres des familles d\u00e9pendantes des travailleuses et travailleurs qui ont trouv\u00e9 la mort. Elle demande \u00e0 tous les partenaires, notamment \u00e0 la Commission europ\u00e9enne, &ldquo;de travailler ensemble \u00e0 l&#039;\u00e9tablissement d&#039;une norme d&#039;\u00e9tiquetage volontaire certifiant qu&#039;un produit a \u00e9t\u00e9 fabriqu\u00e9 conform\u00e9ment aux normes fondamentales du travail de l&rsquo;OIT&rdquo;.<\/p><p>Elle demande \u00e0 la Commission de promouvoir activement l&#039;obligation d&rsquo;une conduite responsable dans les affaires pour les entreprises de l&#039;Union europ\u00e9enne qui m\u00e8nent des activit\u00e9s \u00e0 l&#039;\u00e9tranger, en insistant sp\u00e9cialement sur l&#039;assurance du respect strict de toutes les obligations juridiques, notamment les normes et les r\u00e8gles internationales dans les domaines des droits de la personne, du travail et de l&#039;environnement. En outre, la r\u00e9solution demande l&#039;institution d&#039;une formation de responsables commerciaux de l&#039;Union europ\u00e9enne sur les questions relatives \u00e0 la RSE, et en particulier sur le respect de l&#039;application du pacte mondial des Nations unies &lsquo;Protect, Respect and Remedy&rsquo;, et pour que les d\u00e9l\u00e9gations de l&#039;Union europ\u00e9enne servent de points de contact pour les plaintes concernant des entreprises de l&#039;Union europ\u00e9enne et leurs filiales.<\/p><p>La r\u00e9solution note le r\u00f4le important que peuvent jouer les travailleuses et travailleurs et les syndicats, par exemple dans la poursuite de l&rsquo;\u00e9tablissement de comit\u00e9s de s\u00e9curit\u00e9 dirig\u00e9s par des travailleuses et travailleurs dans toutes les usines, et sur l&#039;importance pour les syndicats d&rsquo;avoir acc\u00e8s aux usines pour former les travailleuses et travailleurs sur la protection de leurs droits et de leur s\u00e9curit\u00e9, notamment leur droit de refuser un travail dangereux.<\/p>","protected":false},"featured_media":0,"template":"","issues":[414,402,422],"companies":[],"regions":[159,202,182],"sectors":[464],"article_tags":[],"class_list":["post-174726","article","type-article","status-publish","hentry","issues-action-on-bangladesh","issues-health-and-safety","issues-human-trade-union-rights","regions-bangladesh","regions-europe","regions-pakistan","sectors-textile-leather-garment-shoes-and-textile-services"],"acf":[],"yoast_head":"<!-- This site is optimized with the Yoast SEO Premium plugin v27.1 (Yoast SEO v27.1) - https:\/\/yoast.com\/product\/yoast-seo-premium-wordpress\/ -->\n<title>Le Parlement europ\u00e9en adopte une r\u00e9solution sur les incendies d\u2019usine - industriall-union<\/title>\n<meta name=\"description\" content=\"Le Parlement europ\u00e9en a adopt\u00e9 la r\u00e9solution le 17 janvier 2013 apr\u00e8s que des centaines de travailleuses et travailleurs ont \u00e9t\u00e9 tu\u00e9s dans de trop\" \/>\n<meta name=\"robots\" content=\"index, follow, max-snippet:-1, max-image-preview:large, max-video-preview:-1\" \/>\n<link rel=\"canonical\" href=\"https:\/\/admin.industriall-union.org\/fr\/le-parlement-europeen-adopte-une-resolution-sur-les-incendies-d-usine\/\" \/>\n<meta property=\"og:locale\" content=\"fr_FR\" \/>\n<meta property=\"og:type\" content=\"article\" \/>\n<meta property=\"og:title\" content=\"Le Parlement europ\u00e9en adopte une r\u00e9solution sur les incendies d\u2019usine\" \/>\n<meta property=\"og:description\" content=\"Le Parlement europ\u00e9en a adopt\u00e9 la r\u00e9solution le 17 janvier 2013 apr\u00e8s que des centaines de travailleuses et travailleurs ont \u00e9t\u00e9 tu\u00e9s dans de trop\" \/>\n<meta property=\"og:url\" content=\"https:\/\/admin.industriall-union.org\/fr\/le-parlement-europeen-adopte-une-resolution-sur-les-incendies-d-usine\/\" \/>\n<meta property=\"og:site_name\" content=\"industriall-union\" \/>\n<meta property=\"article:modified_time\" content=\"2025-02-08T16:02:07+00:00\" \/>\n<meta name=\"twitter:card\" content=\"summary_large_image\" \/>\n<meta name=\"twitter:label1\" content=\"Est. reading time\" \/>\n\t<meta name=\"twitter:data1\" content=\"3 minutes\" \/>\n<script type=\"application\/ld+json\" class=\"yoast-schema-graph\">{\"@context\":\"https:\/\/schema.org\",\"@graph\":[{\"@type\":\"WebPage\",\"@id\":\"https:\/\/admin.industriall-union.org\/fr\/le-parlement-europeen-adopte-une-resolution-sur-les-incendies-d-usine\/\",\"url\":\"https:\/\/admin.industriall-union.org\/fr\/le-parlement-europeen-adopte-une-resolution-sur-les-incendies-d-usine\/\",\"name\":\"Le Parlement europ\u00e9en adopte une r\u00e9solution sur les incendies d\u2019usine - industriall-union\",\"isPartOf\":{\"@id\":\"https:\/\/admin.industriall-union.org\/#website\"},\"datePublished\":\"2013-01-22T14:00:32+00:00\",\"dateModified\":\"2025-02-08T16:02:07+00:00\",\"description\":\"Le Parlement europ\u00e9en a adopt\u00e9 la r\u00e9solution le 17 janvier 2013 apr\u00e8s que des centaines de travailleuses et travailleurs ont \u00e9t\u00e9 tu\u00e9s dans de trop\",\"breadcrumb\":{\"@id\":\"https:\/\/admin.industriall-union.org\/fr\/le-parlement-europeen-adopte-une-resolution-sur-les-incendies-d-usine\/#breadcrumb\"},\"inLanguage\":\"fr-FR\",\"potentialAction\":[{\"@type\":\"ReadAction\",\"target\":[\"https:\/\/admin.industriall-union.org\/fr\/le-parlement-europeen-adopte-une-resolution-sur-les-incendies-d-usine\/\"]}]},{\"@type\":\"BreadcrumbList\",\"@id\":\"https:\/\/admin.industriall-union.org\/fr\/le-parlement-europeen-adopte-une-resolution-sur-les-incendies-d-usine\/#breadcrumb\",\"itemListElement\":[{\"@type\":\"ListItem\",\"position\":1,\"name\":\"Home\",\"item\":\"https:\/\/admin.industriall-union.org\/\"},{\"@type\":\"ListItem\",\"position\":2,\"name\":\"Articles\",\"item\":\"https:\/\/admin.industriall-union.org\/article\/\"},{\"@type\":\"ListItem\",\"position\":3,\"name\":\"Le Parlement europ\u00e9en adopte une r\u00e9solution sur les incendies d\u2019usine\"}]},{\"@type\":\"WebSite\",\"@id\":\"https:\/\/admin.industriall-union.org\/#website\",\"url\":\"https:\/\/admin.industriall-union.org\/\",\"name\":\"industriall-union\",\"description\":\"\",\"potentialAction\":[{\"@type\":\"SearchAction\",\"target\":{\"@type\":\"EntryPoint\",\"urlTemplate\":\"https:\/\/admin.industriall-union.org\/?s={search_term_string}\"},\"query-input\":{\"@type\":\"PropertyValueSpecification\",\"valueRequired\":true,\"valueName\":\"search_term_string\"}}],\"inLanguage\":\"fr-FR\"}]}<\/script>\n<!-- \/ Yoast SEO Premium plugin. -->","yoast_head_json":{"title":"Le Parlement europ\u00e9en adopte une r\u00e9solution sur les incendies d\u2019usine - industriall-union","description":"Le Parlement europ\u00e9en a adopt\u00e9 la r\u00e9solution le 17 janvier 2013 apr\u00e8s que des centaines de travailleuses et travailleurs ont \u00e9t\u00e9 tu\u00e9s dans de trop","robots":{"index":"index","follow":"follow","max-snippet":"max-snippet:-1","max-image-preview":"max-image-preview:large","max-video-preview":"max-video-preview:-1"},"canonical":"https:\/\/admin.industriall-union.org\/fr\/le-parlement-europeen-adopte-une-resolution-sur-les-incendies-d-usine\/","og_locale":"fr_FR","og_type":"article","og_title":"Le Parlement europ\u00e9en adopte une r\u00e9solution sur les incendies d\u2019usine","og_description":"Le Parlement europ\u00e9en a adopt\u00e9 la r\u00e9solution le 17 janvier 2013 apr\u00e8s que des centaines de travailleuses et travailleurs ont \u00e9t\u00e9 tu\u00e9s dans de trop","og_url":"https:\/\/admin.industriall-union.org\/fr\/le-parlement-europeen-adopte-une-resolution-sur-les-incendies-d-usine\/","og_site_name":"industriall-union","article_modified_time":"2025-02-08T16:02:07+00:00","twitter_card":"summary_large_image","twitter_misc":{"Est. reading time":"3 minutes"},"schema":{"@context":"https:\/\/schema.org","@graph":[{"@type":"WebPage","@id":"https:\/\/admin.industriall-union.org\/fr\/le-parlement-europeen-adopte-une-resolution-sur-les-incendies-d-usine\/","url":"https:\/\/admin.industriall-union.org\/fr\/le-parlement-europeen-adopte-une-resolution-sur-les-incendies-d-usine\/","name":"Le Parlement europ\u00e9en adopte une r\u00e9solution sur les incendies d\u2019usine - industriall-union","isPartOf":{"@id":"https:\/\/admin.industriall-union.org\/#website"},"datePublished":"2013-01-22T14:00:32+00:00","dateModified":"2025-02-08T16:02:07+00:00","description":"Le Parlement europ\u00e9en a adopt\u00e9 la r\u00e9solution le 17 janvier 2013 apr\u00e8s que des centaines de travailleuses et travailleurs ont \u00e9t\u00e9 tu\u00e9s dans de trop","breadcrumb":{"@id":"https:\/\/admin.industriall-union.org\/fr\/le-parlement-europeen-adopte-une-resolution-sur-les-incendies-d-usine\/#breadcrumb"},"inLanguage":"fr-FR","potentialAction":[{"@type":"ReadAction","target":["https:\/\/admin.industriall-union.org\/fr\/le-parlement-europeen-adopte-une-resolution-sur-les-incendies-d-usine\/"]}]},{"@type":"BreadcrumbList","@id":"https:\/\/admin.industriall-union.org\/fr\/le-parlement-europeen-adopte-une-resolution-sur-les-incendies-d-usine\/#breadcrumb","itemListElement":[{"@type":"ListItem","position":1,"name":"Home","item":"https:\/\/admin.industriall-union.org\/"},{"@type":"ListItem","position":2,"name":"Articles","item":"https:\/\/admin.industriall-union.org\/article\/"},{"@type":"ListItem","position":3,"name":"Le Parlement europ\u00e9en adopte une r\u00e9solution sur les incendies d\u2019usine"}]},{"@type":"WebSite","@id":"https:\/\/admin.industriall-union.org\/#website","url":"https:\/\/admin.industriall-union.org\/","name":"industriall-union","description":"","potentialAction":[{"@type":"SearchAction","target":{"@type":"EntryPoint","urlTemplate":"https:\/\/admin.industriall-union.org\/?s={search_term_string}"},"query-input":{"@type":"PropertyValueSpecification","valueRequired":true,"valueName":"search_term_string"}}],"inLanguage":"fr-FR"}]}},"_links":{"self":[{"href":"https:\/\/admin.industriall-union.org\/fr\/wp-json\/wp\/v2\/article\/174726","targetHints":{"allow":["GET"]}}],"collection":[{"href":"https:\/\/admin.industriall-union.org\/fr\/wp-json\/wp\/v2\/article"}],"about":[{"href":"https:\/\/admin.industriall-union.org\/fr\/wp-json\/wp\/v2\/types\/article"}],"wp:attachment":[{"href":"https:\/\/admin.industriall-union.org\/fr\/wp-json\/wp\/v2\/media?parent=174726"}],"wp:term":[{"taxonomy":"issues","embeddable":true,"href":"https:\/\/admin.industriall-union.org\/fr\/wp-json\/wp\/v2\/issues?post=174726"},{"taxonomy":"companies","embeddable":true,"href":"https:\/\/admin.industriall-union.org\/fr\/wp-json\/wp\/v2\/companies?post=174726"},{"taxonomy":"regions","embeddable":true,"href":"https:\/\/admin.industriall-union.org\/fr\/wp-json\/wp\/v2\/regions?post=174726"},{"taxonomy":"sectors","embeddable":true,"href":"https:\/\/admin.industriall-union.org\/fr\/wp-json\/wp\/v2\/sectors?post=174726"},{"taxonomy":"article_tags","embeddable":true,"href":"https:\/\/admin.industriall-union.org\/fr\/wp-json\/wp\/v2\/article_tags?post=174726"}],"curies":[{"name":"wp","href":"https:\/\/api.w.org\/{rel}","templated":true}]}}