{"id":174721,"date":"2013-01-22T14:46:32","date_gmt":"2013-01-22T14:46:32","guid":{"rendered":"https:\/\/admin.industriall-union.org\/les-paraguayens-opposes-au-projet-de-rio-tinto\/"},"modified":"2025-02-08T16:01:16","modified_gmt":"2025-02-08T16:01:16","slug":"les-paraguayens-opposes-au-projet-de-rio-tinto","status":"publish","type":"article","link":"https:\/\/admin.industriall-union.org\/fr\/les-paraguayens-opposes-au-projet-de-rio-tinto\/","title":{"rendered":"Les Paraguayens oppos\u00e9s au projet de Rio Tinto"},"content":{"rendered":"<p>Le vendredi 21 d\u00e9cembre 2012, le gouvernement paraguayen a sign\u00e9 un m\u00e9morandum d&#039;accord avec Rio Tinto Alcan pour le d\u00e9veloppement d&#039;une zone industrielle o\u00f9 l&#039;entreprise construira un haut-fourneau pour l&#039;aluminium.<\/p><p>Les Paraguayens ont suivi de pr\u00e8s les n\u00e9gociations entre le gouvernement et Rio Tinto. Une campagne sur le th\u00e8me &ldquo;Non au coup de Rio Tinto&rdquo; a \u00e9t\u00e9 lanc\u00e9e. Une p\u00e9tition qui a recueilli 25.000 signatures demande au gouvernement de mettre fin aux n\u00e9gociations avec l&#039;entreprise. Le jeudi 20 d\u00e9cembre, avant la signature du m\u00e9morandum d&#039;accord, une manifestation a eu lieu devant le minist\u00e8re du Commerce et de l&#039;Industrie pour protester contre la construction pr\u00e9vue du haut-fourneau, en raison de son impact sur l&#039;environnement et parce que Rio Tinto a enfreint tout au long de son histoire la l\u00e9gislation sur le travail et les syndicats.<\/p><p>Cinq m\u00e9morandums doivent \u00eatre n\u00e9goci\u00e9s avant que le gouvernement approuve d\u00e9finitivement la construction de l&#039;usine qui co\u00fbtera 4 milliards d&rsquo;USD et aura la capacit\u00e9 de produire 674.000 tonnes d&#039;aluminium par an. Les m\u00e9morandums sur l&#039;environnement, l&rsquo;infrastructure, la fiscalit\u00e9 et le prix de l&#039;\u00e9nergie sont \u00e0 l&#039;ordre du jour.<\/p><p>Les n\u00e9gociations qui ont commenc\u00e9 il y a quatre ans sont rest\u00e9es au point mort sous le gouvernement de Fernando Lugo. Cependant, les n\u00e9gociations ont repris apr\u00e8s son d\u00e9part et son remplacement par Federico Franco. Le gouvernement qui entrera en fonction le 15 ao\u00fbt 2013 devra prendre la d\u00e9cision finale sur la zone industrielle et les candidats devront se d\u00e9cider sur cette question.&nbsp;<\/p><p>Certains secteurs du monde des affaires sont oppos\u00e9s au projet en raison d&#039;un manque d&#039;int\u00e9r\u00eat pour investir dans la zone industrielle pr\u00e9vue. Seules six des 55 entreprises contact\u00e9es par le groupe technique de n\u00e9gociation du minist\u00e8re du Commerce et de l&#039;Industrie ont exprim\u00e9 un int\u00e9r\u00eat pour construire des usines dans la zone o\u00f9 le haut-fourneau de Rio Tinto occupera une place centrale.<\/p><p>Les m\u00e9dias ont rendu compte de l&#039;opposition du public et du monde des affaires \u00e0 l&rsquo;investissement pr\u00e9vu par Rio Tinto au Paraguay.<\/p><p>Pendant ce temps, le groupe minier anglo-australian Rio Tinto a perdu 14 milliards d&rsquo;USD (10,525 milliards d&#039;euros) en raison de la d\u00e9pr\u00e9ciation de ses actifs au Mozambique et du cours de l&#039;aluminium. L&#039;entreprise a licenci\u00e9 son directeur g\u00e9n\u00e9ral en raison de la situation.<\/p><p>IndustriALL Global Union organise une campagne pour faire la lumi\u00e8re sur l&#039;attitude contraire \u00e0 l&#039;\u00e9thique de Rio Tinto partout dans le monde. IndustriALL a soutenu les travailleurs et travailleuses des installations de Rio Tinto Alcan \u00e0 Alma, Qu\u00e9bec, pendant un lock-out de six mois qui a pris fin en juillet. IndustriALL continuera de soutenir les salari\u00e9s de Rio Tinto partout dans le monde.<\/p>","protected":false},"featured_media":0,"template":"","issues":[406],"companies":[113],"regions":[278],"sectors":[481],"article_tags":[511],"class_list":["post-174721","article","type-article","status-publish","hentry","issues-confronting-global-capital","companies-rio-tinto","regions-paraguay","sectors-base-metals","article_tags-industriall"],"acf":[],"yoast_head":"<!-- This site is optimized with the Yoast SEO Premium plugin v27.1 (Yoast SEO v27.1) - https:\/\/yoast.com\/product\/yoast-seo-premium-wordpress\/ -->\n<title>Les Paraguayens oppos\u00e9s au projet de Rio Tinto - industriall-union<\/title>\n<meta name=\"description\" content=\"Le vendredi 21 d\u00e9cembre 2012, le gouvernement paraguayen a sign\u00e9 un m\u00e9morandum d&#039;accord avec Rio Tinto Alcan pour le d\u00e9veloppement d&#039;une zone\" \/>\n<meta name=\"robots\" content=\"index, follow, max-snippet:-1, max-image-preview:large, max-video-preview:-1\" \/>\n<link rel=\"canonical\" href=\"https:\/\/admin.industriall-union.org\/fr\/les-paraguayens-opposes-au-projet-de-rio-tinto\/\" \/>\n<meta property=\"og:locale\" content=\"fr_FR\" \/>\n<meta property=\"og:type\" content=\"article\" \/>\n<meta property=\"og:title\" content=\"Les Paraguayens oppos\u00e9s au projet de Rio Tinto\" \/>\n<meta property=\"og:description\" content=\"Le vendredi 21 d\u00e9cembre 2012, le gouvernement paraguayen a sign\u00e9 un m\u00e9morandum d&#039;accord avec Rio Tinto Alcan pour le d\u00e9veloppement d&#039;une zone\" \/>\n<meta property=\"og:url\" content=\"https:\/\/admin.industriall-union.org\/fr\/les-paraguayens-opposes-au-projet-de-rio-tinto\/\" \/>\n<meta property=\"og:site_name\" content=\"industriall-union\" \/>\n<meta property=\"article:modified_time\" content=\"2025-02-08T16:01:16+00:00\" \/>\n<meta name=\"twitter:card\" content=\"summary_large_image\" \/>\n<meta name=\"twitter:label1\" content=\"Est. reading time\" \/>\n\t<meta name=\"twitter:data1\" content=\"2 minutes\" \/>\n<script type=\"application\/ld+json\" class=\"yoast-schema-graph\">{\"@context\":\"https:\/\/schema.org\",\"@graph\":[{\"@type\":\"WebPage\",\"@id\":\"https:\/\/admin.industriall-union.org\/fr\/les-paraguayens-opposes-au-projet-de-rio-tinto\/\",\"url\":\"https:\/\/admin.industriall-union.org\/fr\/les-paraguayens-opposes-au-projet-de-rio-tinto\/\",\"name\":\"Les Paraguayens oppos\u00e9s au projet de Rio Tinto - industriall-union\",\"isPartOf\":{\"@id\":\"https:\/\/admin.industriall-union.org\/#website\"},\"datePublished\":\"2013-01-22T14:46:32+00:00\",\"dateModified\":\"2025-02-08T16:01:16+00:00\",\"description\":\"Le vendredi 21 d\u00e9cembre 2012, le gouvernement paraguayen a sign\u00e9 un m\u00e9morandum d&#039;accord avec Rio Tinto Alcan pour le d\u00e9veloppement d&#039;une zone\",\"breadcrumb\":{\"@id\":\"https:\/\/admin.industriall-union.org\/fr\/les-paraguayens-opposes-au-projet-de-rio-tinto\/#breadcrumb\"},\"inLanguage\":\"fr-FR\",\"potentialAction\":[{\"@type\":\"ReadAction\",\"target\":[\"https:\/\/admin.industriall-union.org\/fr\/les-paraguayens-opposes-au-projet-de-rio-tinto\/\"]}]},{\"@type\":\"BreadcrumbList\",\"@id\":\"https:\/\/admin.industriall-union.org\/fr\/les-paraguayens-opposes-au-projet-de-rio-tinto\/#breadcrumb\",\"itemListElement\":[{\"@type\":\"ListItem\",\"position\":1,\"name\":\"Home\",\"item\":\"https:\/\/admin.industriall-union.org\/\"},{\"@type\":\"ListItem\",\"position\":2,\"name\":\"Articles\",\"item\":\"https:\/\/admin.industriall-union.org\/article\/\"},{\"@type\":\"ListItem\",\"position\":3,\"name\":\"Les Paraguayens oppos\u00e9s au projet de Rio Tinto\"}]},{\"@type\":\"WebSite\",\"@id\":\"https:\/\/admin.industriall-union.org\/#website\",\"url\":\"https:\/\/admin.industriall-union.org\/\",\"name\":\"industriall-union\",\"description\":\"\",\"potentialAction\":[{\"@type\":\"SearchAction\",\"target\":{\"@type\":\"EntryPoint\",\"urlTemplate\":\"https:\/\/admin.industriall-union.org\/?s={search_term_string}\"},\"query-input\":{\"@type\":\"PropertyValueSpecification\",\"valueRequired\":true,\"valueName\":\"search_term_string\"}}],\"inLanguage\":\"fr-FR\"}]}<\/script>\n<!-- \/ Yoast SEO Premium plugin. -->","yoast_head_json":{"title":"Les Paraguayens oppos\u00e9s au projet de Rio Tinto - industriall-union","description":"Le vendredi 21 d\u00e9cembre 2012, le gouvernement paraguayen a sign\u00e9 un m\u00e9morandum d&#039;accord avec Rio Tinto Alcan pour le d\u00e9veloppement d&#039;une zone","robots":{"index":"index","follow":"follow","max-snippet":"max-snippet:-1","max-image-preview":"max-image-preview:large","max-video-preview":"max-video-preview:-1"},"canonical":"https:\/\/admin.industriall-union.org\/fr\/les-paraguayens-opposes-au-projet-de-rio-tinto\/","og_locale":"fr_FR","og_type":"article","og_title":"Les Paraguayens oppos\u00e9s au projet de Rio Tinto","og_description":"Le vendredi 21 d\u00e9cembre 2012, le gouvernement paraguayen a sign\u00e9 un m\u00e9morandum d&#039;accord avec Rio Tinto Alcan pour le d\u00e9veloppement d&#039;une zone","og_url":"https:\/\/admin.industriall-union.org\/fr\/les-paraguayens-opposes-au-projet-de-rio-tinto\/","og_site_name":"industriall-union","article_modified_time":"2025-02-08T16:01:16+00:00","twitter_card":"summary_large_image","twitter_misc":{"Est. reading time":"2 minutes"},"schema":{"@context":"https:\/\/schema.org","@graph":[{"@type":"WebPage","@id":"https:\/\/admin.industriall-union.org\/fr\/les-paraguayens-opposes-au-projet-de-rio-tinto\/","url":"https:\/\/admin.industriall-union.org\/fr\/les-paraguayens-opposes-au-projet-de-rio-tinto\/","name":"Les Paraguayens oppos\u00e9s au projet de Rio Tinto - industriall-union","isPartOf":{"@id":"https:\/\/admin.industriall-union.org\/#website"},"datePublished":"2013-01-22T14:46:32+00:00","dateModified":"2025-02-08T16:01:16+00:00","description":"Le vendredi 21 d\u00e9cembre 2012, le gouvernement paraguayen a sign\u00e9 un m\u00e9morandum d&#039;accord avec Rio Tinto Alcan pour le d\u00e9veloppement d&#039;une zone","breadcrumb":{"@id":"https:\/\/admin.industriall-union.org\/fr\/les-paraguayens-opposes-au-projet-de-rio-tinto\/#breadcrumb"},"inLanguage":"fr-FR","potentialAction":[{"@type":"ReadAction","target":["https:\/\/admin.industriall-union.org\/fr\/les-paraguayens-opposes-au-projet-de-rio-tinto\/"]}]},{"@type":"BreadcrumbList","@id":"https:\/\/admin.industriall-union.org\/fr\/les-paraguayens-opposes-au-projet-de-rio-tinto\/#breadcrumb","itemListElement":[{"@type":"ListItem","position":1,"name":"Home","item":"https:\/\/admin.industriall-union.org\/"},{"@type":"ListItem","position":2,"name":"Articles","item":"https:\/\/admin.industriall-union.org\/article\/"},{"@type":"ListItem","position":3,"name":"Les Paraguayens oppos\u00e9s au projet de Rio Tinto"}]},{"@type":"WebSite","@id":"https:\/\/admin.industriall-union.org\/#website","url":"https:\/\/admin.industriall-union.org\/","name":"industriall-union","description":"","potentialAction":[{"@type":"SearchAction","target":{"@type":"EntryPoint","urlTemplate":"https:\/\/admin.industriall-union.org\/?s={search_term_string}"},"query-input":{"@type":"PropertyValueSpecification","valueRequired":true,"valueName":"search_term_string"}}],"inLanguage":"fr-FR"}]}},"_links":{"self":[{"href":"https:\/\/admin.industriall-union.org\/fr\/wp-json\/wp\/v2\/article\/174721","targetHints":{"allow":["GET"]}}],"collection":[{"href":"https:\/\/admin.industriall-union.org\/fr\/wp-json\/wp\/v2\/article"}],"about":[{"href":"https:\/\/admin.industriall-union.org\/fr\/wp-json\/wp\/v2\/types\/article"}],"wp:attachment":[{"href":"https:\/\/admin.industriall-union.org\/fr\/wp-json\/wp\/v2\/media?parent=174721"}],"wp:term":[{"taxonomy":"issues","embeddable":true,"href":"https:\/\/admin.industriall-union.org\/fr\/wp-json\/wp\/v2\/issues?post=174721"},{"taxonomy":"companies","embeddable":true,"href":"https:\/\/admin.industriall-union.org\/fr\/wp-json\/wp\/v2\/companies?post=174721"},{"taxonomy":"regions","embeddable":true,"href":"https:\/\/admin.industriall-union.org\/fr\/wp-json\/wp\/v2\/regions?post=174721"},{"taxonomy":"sectors","embeddable":true,"href":"https:\/\/admin.industriall-union.org\/fr\/wp-json\/wp\/v2\/sectors?post=174721"},{"taxonomy":"article_tags","embeddable":true,"href":"https:\/\/admin.industriall-union.org\/fr\/wp-json\/wp\/v2\/article_tags?post=174721"}],"curies":[{"name":"wp","href":"https:\/\/api.w.org\/{rel}","templated":true}]}}