{"id":174678,"date":"2013-01-24T16:50:04","date_gmt":"2013-01-24T16:50:04","guid":{"rendered":"https:\/\/admin.industriall-union.org\/cinq-ans-de-lutte-les-ouvriers-verriers-mexicains-se-mobilisent\/"},"modified":"2025-02-08T15:52:28","modified_gmt":"2025-02-08T15:52:28","slug":"cinq-ans-de-lutte-les-ouvriers-verriers-mexicains-se-mobilisent","status":"publish","type":"article","link":"https:\/\/admin.industriall-union.org\/fr\/cinq-ans-de-lutte-les-ouvriers-verriers-mexicains-se-mobilisent\/","title":{"rendered":"Cinq ans de lutte \u2013 les ouvriers verriers mexicains se mobilisent"},"content":{"rendered":"<p>Le cinqui\u00e8me anniversaire de la lutte du syndicat SUTEIVP, affili\u00e9 \u00e0 IndustriALL Global Union, pour la r\u00e9int\u00e9gration de membres du personnel et la reconnaissance syndicale, obtiendra le soutien d&#039;autres syndicats locaux dans la r\u00e9gion de San Lu\u00eds Potos\u00ed et recevra un message de soutien de Jyrki Raina, secr\u00e9taire g\u00e9n\u00e9ral de IndustriALL.<\/p><blockquote><p>L&#039;histoire de votre lutte courageuse est connue dans le monde entier. Nous sommes fiers de partager avec vous la famille mondiale de IndustriALL et de savoir que vous poursuivez ce combat au cinqui\u00e8me anniversaire de votre licenciement ill\u00e9gal par l&#039;entreprise.<\/p><\/blockquote><p>Depuis leur licenciement et le refus de la direction de les indemniser, les 33 travailleurs continuent de lutter pour retrouver leurs emplois. Ils ont \u00e9t\u00e9 inscrits sur la liste noire par l&#039;entreprise avec la complicit\u00e9 des services de la main-d&#039;\u0153uvre, pour qu&#039;aucun d&rsquo;eux ni aucun membre de leur famille ne trouvent du travail dans la r\u00e9gion. La complicit\u00e9 antisyndicale des autorit\u00e9s a permis \u00e9galement de faire tra\u00eener en longueur la proc\u00e9dure juridique par un nombre incalculable d&#039;appels. Toutefois la proc\u00e9dure atteint maintenant la phrase du d\u00e9nouement qui donne le droit d&#039;esp\u00e9rer obtenir rapidement une solution juste.<\/p><p>L&#039;entreprise Industria Vidriera del Potos\u00ed est une filiale de la brasserie mondiale Grupo Modelo. C&#039;est l&#039;un des quatre fabricants de bouteilles pour la fameuse bi\u00e8re mexicaine Corona, qui est la propri\u00e9t\u00e9 de la femme la plus riche du Mexique, Mar\u00eda Asunci\u00f3n Aramburuzavala. Grupo Modelo est sur le point d&#039;\u00eatre achet\u00e9 par le leader mondial AB InBev, qui produit les bi\u00e8res Budweiser, Stella Artois et Becks.<\/p><p>Les revendications des ouvriers verriers occuperont une part importante des prochaines Journ\u00e9es mondiales d&#039;action du 18 au 24 f\u00e9vrier, qui ont re\u00e7u cette semaine le soutien unanime du Conseil des syndicats mondiaux. Les membres du Conseil r\u00e9unis les 21-22 janvier \u00e9taient tous d\u00e9termin\u00e9s \u00e0 se joindre \u00e0 la campagne pendant les Journ\u00e9es d&#039;action.<\/p><p>Les f\u00e9d\u00e9rations syndicales internationales et la Conf\u00e9d\u00e9ration syndicale internationale (CSI) mobiliseront leurs affili\u00e9s partout dans le monde pour demander au pr\u00e9sident d&#039;intervenir contre les contrats de protection, d&rsquo;obtenir justice \u00e0 Pasta de Conchos et l&#039;annulation des r\u00e9centes r\u00e9formes r\u00e9gressive du travail.<\/p><p>Chaque syndicat d\u00e9mocratique au Mexique cherchera cette semaine \u00e0 faire progresser des revendications sp\u00e9cifiques et obtenir justice dans ses propres conflits, et marchera uni pour d\u00e9fendre les droits syndicaux fondamentaux dans tout le pays. Le syndicat mexicain des mineurs Los Mineros appuiera des revendications communes tout en donnant la priorit\u00e9 \u00e0 l&#039;appel concernant la r\u00e9int\u00e9gration des dix gr\u00e9vistes de la faim par l&#039;\u00e9quipementier de Ciudad Acu\u00f1a appartenant \u00e0 la multinationale finlandaise PKC. Les gr\u00e9vistes de la faim, qui \u00e9taient membres du comit\u00e9 ex\u00e9cutif de la section syndicale de Los Mineros, ont tous \u00e9t\u00e9 licenci\u00e9s par l&#039;entreprise qui a par ailleurs mis \u00e0 pied 122 travailleurs et travailleuses membres du syndicat, qui s&rsquo;\u00e9taient battus pour syndicaliser l&#039;usine et remplacer le syndicat jaune maison.<\/p>","protected":false},"featured_media":0,"template":"","issues":[422,420,424],"companies":[],"regions":[275],"sectors":[487],"article_tags":[],"class_list":["post-174678","article","type-article","status-publish","hentry","issues-human-trade-union-rights","issues-solidarity","issues-violation","regions-mexico","sectors-glass"],"acf":[],"yoast_head":"<!-- This site is optimized with the Yoast SEO Premium plugin v27.1 (Yoast SEO v27.1) - https:\/\/yoast.com\/product\/yoast-seo-premium-wordpress\/ -->\n<title>Cinq ans de lutte \u2013 les ouvriers verriers mexicains se mobilisent - industriall-union<\/title>\n<meta name=\"description\" content=\"Le cinqui\u00e8me anniversaire de la lutte du syndicat SUTEIVP, affili\u00e9 \u00e0 IndustriALL Global Union, pour la r\u00e9int\u00e9gration de membres du personnel et la\" \/>\n<meta name=\"robots\" content=\"index, follow, max-snippet:-1, max-image-preview:large, max-video-preview:-1\" \/>\n<link rel=\"canonical\" href=\"https:\/\/admin.industriall-union.org\/fr\/cinq-ans-de-lutte-les-ouvriers-verriers-mexicains-se-mobilisent\/\" \/>\n<meta property=\"og:locale\" content=\"fr_FR\" \/>\n<meta property=\"og:type\" content=\"article\" \/>\n<meta property=\"og:title\" content=\"Cinq ans de lutte \u2013 les ouvriers verriers mexicains se mobilisent\" \/>\n<meta property=\"og:description\" content=\"Le cinqui\u00e8me anniversaire de la lutte du syndicat SUTEIVP, affili\u00e9 \u00e0 IndustriALL Global Union, pour la r\u00e9int\u00e9gration de membres du personnel et la\" \/>\n<meta property=\"og:url\" content=\"https:\/\/admin.industriall-union.org\/fr\/cinq-ans-de-lutte-les-ouvriers-verriers-mexicains-se-mobilisent\/\" \/>\n<meta property=\"og:site_name\" content=\"industriall-union\" \/>\n<meta property=\"article:modified_time\" content=\"2025-02-08T15:52:28+00:00\" \/>\n<meta name=\"twitter:card\" content=\"summary_large_image\" \/>\n<meta name=\"twitter:label1\" content=\"Est. reading time\" \/>\n\t<meta name=\"twitter:data1\" content=\"3 minutes\" \/>\n<script type=\"application\/ld+json\" class=\"yoast-schema-graph\">{\"@context\":\"https:\/\/schema.org\",\"@graph\":[{\"@type\":\"WebPage\",\"@id\":\"https:\/\/admin.industriall-union.org\/fr\/cinq-ans-de-lutte-les-ouvriers-verriers-mexicains-se-mobilisent\/\",\"url\":\"https:\/\/admin.industriall-union.org\/fr\/cinq-ans-de-lutte-les-ouvriers-verriers-mexicains-se-mobilisent\/\",\"name\":\"Cinq ans de lutte \u2013 les ouvriers verriers mexicains se mobilisent - industriall-union\",\"isPartOf\":{\"@id\":\"https:\/\/admin.industriall-union.org\/#website\"},\"datePublished\":\"2013-01-24T16:50:04+00:00\",\"dateModified\":\"2025-02-08T15:52:28+00:00\",\"description\":\"Le cinqui\u00e8me anniversaire de la lutte du syndicat SUTEIVP, affili\u00e9 \u00e0 IndustriALL Global Union, pour la r\u00e9int\u00e9gration de membres du personnel et la\",\"breadcrumb\":{\"@id\":\"https:\/\/admin.industriall-union.org\/fr\/cinq-ans-de-lutte-les-ouvriers-verriers-mexicains-se-mobilisent\/#breadcrumb\"},\"inLanguage\":\"fr-FR\",\"potentialAction\":[{\"@type\":\"ReadAction\",\"target\":[\"https:\/\/admin.industriall-union.org\/fr\/cinq-ans-de-lutte-les-ouvriers-verriers-mexicains-se-mobilisent\/\"]}]},{\"@type\":\"BreadcrumbList\",\"@id\":\"https:\/\/admin.industriall-union.org\/fr\/cinq-ans-de-lutte-les-ouvriers-verriers-mexicains-se-mobilisent\/#breadcrumb\",\"itemListElement\":[{\"@type\":\"ListItem\",\"position\":1,\"name\":\"Home\",\"item\":\"https:\/\/admin.industriall-union.org\/\"},{\"@type\":\"ListItem\",\"position\":2,\"name\":\"Articles\",\"item\":\"https:\/\/admin.industriall-union.org\/article\/\"},{\"@type\":\"ListItem\",\"position\":3,\"name\":\"Cinq ans de lutte \u2013 les ouvriers verriers mexicains se mobilisent\"}]},{\"@type\":\"WebSite\",\"@id\":\"https:\/\/admin.industriall-union.org\/#website\",\"url\":\"https:\/\/admin.industriall-union.org\/\",\"name\":\"industriall-union\",\"description\":\"\",\"potentialAction\":[{\"@type\":\"SearchAction\",\"target\":{\"@type\":\"EntryPoint\",\"urlTemplate\":\"https:\/\/admin.industriall-union.org\/?s={search_term_string}\"},\"query-input\":{\"@type\":\"PropertyValueSpecification\",\"valueRequired\":true,\"valueName\":\"search_term_string\"}}],\"inLanguage\":\"fr-FR\"}]}<\/script>\n<!-- \/ Yoast SEO Premium plugin. -->","yoast_head_json":{"title":"Cinq ans de lutte \u2013 les ouvriers verriers mexicains se mobilisent - industriall-union","description":"Le cinqui\u00e8me anniversaire de la lutte du syndicat SUTEIVP, affili\u00e9 \u00e0 IndustriALL Global Union, pour la r\u00e9int\u00e9gration de membres du personnel et la","robots":{"index":"index","follow":"follow","max-snippet":"max-snippet:-1","max-image-preview":"max-image-preview:large","max-video-preview":"max-video-preview:-1"},"canonical":"https:\/\/admin.industriall-union.org\/fr\/cinq-ans-de-lutte-les-ouvriers-verriers-mexicains-se-mobilisent\/","og_locale":"fr_FR","og_type":"article","og_title":"Cinq ans de lutte \u2013 les ouvriers verriers mexicains se mobilisent","og_description":"Le cinqui\u00e8me anniversaire de la lutte du syndicat SUTEIVP, affili\u00e9 \u00e0 IndustriALL Global Union, pour la r\u00e9int\u00e9gration de membres du personnel et la","og_url":"https:\/\/admin.industriall-union.org\/fr\/cinq-ans-de-lutte-les-ouvriers-verriers-mexicains-se-mobilisent\/","og_site_name":"industriall-union","article_modified_time":"2025-02-08T15:52:28+00:00","twitter_card":"summary_large_image","twitter_misc":{"Est. reading time":"3 minutes"},"schema":{"@context":"https:\/\/schema.org","@graph":[{"@type":"WebPage","@id":"https:\/\/admin.industriall-union.org\/fr\/cinq-ans-de-lutte-les-ouvriers-verriers-mexicains-se-mobilisent\/","url":"https:\/\/admin.industriall-union.org\/fr\/cinq-ans-de-lutte-les-ouvriers-verriers-mexicains-se-mobilisent\/","name":"Cinq ans de lutte \u2013 les ouvriers verriers mexicains se mobilisent - industriall-union","isPartOf":{"@id":"https:\/\/admin.industriall-union.org\/#website"},"datePublished":"2013-01-24T16:50:04+00:00","dateModified":"2025-02-08T15:52:28+00:00","description":"Le cinqui\u00e8me anniversaire de la lutte du syndicat SUTEIVP, affili\u00e9 \u00e0 IndustriALL Global Union, pour la r\u00e9int\u00e9gration de membres du personnel et la","breadcrumb":{"@id":"https:\/\/admin.industriall-union.org\/fr\/cinq-ans-de-lutte-les-ouvriers-verriers-mexicains-se-mobilisent\/#breadcrumb"},"inLanguage":"fr-FR","potentialAction":[{"@type":"ReadAction","target":["https:\/\/admin.industriall-union.org\/fr\/cinq-ans-de-lutte-les-ouvriers-verriers-mexicains-se-mobilisent\/"]}]},{"@type":"BreadcrumbList","@id":"https:\/\/admin.industriall-union.org\/fr\/cinq-ans-de-lutte-les-ouvriers-verriers-mexicains-se-mobilisent\/#breadcrumb","itemListElement":[{"@type":"ListItem","position":1,"name":"Home","item":"https:\/\/admin.industriall-union.org\/"},{"@type":"ListItem","position":2,"name":"Articles","item":"https:\/\/admin.industriall-union.org\/article\/"},{"@type":"ListItem","position":3,"name":"Cinq ans de lutte \u2013 les ouvriers verriers mexicains se mobilisent"}]},{"@type":"WebSite","@id":"https:\/\/admin.industriall-union.org\/#website","url":"https:\/\/admin.industriall-union.org\/","name":"industriall-union","description":"","potentialAction":[{"@type":"SearchAction","target":{"@type":"EntryPoint","urlTemplate":"https:\/\/admin.industriall-union.org\/?s={search_term_string}"},"query-input":{"@type":"PropertyValueSpecification","valueRequired":true,"valueName":"search_term_string"}}],"inLanguage":"fr-FR"}]}},"_links":{"self":[{"href":"https:\/\/admin.industriall-union.org\/fr\/wp-json\/wp\/v2\/article\/174678","targetHints":{"allow":["GET"]}}],"collection":[{"href":"https:\/\/admin.industriall-union.org\/fr\/wp-json\/wp\/v2\/article"}],"about":[{"href":"https:\/\/admin.industriall-union.org\/fr\/wp-json\/wp\/v2\/types\/article"}],"wp:attachment":[{"href":"https:\/\/admin.industriall-union.org\/fr\/wp-json\/wp\/v2\/media?parent=174678"}],"wp:term":[{"taxonomy":"issues","embeddable":true,"href":"https:\/\/admin.industriall-union.org\/fr\/wp-json\/wp\/v2\/issues?post=174678"},{"taxonomy":"companies","embeddable":true,"href":"https:\/\/admin.industriall-union.org\/fr\/wp-json\/wp\/v2\/companies?post=174678"},{"taxonomy":"regions","embeddable":true,"href":"https:\/\/admin.industriall-union.org\/fr\/wp-json\/wp\/v2\/regions?post=174678"},{"taxonomy":"sectors","embeddable":true,"href":"https:\/\/admin.industriall-union.org\/fr\/wp-json\/wp\/v2\/sectors?post=174678"},{"taxonomy":"article_tags","embeddable":true,"href":"https:\/\/admin.industriall-union.org\/fr\/wp-json\/wp\/v2\/article_tags?post=174678"}],"curies":[{"name":"wp","href":"https:\/\/api.w.org\/{rel}","templated":true}]}}