{"id":174664,"date":"2013-01-31T09:40:53","date_gmt":"2013-01-31T09:40:53","guid":{"rendered":"https:\/\/admin.industriall-union.org\/nouvel-accord-mondial-dans-le-groupe-volvo\/"},"modified":"2025-02-08T15:45:17","modified_gmt":"2025-02-08T15:45:17","slug":"nouvel-accord-mondial-dans-le-groupe-volvo","status":"publish","type":"article","link":"https:\/\/admin.industriall-union.org\/fr\/nouvel-accord-mondial-dans-le-groupe-volvo\/","title":{"rendered":"Nouvel accord mondial dans le groupe Volvo"},"content":{"rendered":"<p>Le groupe Volvo a depuis 1994 un accord sur un comit\u00e9 d&#039;entreprise europ\u00e9en. Des r\u00e9unions ont lieu tous les deux ans depuis 2002 avec la pr\u00e9sence de repr\u00e9sentants des usines Volvo situ\u00e9es hors d&#039;Europe. Les r\u00e9unions mondiales sont sujettes \u00e0 n\u00e9gociation pour \u00eatre organis\u00e9es par intervalle sur la base d&#039;une entente informelle entre les syndicats et l&#039;entreprise. La derni\u00e8re r\u00e9union mondiale a eu lieu en novembre 2012 \u00e0 Wroclaw, Pologne.<\/p><p>Le nouvel accord qui entre en vigueur au d\u00e9but de 2013, constitue un grand pas en avant. Il ne s&#039;agit pas d&#039;un accord-cadre mondial, mais il donne aux syndicats le droit de se r\u00e9unir chaque ann\u00e9e sur une base mondiale. La r\u00e9union mondiale aura lieu au printemps europ\u00e9en, et constituera un forum qui traitera de questions syndicales internes et de questions qui concernent l&#039;entreprise. L&#039;une des journ\u00e9es sera r\u00e9serv\u00e9e \u00e0 des consultations et des informations avec la haute direction et sera d\u00e9sign\u00e9e sous le terme de &lsquo;dialogue mondial Volvo&rsquo; (Volvo Global Dialogue &ndash; VGD).&nbsp;<\/p><p>&ldquo;Les syndicats hors de l&#039;Europe ont attendu avec impatience un accord de ce type, et nous sommes tr\u00e8s satisfaits de pouvoir nous rencontrer une fois par an&rdquo; d\u00e9clare Lars Ask, secr\u00e9taire international du comit\u00e9 d&#039;entreprise europ\u00e9en de Volvo, lequel ajoute: &ldquo;Pr\u00e8s de la moiti\u00e9 des salari\u00e9s du groupe Volvo sont employ\u00e9s hors d&#039;Europe, c&#039;est pourquoi il s&#039;agit d\u00e9finitivement d&#039;un pas dans la bonne direction pour l&#039;avenir&rdquo;.<\/p><p>Le comit\u00e9 d&#039;entreprise europ\u00e9en continuera de se r\u00e9unir r\u00e9guli\u00e8rement chaque ann\u00e9e \u00e0 l&#039;automne en Europe.<\/p>","protected":false},"featured_media":0,"template":"","issues":[409],"companies":[],"regions":[],"sectors":[482],"article_tags":[],"class_list":["post-174664","article","type-article","status-publish","hentry","issues-multinational-companies-mncs","sectors-automotive"],"acf":[],"yoast_head":"<!-- This site is optimized with the Yoast SEO Premium plugin v27.1 (Yoast SEO v27.1) - https:\/\/yoast.com\/product\/yoast-seo-premium-wordpress\/ -->\n<title>Nouvel accord mondial dans le groupe Volvo - industriall-union<\/title>\n<meta name=\"description\" content=\"Le groupe Volvo a depuis 1994 un accord sur un comit\u00e9 d&#039;entreprise europ\u00e9en. Des r\u00e9unions ont lieu tous les deux ans depuis 2002 avec la pr\u00e9sence de\" \/>\n<meta name=\"robots\" content=\"index, follow, max-snippet:-1, max-image-preview:large, max-video-preview:-1\" \/>\n<link rel=\"canonical\" href=\"https:\/\/admin.industriall-union.org\/fr\/nouvel-accord-mondial-dans-le-groupe-volvo\/\" \/>\n<meta property=\"og:locale\" content=\"fr_FR\" \/>\n<meta property=\"og:type\" content=\"article\" \/>\n<meta property=\"og:title\" content=\"Nouvel accord mondial dans le groupe Volvo\" \/>\n<meta property=\"og:description\" content=\"Le groupe Volvo a depuis 1994 un accord sur un comit\u00e9 d&#039;entreprise europ\u00e9en. Des r\u00e9unions ont lieu tous les deux ans depuis 2002 avec la pr\u00e9sence de\" \/>\n<meta property=\"og:url\" content=\"https:\/\/admin.industriall-union.org\/fr\/nouvel-accord-mondial-dans-le-groupe-volvo\/\" \/>\n<meta property=\"og:site_name\" content=\"industriall-union\" \/>\n<meta property=\"article:modified_time\" content=\"2025-02-08T15:45:17+00:00\" \/>\n<meta name=\"twitter:card\" content=\"summary_large_image\" \/>\n<meta name=\"twitter:label1\" content=\"Est. reading time\" \/>\n\t<meta name=\"twitter:data1\" content=\"1 minute\" \/>\n<script type=\"application\/ld+json\" class=\"yoast-schema-graph\">{\"@context\":\"https:\/\/schema.org\",\"@graph\":[{\"@type\":\"WebPage\",\"@id\":\"https:\/\/admin.industriall-union.org\/fr\/nouvel-accord-mondial-dans-le-groupe-volvo\/\",\"url\":\"https:\/\/admin.industriall-union.org\/fr\/nouvel-accord-mondial-dans-le-groupe-volvo\/\",\"name\":\"Nouvel accord mondial dans le groupe Volvo - industriall-union\",\"isPartOf\":{\"@id\":\"https:\/\/admin.industriall-union.org\/#website\"},\"datePublished\":\"2013-01-31T09:40:53+00:00\",\"dateModified\":\"2025-02-08T15:45:17+00:00\",\"description\":\"Le groupe Volvo a depuis 1994 un accord sur un comit\u00e9 d&#039;entreprise europ\u00e9en. Des r\u00e9unions ont lieu tous les deux ans depuis 2002 avec la pr\u00e9sence de\",\"breadcrumb\":{\"@id\":\"https:\/\/admin.industriall-union.org\/fr\/nouvel-accord-mondial-dans-le-groupe-volvo\/#breadcrumb\"},\"inLanguage\":\"fr-FR\",\"potentialAction\":[{\"@type\":\"ReadAction\",\"target\":[\"https:\/\/admin.industriall-union.org\/fr\/nouvel-accord-mondial-dans-le-groupe-volvo\/\"]}]},{\"@type\":\"BreadcrumbList\",\"@id\":\"https:\/\/admin.industriall-union.org\/fr\/nouvel-accord-mondial-dans-le-groupe-volvo\/#breadcrumb\",\"itemListElement\":[{\"@type\":\"ListItem\",\"position\":1,\"name\":\"Home\",\"item\":\"https:\/\/admin.industriall-union.org\/\"},{\"@type\":\"ListItem\",\"position\":2,\"name\":\"Articles\",\"item\":\"https:\/\/admin.industriall-union.org\/article\/\"},{\"@type\":\"ListItem\",\"position\":3,\"name\":\"Nouvel accord mondial dans le groupe Volvo\"}]},{\"@type\":\"WebSite\",\"@id\":\"https:\/\/admin.industriall-union.org\/#website\",\"url\":\"https:\/\/admin.industriall-union.org\/\",\"name\":\"industriall-union\",\"description\":\"\",\"potentialAction\":[{\"@type\":\"SearchAction\",\"target\":{\"@type\":\"EntryPoint\",\"urlTemplate\":\"https:\/\/admin.industriall-union.org\/?s={search_term_string}\"},\"query-input\":{\"@type\":\"PropertyValueSpecification\",\"valueRequired\":true,\"valueName\":\"search_term_string\"}}],\"inLanguage\":\"fr-FR\"}]}<\/script>\n<!-- \/ Yoast SEO Premium plugin. -->","yoast_head_json":{"title":"Nouvel accord mondial dans le groupe Volvo - industriall-union","description":"Le groupe Volvo a depuis 1994 un accord sur un comit\u00e9 d&#039;entreprise europ\u00e9en. Des r\u00e9unions ont lieu tous les deux ans depuis 2002 avec la pr\u00e9sence de","robots":{"index":"index","follow":"follow","max-snippet":"max-snippet:-1","max-image-preview":"max-image-preview:large","max-video-preview":"max-video-preview:-1"},"canonical":"https:\/\/admin.industriall-union.org\/fr\/nouvel-accord-mondial-dans-le-groupe-volvo\/","og_locale":"fr_FR","og_type":"article","og_title":"Nouvel accord mondial dans le groupe Volvo","og_description":"Le groupe Volvo a depuis 1994 un accord sur un comit\u00e9 d&#039;entreprise europ\u00e9en. Des r\u00e9unions ont lieu tous les deux ans depuis 2002 avec la pr\u00e9sence de","og_url":"https:\/\/admin.industriall-union.org\/fr\/nouvel-accord-mondial-dans-le-groupe-volvo\/","og_site_name":"industriall-union","article_modified_time":"2025-02-08T15:45:17+00:00","twitter_card":"summary_large_image","twitter_misc":{"Est. reading time":"1 minute"},"schema":{"@context":"https:\/\/schema.org","@graph":[{"@type":"WebPage","@id":"https:\/\/admin.industriall-union.org\/fr\/nouvel-accord-mondial-dans-le-groupe-volvo\/","url":"https:\/\/admin.industriall-union.org\/fr\/nouvel-accord-mondial-dans-le-groupe-volvo\/","name":"Nouvel accord mondial dans le groupe Volvo - industriall-union","isPartOf":{"@id":"https:\/\/admin.industriall-union.org\/#website"},"datePublished":"2013-01-31T09:40:53+00:00","dateModified":"2025-02-08T15:45:17+00:00","description":"Le groupe Volvo a depuis 1994 un accord sur un comit\u00e9 d&#039;entreprise europ\u00e9en. Des r\u00e9unions ont lieu tous les deux ans depuis 2002 avec la pr\u00e9sence de","breadcrumb":{"@id":"https:\/\/admin.industriall-union.org\/fr\/nouvel-accord-mondial-dans-le-groupe-volvo\/#breadcrumb"},"inLanguage":"fr-FR","potentialAction":[{"@type":"ReadAction","target":["https:\/\/admin.industriall-union.org\/fr\/nouvel-accord-mondial-dans-le-groupe-volvo\/"]}]},{"@type":"BreadcrumbList","@id":"https:\/\/admin.industriall-union.org\/fr\/nouvel-accord-mondial-dans-le-groupe-volvo\/#breadcrumb","itemListElement":[{"@type":"ListItem","position":1,"name":"Home","item":"https:\/\/admin.industriall-union.org\/"},{"@type":"ListItem","position":2,"name":"Articles","item":"https:\/\/admin.industriall-union.org\/article\/"},{"@type":"ListItem","position":3,"name":"Nouvel accord mondial dans le groupe Volvo"}]},{"@type":"WebSite","@id":"https:\/\/admin.industriall-union.org\/#website","url":"https:\/\/admin.industriall-union.org\/","name":"industriall-union","description":"","potentialAction":[{"@type":"SearchAction","target":{"@type":"EntryPoint","urlTemplate":"https:\/\/admin.industriall-union.org\/?s={search_term_string}"},"query-input":{"@type":"PropertyValueSpecification","valueRequired":true,"valueName":"search_term_string"}}],"inLanguage":"fr-FR"}]}},"_links":{"self":[{"href":"https:\/\/admin.industriall-union.org\/fr\/wp-json\/wp\/v2\/article\/174664","targetHints":{"allow":["GET"]}}],"collection":[{"href":"https:\/\/admin.industriall-union.org\/fr\/wp-json\/wp\/v2\/article"}],"about":[{"href":"https:\/\/admin.industriall-union.org\/fr\/wp-json\/wp\/v2\/types\/article"}],"wp:attachment":[{"href":"https:\/\/admin.industriall-union.org\/fr\/wp-json\/wp\/v2\/media?parent=174664"}],"wp:term":[{"taxonomy":"issues","embeddable":true,"href":"https:\/\/admin.industriall-union.org\/fr\/wp-json\/wp\/v2\/issues?post=174664"},{"taxonomy":"companies","embeddable":true,"href":"https:\/\/admin.industriall-union.org\/fr\/wp-json\/wp\/v2\/companies?post=174664"},{"taxonomy":"regions","embeddable":true,"href":"https:\/\/admin.industriall-union.org\/fr\/wp-json\/wp\/v2\/regions?post=174664"},{"taxonomy":"sectors","embeddable":true,"href":"https:\/\/admin.industriall-union.org\/fr\/wp-json\/wp\/v2\/sectors?post=174664"},{"taxonomy":"article_tags","embeddable":true,"href":"https:\/\/admin.industriall-union.org\/fr\/wp-json\/wp\/v2\/article_tags?post=174664"}],"curies":[{"name":"wp","href":"https:\/\/api.w.org\/{rel}","templated":true}]}}