{"id":174618,"date":"2013-02-07T13:43:31","date_gmt":"2013-02-07T13:43:31","guid":{"rendered":"https:\/\/admin.industriall-union.org\/les-syndicats-indonesiens-montrent-leur-force-dans-l-unite\/"},"modified":"2025-02-08T15:17:58","modified_gmt":"2025-02-08T15:17:58","slug":"les-syndicats-indonesiens-montrent-leur-force-dans-l-unite","status":"publish","type":"article","link":"https:\/\/admin.industriall-union.org\/fr\/les-syndicats-indonesiens-montrent-leur-force-dans-l-unite\/","title":{"rendered":"Les syndicats indon\u00e9siens montrent leur force dans l\u2019unit\u00e9"},"content":{"rendered":"<p>Rassembl\u00e9s le 7 f\u00e9vrier 2013, les dirigeants ont examin\u00e9 les d\u00e9fis qui leur sont communs, le plan d&#039;action de IndustriALL, et ont pris la d\u00e9cision de cr\u00e9er le Conseil IndustriALL d&#039;Indon\u00e9sie comme plate-forme de coordination des luttes et d&#039;application du nouveau plan des activit\u00e9s de IndustriALL.<\/p><p>La r\u00e9union est le r\u00e9sultat du forum des dirigeants organis\u00e9 en novembre 2012 (<a href=\"http:\/\/www.industriall-union.org\/events\/industriall-indonesia-leadership-forum\">http:\/\/www.industriall-union.org\/events\/industriall-indonesia-leadership-forum<\/a>) o\u00f9 les affili\u00e9s ont approuv\u00e9 les points relatifs \u00e0 la solidarit\u00e9 et \u00e0 une action unifi\u00e9e, comme suit:<\/p><ol><li>Campagne en vue d&rsquo;obtenir des changements dans la s\u00e9curit\u00e9 sociale<\/li><li>Renforcement de la l\u00e9gislation du travail, arr\u00eat des violences antisyndicales et fin de la poursuite au p\u00e9nal des dirigeants syndicaux<\/li><li>R\u00e9duction de la pr\u00e9dominance de l&#039;emploi pr\u00e9caire<\/li><li>Lutte pour l&#039;adoption d&#039;un salaire minimum&nbsp;national<\/li><li>Syndicalisation et n\u00e9gociation collective<\/li><\/ol><p>La r\u00e9union a \u00e9lu un coordonnateur, un coordonnateur adjoint et les 4 membres d&rsquo;un comit\u00e9 de direction, qui se r\u00e9uniront rapidement pour mettre au point le plan d&#039;action et proposer un calendrier.<\/p><p>La r\u00e9union \u00e9tait pr\u00e9sid\u00e9e par Vonny Diananto, responsable r\u00e9gional de IndustriALL, bas\u00e9 en Asie du Sud-Est, et de Fernando Lopes, secr\u00e9taire g\u00e9n\u00e9ral adjoint de IndustriALL, qui a clos la r\u00e9union en affirmant qu&#039;une importante d\u00e9cision avait \u00e9t\u00e9 prise qui contribuera certainement \u00e0 renforcer les syndicats et IndustriALL dans le pays et dans la r\u00e9gion.<\/p><p>La veille de la r\u00e9union, les repr\u00e9sentants de IndustriALL avaient particip\u00e9 \u00e0 un meeting de 50.000 personnes au centre-ville de Jakarta, organis\u00e9 par la f\u00e9d\u00e9ration indon\u00e9sienne des syndicats de m\u00e9tallurgistes (FSPMI). Les travailleurs et travailleuses ont demand\u00e9 des am\u00e9liorations de l&#039;assurance maladie et du syst\u00e8me de retraite, ainsi qu&#039;une augmentation du salaire minimum pour tous les citoyens et citoyennes d&rsquo;Indon\u00e9sie \u00e0 l&rsquo;occasion des c\u00e9l\u00e9brations du 14<sup>\u00e8me<\/sup> anniversaire du FSPMI.<\/p><p>Les membres \u00e9lus du Conseil IndustriALL d&#039;Indon\u00e9sie sont les suivants:<\/p><p>Pr\u00e9sident: Sjaiful DP (Pr\u00e9sident de KEP CITU)<\/p><p>Secr\u00e9taire: Eduard Marpaung (secr\u00e9taire g\u00e9n\u00e9ral de LOMENIK KSBSI)<\/p><p>Composition du comit\u00e9 de direction:<\/p><p>CITU: Suparno, B. (secr\u00e9taire g\u00e9n\u00e9ral de FSPMI)<\/p><p>KSBSI: Elly Silaban (pr\u00e9sident de GARTEKS)<\/p><p>KSN: Pandi Wijaya (chef du d\u00e9partement de la formation de FSP2KI)<\/p><p>KSPSI: Chandra Mahlan (chef du d\u00e9partement de la formation de CEMWU)<\/p>","protected":false},"featured_media":0,"template":"","issues":[420,425],"companies":[],"regions":[167],"sectors":[],"article_tags":[],"class_list":["post-174618","article","type-article","status-publish","hentry","issues-solidarity","issues-workers-rights","regions-indonesia"],"acf":[],"yoast_head":"<!-- This site is optimized with the Yoast SEO Premium plugin v27.1 (Yoast SEO v27.1) - https:\/\/yoast.com\/product\/yoast-seo-premium-wordpress\/ -->\n<title>Les syndicats indon\u00e9siens montrent leur force dans l\u2019unit\u00e9 - industriall-union<\/title>\n<meta name=\"description\" content=\"Rassembl\u00e9s le 7 f\u00e9vrier 2013, les dirigeants ont examin\u00e9 les d\u00e9fis qui leur sont communs, le plan d&#039;action de IndustriALL, et ont pris la d\u00e9cision de\" \/>\n<meta name=\"robots\" content=\"index, follow, max-snippet:-1, max-image-preview:large, max-video-preview:-1\" \/>\n<link rel=\"canonical\" href=\"https:\/\/admin.industriall-union.org\/fr\/les-syndicats-indonesiens-montrent-leur-force-dans-l-unite\/\" \/>\n<meta property=\"og:locale\" content=\"fr_FR\" \/>\n<meta property=\"og:type\" content=\"article\" \/>\n<meta property=\"og:title\" content=\"Les syndicats indon\u00e9siens montrent leur force dans l\u2019unit\u00e9\" \/>\n<meta property=\"og:description\" content=\"Rassembl\u00e9s le 7 f\u00e9vrier 2013, les dirigeants ont examin\u00e9 les d\u00e9fis qui leur sont communs, le plan d&#039;action de IndustriALL, et ont pris la d\u00e9cision de\" \/>\n<meta property=\"og:url\" content=\"https:\/\/admin.industriall-union.org\/fr\/les-syndicats-indonesiens-montrent-leur-force-dans-l-unite\/\" \/>\n<meta property=\"og:site_name\" content=\"industriall-union\" \/>\n<meta property=\"article:modified_time\" content=\"2025-02-08T15:17:58+00:00\" \/>\n<meta name=\"twitter:card\" content=\"summary_large_image\" \/>\n<meta name=\"twitter:label1\" content=\"Est. reading time\" \/>\n\t<meta name=\"twitter:data1\" content=\"2 minutes\" \/>\n<script type=\"application\/ld+json\" class=\"yoast-schema-graph\">{\"@context\":\"https:\/\/schema.org\",\"@graph\":[{\"@type\":\"WebPage\",\"@id\":\"https:\/\/admin.industriall-union.org\/fr\/les-syndicats-indonesiens-montrent-leur-force-dans-l-unite\/\",\"url\":\"https:\/\/admin.industriall-union.org\/fr\/les-syndicats-indonesiens-montrent-leur-force-dans-l-unite\/\",\"name\":\"Les syndicats indon\u00e9siens montrent leur force dans l\u2019unit\u00e9 - industriall-union\",\"isPartOf\":{\"@id\":\"https:\/\/admin.industriall-union.org\/#website\"},\"datePublished\":\"2013-02-07T13:43:31+00:00\",\"dateModified\":\"2025-02-08T15:17:58+00:00\",\"description\":\"Rassembl\u00e9s le 7 f\u00e9vrier 2013, les dirigeants ont examin\u00e9 les d\u00e9fis qui leur sont communs, le plan d&#039;action de IndustriALL, et ont pris la d\u00e9cision de\",\"breadcrumb\":{\"@id\":\"https:\/\/admin.industriall-union.org\/fr\/les-syndicats-indonesiens-montrent-leur-force-dans-l-unite\/#breadcrumb\"},\"inLanguage\":\"fr-FR\",\"potentialAction\":[{\"@type\":\"ReadAction\",\"target\":[\"https:\/\/admin.industriall-union.org\/fr\/les-syndicats-indonesiens-montrent-leur-force-dans-l-unite\/\"]}]},{\"@type\":\"BreadcrumbList\",\"@id\":\"https:\/\/admin.industriall-union.org\/fr\/les-syndicats-indonesiens-montrent-leur-force-dans-l-unite\/#breadcrumb\",\"itemListElement\":[{\"@type\":\"ListItem\",\"position\":1,\"name\":\"Home\",\"item\":\"https:\/\/admin.industriall-union.org\/\"},{\"@type\":\"ListItem\",\"position\":2,\"name\":\"Articles\",\"item\":\"https:\/\/admin.industriall-union.org\/article\/\"},{\"@type\":\"ListItem\",\"position\":3,\"name\":\"Les syndicats indon\u00e9siens montrent leur force dans l\u2019unit\u00e9\"}]},{\"@type\":\"WebSite\",\"@id\":\"https:\/\/admin.industriall-union.org\/#website\",\"url\":\"https:\/\/admin.industriall-union.org\/\",\"name\":\"industriall-union\",\"description\":\"\",\"potentialAction\":[{\"@type\":\"SearchAction\",\"target\":{\"@type\":\"EntryPoint\",\"urlTemplate\":\"https:\/\/admin.industriall-union.org\/?s={search_term_string}\"},\"query-input\":{\"@type\":\"PropertyValueSpecification\",\"valueRequired\":true,\"valueName\":\"search_term_string\"}}],\"inLanguage\":\"fr-FR\"}]}<\/script>\n<!-- \/ Yoast SEO Premium plugin. -->","yoast_head_json":{"title":"Les syndicats indon\u00e9siens montrent leur force dans l\u2019unit\u00e9 - industriall-union","description":"Rassembl\u00e9s le 7 f\u00e9vrier 2013, les dirigeants ont examin\u00e9 les d\u00e9fis qui leur sont communs, le plan d&#039;action de IndustriALL, et ont pris la d\u00e9cision de","robots":{"index":"index","follow":"follow","max-snippet":"max-snippet:-1","max-image-preview":"max-image-preview:large","max-video-preview":"max-video-preview:-1"},"canonical":"https:\/\/admin.industriall-union.org\/fr\/les-syndicats-indonesiens-montrent-leur-force-dans-l-unite\/","og_locale":"fr_FR","og_type":"article","og_title":"Les syndicats indon\u00e9siens montrent leur force dans l\u2019unit\u00e9","og_description":"Rassembl\u00e9s le 7 f\u00e9vrier 2013, les dirigeants ont examin\u00e9 les d\u00e9fis qui leur sont communs, le plan d&#039;action de IndustriALL, et ont pris la d\u00e9cision de","og_url":"https:\/\/admin.industriall-union.org\/fr\/les-syndicats-indonesiens-montrent-leur-force-dans-l-unite\/","og_site_name":"industriall-union","article_modified_time":"2025-02-08T15:17:58+00:00","twitter_card":"summary_large_image","twitter_misc":{"Est. reading time":"2 minutes"},"schema":{"@context":"https:\/\/schema.org","@graph":[{"@type":"WebPage","@id":"https:\/\/admin.industriall-union.org\/fr\/les-syndicats-indonesiens-montrent-leur-force-dans-l-unite\/","url":"https:\/\/admin.industriall-union.org\/fr\/les-syndicats-indonesiens-montrent-leur-force-dans-l-unite\/","name":"Les syndicats indon\u00e9siens montrent leur force dans l\u2019unit\u00e9 - industriall-union","isPartOf":{"@id":"https:\/\/admin.industriall-union.org\/#website"},"datePublished":"2013-02-07T13:43:31+00:00","dateModified":"2025-02-08T15:17:58+00:00","description":"Rassembl\u00e9s le 7 f\u00e9vrier 2013, les dirigeants ont examin\u00e9 les d\u00e9fis qui leur sont communs, le plan d&#039;action de IndustriALL, et ont pris la d\u00e9cision de","breadcrumb":{"@id":"https:\/\/admin.industriall-union.org\/fr\/les-syndicats-indonesiens-montrent-leur-force-dans-l-unite\/#breadcrumb"},"inLanguage":"fr-FR","potentialAction":[{"@type":"ReadAction","target":["https:\/\/admin.industriall-union.org\/fr\/les-syndicats-indonesiens-montrent-leur-force-dans-l-unite\/"]}]},{"@type":"BreadcrumbList","@id":"https:\/\/admin.industriall-union.org\/fr\/les-syndicats-indonesiens-montrent-leur-force-dans-l-unite\/#breadcrumb","itemListElement":[{"@type":"ListItem","position":1,"name":"Home","item":"https:\/\/admin.industriall-union.org\/"},{"@type":"ListItem","position":2,"name":"Articles","item":"https:\/\/admin.industriall-union.org\/article\/"},{"@type":"ListItem","position":3,"name":"Les syndicats indon\u00e9siens montrent leur force dans l\u2019unit\u00e9"}]},{"@type":"WebSite","@id":"https:\/\/admin.industriall-union.org\/#website","url":"https:\/\/admin.industriall-union.org\/","name":"industriall-union","description":"","potentialAction":[{"@type":"SearchAction","target":{"@type":"EntryPoint","urlTemplate":"https:\/\/admin.industriall-union.org\/?s={search_term_string}"},"query-input":{"@type":"PropertyValueSpecification","valueRequired":true,"valueName":"search_term_string"}}],"inLanguage":"fr-FR"}]}},"_links":{"self":[{"href":"https:\/\/admin.industriall-union.org\/fr\/wp-json\/wp\/v2\/article\/174618","targetHints":{"allow":["GET"]}}],"collection":[{"href":"https:\/\/admin.industriall-union.org\/fr\/wp-json\/wp\/v2\/article"}],"about":[{"href":"https:\/\/admin.industriall-union.org\/fr\/wp-json\/wp\/v2\/types\/article"}],"wp:attachment":[{"href":"https:\/\/admin.industriall-union.org\/fr\/wp-json\/wp\/v2\/media?parent=174618"}],"wp:term":[{"taxonomy":"issues","embeddable":true,"href":"https:\/\/admin.industriall-union.org\/fr\/wp-json\/wp\/v2\/issues?post=174618"},{"taxonomy":"companies","embeddable":true,"href":"https:\/\/admin.industriall-union.org\/fr\/wp-json\/wp\/v2\/companies?post=174618"},{"taxonomy":"regions","embeddable":true,"href":"https:\/\/admin.industriall-union.org\/fr\/wp-json\/wp\/v2\/regions?post=174618"},{"taxonomy":"sectors","embeddable":true,"href":"https:\/\/admin.industriall-union.org\/fr\/wp-json\/wp\/v2\/sectors?post=174618"},{"taxonomy":"article_tags","embeddable":true,"href":"https:\/\/admin.industriall-union.org\/fr\/wp-json\/wp\/v2\/article_tags?post=174618"}],"curies":[{"name":"wp","href":"https:\/\/api.w.org\/{rel}","templated":true}]}}