{"id":174533,"date":"2013-02-14T19:54:38","date_gmt":"2013-02-14T19:54:38","guid":{"rendered":"https:\/\/admin.industriall-union.org\/les-journees-d-action-pour-le-mexique-demarrent-en-force\/"},"modified":"2025-02-08T14:53:49","modified_gmt":"2025-02-08T14:53:49","slug":"les-journees-d-action-pour-le-mexique-demarrent-en-force","status":"publish","type":"article","link":"https:\/\/admin.industriall-union.org\/fr\/les-journees-d-action-pour-le-mexique-demarrent-en-force\/","title":{"rendered":"Les Journ\u00e9es d\u2019action pour le Mexique d\u00e9marrent en force"},"content":{"rendered":"<p>IndustriALL Global Union a entam\u00e9 le 11 f\u00e9vrier avec LabourStart le lancement de la campagne sur le th\u00e8me <a href=\"http:\/\/www.labourstartcampaigns.net\/show_campaign.cgi?c=1727\">les travailleurs de PKC&nbsp;choisissent leur propre syndicat<\/a> en avant-premi\u00e8re de la semaine d&#039;action. Pr\u00e8s de 7.000 courriels ont d\u00e9j\u00e0 \u00e9t\u00e9 envoy\u00e9s au directeur g\u00e9n\u00e9ral de PKC en Finlande pour exiger la r\u00e9int\u00e9gration des dirigeants de Los Mineros qui ont \u00e9t\u00e9 mis \u00e0 pied, et le r\u00e9tablissement des droits syndicaux dans les usines PKC \u00e0 Ciudad Acu\u00f1a, Mexique. Vous pouvez envoyer votre message \u00e0 partir d&#039;ici:<\/p><p><a href=\"http:\/\/www.labourstartcampaigns.net\/show_campaign.cgi?c=1727\">http:\/\/www.labourstartcampaigns.net\/show_campaign.cgi?c=1727<\/a><\/p><p>PKC a mis \u00e0 pied plus de 100 activistes syndicaux, notamment tous les membres du comit\u00e9 syndical en d\u00e9cembre 2012 pour avoir fait campagne pour l&#039;\u00e9lection d&#039;un syndicat ind\u00e9pendant, le syndicat national des mineurs et des m\u00e9tallurgistes (connu sous le nom de &sup3;Los Mineros&sup2;) dans ses usines \u00e0 Ciudad Acu\u00f1a,&nbsp;Mexique. Dix dirigeant(e)s syndicaux\/ales licenci\u00e9s ont refus\u00e9 leur indemnit\u00e9 de licenciement et <a href=\"http:\/\/www.industriall-union.org\/fr\/greve-de-la-faim-chez-pkc-au-mexique\">se battent pour obtenir leur r\u00e9int\u00e9gration<\/a>&nbsp;avec un autre dirigeant licenci\u00e9 en avril 2012, et le droit d&#039;\u00eatre repr\u00e9sent\u00e9s par un syndicat \u00e9lu d\u00e9mocratiquement dans l&#039;usine.<\/p><p>Pendant ce temps, le syndicat mexicain des \u00e9lectriciens (SME) c\u00e9l\u00e8bre une grande victoire politique apr\u00e8s la r\u00e9ouverture des n\u00e9gociations avec le gouvernement,&nbsp;le 13 f\u00e9vrier 2013, et la sortie de prison de 9 des 10 membres d\u00e9tenus depuis plus d&#039;un an et 10 mois. La lib\u00e9ration de Jorge Ulises Uribe&nbsp;doit encore \u00eatre obtenue.<\/p><p>Le syndicat cherche \u00e0 obtenir le retour \u00e0 l&#039;emploi des 16.599 travailleurs et travailleuses de Luz y Fuerza del Centro&nbsp;(LyFC) qui n&#039;ont pas accept\u00e9 un r\u00e8glement depuis leur mise \u00e0 pied le 10 octobre 2009. Pour tenter d&#039;\u00e9craser le SME qui est le plus ancien syndicat d\u00e9mocratique au Mexique, le pr\u00e9sident sortant, Felipe Calder\u00f3n, avait sign\u00e9 un d\u00e9cret-loi pour fermer l&#039;entreprise d&#039;int\u00e9r\u00eat collectif dans la nuit m\u00eame, en mettant \u00e0 pied les 44.000 membres de son personnel. Depuis lors, le&nbsp;SME s&rsquo;est battu pour que ces travailleurs et travailleuses retrouvent leurs emplois.<\/p><p>Martin Esparza, secr\u00e9taire g\u00e9n\u00e9ral du SME, a expliqu\u00e9 que la discussion s&rsquo;engagera le 20 f\u00e9vrier entre le syndicat et des responsables du gouvernement qui se r\u00e9uniront pour trouver une solution aux revendications. &quot;Le conflit est avant tout politique et doit \u00eatre r\u00e9solu ici avec le gouvernement; nous comprenons que cela ne peut pas \u00eatre r\u00e9solu par des moyens juridiques, mais par une d\u00e9cision politique &#8230; Il s&#039;agit d&#039;un conflit social que le gouvernement est tenu de r\u00e9soudre, il n&#039;y a pas d&#039;alternative, et le jugement de la cour supr\u00eame (du 30 janvier) ne r\u00e9sout pas le conflit. C&#039;est tr\u00e8s clair et les responsables le comprennent&quot;,&nbsp; a d\u00e9clar\u00e9 Martin Esparza apr\u00e8s une r\u00e9union avec le directeur d\u00e9l\u00e9gu\u00e9 par le gouvernement.<\/p><p>IndustriALL Global Union se r\u00e9jouit de la mise en libert\u00e9 des personnes incarc\u00e9r\u00e9es et de la reprise des n\u00e9gociations.<\/p><p>&quot;Au cours de ce mois de f\u00e9vrier, nous devons faire appel \u00e0 la solidarit\u00e9 internationale pour faire r\u00e9ellement avancer les choses et obtenir une am\u00e9lioration de la situation des travailleurs et travailleuses au Mexique confront\u00e9s chaque jour \u00e0 des infractions \u00e0 leurs droits&quot;, a d\u00e9clar\u00e9 Jyrki Raina, secr\u00e9taire g\u00e9n\u00e9ral de IndustriALL.<\/p><p>Cliquez sur <a href=\"http:\/\/www.industriall-union.org\/fr\/themes\/solidarite\/campagne-mexique\">www.industriall-union.org\/mexico-campaign<\/a>&nbsp;pour obtenir davantage de renseignements et du mat\u00e9riel de campagne pour les Journ\u00e9es d&#039;action pour le Mexique&nbsp;du 18 au&nbsp;24 f\u00e9vrier 2013.<\/p>","protected":false},"featured_media":0,"template":"","issues":[421],"companies":[],"regions":[275],"sectors":[482,483],"article_tags":[],"class_list":["post-174533","article","type-article","status-publish","hentry","issues-mexico-campaign","regions-mexico","sectors-automotive","sectors-energy-oil-gas-electricity-and-nuclear"],"acf":[],"yoast_head":"<!-- This site is optimized with the Yoast SEO Premium plugin v27.1 (Yoast SEO v27.1) - https:\/\/yoast.com\/product\/yoast-seo-premium-wordpress\/ -->\n<title>Les Journ\u00e9es d\u2019action pour le Mexique d\u00e9marrent en force - industriall-union<\/title>\n<meta name=\"description\" content=\"IndustriALL Global Union a entam\u00e9 le 11 f\u00e9vrier avec LabourStart le lancement de la campagne sur le th\u00e8me les travailleurs de PKC&nbsp;choisissent leur\" \/>\n<meta name=\"robots\" content=\"index, follow, max-snippet:-1, max-image-preview:large, max-video-preview:-1\" \/>\n<link rel=\"canonical\" href=\"https:\/\/admin.industriall-union.org\/fr\/les-journees-d-action-pour-le-mexique-demarrent-en-force\/\" \/>\n<meta property=\"og:locale\" content=\"fr_FR\" \/>\n<meta property=\"og:type\" content=\"article\" \/>\n<meta property=\"og:title\" content=\"Les Journ\u00e9es d\u2019action pour le Mexique d\u00e9marrent en force\" \/>\n<meta property=\"og:description\" content=\"IndustriALL Global Union a entam\u00e9 le 11 f\u00e9vrier avec LabourStart le lancement de la campagne sur le th\u00e8me les travailleurs de PKC&nbsp;choisissent leur\" \/>\n<meta property=\"og:url\" content=\"https:\/\/admin.industriall-union.org\/fr\/les-journees-d-action-pour-le-mexique-demarrent-en-force\/\" \/>\n<meta property=\"og:site_name\" content=\"industriall-union\" \/>\n<meta property=\"article:modified_time\" content=\"2025-02-08T14:53:49+00:00\" \/>\n<meta name=\"twitter:card\" content=\"summary_large_image\" \/>\n<meta name=\"twitter:label1\" content=\"Est. reading time\" \/>\n\t<meta name=\"twitter:data1\" content=\"3 minutes\" \/>\n<script type=\"application\/ld+json\" class=\"yoast-schema-graph\">{\"@context\":\"https:\/\/schema.org\",\"@graph\":[{\"@type\":\"WebPage\",\"@id\":\"https:\/\/admin.industriall-union.org\/fr\/les-journees-d-action-pour-le-mexique-demarrent-en-force\/\",\"url\":\"https:\/\/admin.industriall-union.org\/fr\/les-journees-d-action-pour-le-mexique-demarrent-en-force\/\",\"name\":\"Les Journ\u00e9es d\u2019action pour le Mexique d\u00e9marrent en force - industriall-union\",\"isPartOf\":{\"@id\":\"https:\/\/admin.industriall-union.org\/ru\/#website\"},\"datePublished\":\"2013-02-14T19:54:38+00:00\",\"dateModified\":\"2025-02-08T14:53:49+00:00\",\"description\":\"IndustriALL Global Union a entam\u00e9 le 11 f\u00e9vrier avec LabourStart le lancement de la campagne sur le th\u00e8me les travailleurs de PKC&nbsp;choisissent leur\",\"breadcrumb\":{\"@id\":\"https:\/\/admin.industriall-union.org\/fr\/les-journees-d-action-pour-le-mexique-demarrent-en-force\/#breadcrumb\"},\"inLanguage\":\"fr-FR\",\"potentialAction\":[{\"@type\":\"ReadAction\",\"target\":[\"https:\/\/admin.industriall-union.org\/fr\/les-journees-d-action-pour-le-mexique-demarrent-en-force\/\"]}]},{\"@type\":\"BreadcrumbList\",\"@id\":\"https:\/\/admin.industriall-union.org\/fr\/les-journees-d-action-pour-le-mexique-demarrent-en-force\/#breadcrumb\",\"itemListElement\":[{\"@type\":\"ListItem\",\"position\":1,\"name\":\"Home\",\"item\":\"https:\/\/admin.industriall-union.org\/ru\/\"},{\"@type\":\"ListItem\",\"position\":2,\"name\":\"Articles\",\"item\":\"https:\/\/admin.industriall-union.org\/ru\/article\/\"},{\"@type\":\"ListItem\",\"position\":3,\"name\":\"Les Journ\u00e9es d\u2019action pour le Mexique d\u00e9marrent en force\"}]},{\"@type\":\"WebSite\",\"@id\":\"https:\/\/admin.industriall-union.org\/ru\/#website\",\"url\":\"https:\/\/admin.industriall-union.org\/ru\/\",\"name\":\"industriall-union\",\"description\":\"\",\"potentialAction\":[{\"@type\":\"SearchAction\",\"target\":{\"@type\":\"EntryPoint\",\"urlTemplate\":\"https:\/\/admin.industriall-union.org\/ru\/?s={search_term_string}\"},\"query-input\":{\"@type\":\"PropertyValueSpecification\",\"valueRequired\":true,\"valueName\":\"search_term_string\"}}],\"inLanguage\":\"fr-FR\"}]}<\/script>\n<!-- \/ Yoast SEO Premium plugin. -->","yoast_head_json":{"title":"Les Journ\u00e9es d\u2019action pour le Mexique d\u00e9marrent en force - industriall-union","description":"IndustriALL Global Union a entam\u00e9 le 11 f\u00e9vrier avec LabourStart le lancement de la campagne sur le th\u00e8me les travailleurs de PKC&nbsp;choisissent leur","robots":{"index":"index","follow":"follow","max-snippet":"max-snippet:-1","max-image-preview":"max-image-preview:large","max-video-preview":"max-video-preview:-1"},"canonical":"https:\/\/admin.industriall-union.org\/fr\/les-journees-d-action-pour-le-mexique-demarrent-en-force\/","og_locale":"fr_FR","og_type":"article","og_title":"Les Journ\u00e9es d\u2019action pour le Mexique d\u00e9marrent en force","og_description":"IndustriALL Global Union a entam\u00e9 le 11 f\u00e9vrier avec LabourStart le lancement de la campagne sur le th\u00e8me les travailleurs de PKC&nbsp;choisissent leur","og_url":"https:\/\/admin.industriall-union.org\/fr\/les-journees-d-action-pour-le-mexique-demarrent-en-force\/","og_site_name":"industriall-union","article_modified_time":"2025-02-08T14:53:49+00:00","twitter_card":"summary_large_image","twitter_misc":{"Est. reading time":"3 minutes"},"schema":{"@context":"https:\/\/schema.org","@graph":[{"@type":"WebPage","@id":"https:\/\/admin.industriall-union.org\/fr\/les-journees-d-action-pour-le-mexique-demarrent-en-force\/","url":"https:\/\/admin.industriall-union.org\/fr\/les-journees-d-action-pour-le-mexique-demarrent-en-force\/","name":"Les Journ\u00e9es d\u2019action pour le Mexique d\u00e9marrent en force - industriall-union","isPartOf":{"@id":"https:\/\/admin.industriall-union.org\/ru\/#website"},"datePublished":"2013-02-14T19:54:38+00:00","dateModified":"2025-02-08T14:53:49+00:00","description":"IndustriALL Global Union a entam\u00e9 le 11 f\u00e9vrier avec LabourStart le lancement de la campagne sur le th\u00e8me les travailleurs de PKC&nbsp;choisissent leur","breadcrumb":{"@id":"https:\/\/admin.industriall-union.org\/fr\/les-journees-d-action-pour-le-mexique-demarrent-en-force\/#breadcrumb"},"inLanguage":"fr-FR","potentialAction":[{"@type":"ReadAction","target":["https:\/\/admin.industriall-union.org\/fr\/les-journees-d-action-pour-le-mexique-demarrent-en-force\/"]}]},{"@type":"BreadcrumbList","@id":"https:\/\/admin.industriall-union.org\/fr\/les-journees-d-action-pour-le-mexique-demarrent-en-force\/#breadcrumb","itemListElement":[{"@type":"ListItem","position":1,"name":"Home","item":"https:\/\/admin.industriall-union.org\/ru\/"},{"@type":"ListItem","position":2,"name":"Articles","item":"https:\/\/admin.industriall-union.org\/ru\/article\/"},{"@type":"ListItem","position":3,"name":"Les Journ\u00e9es d\u2019action pour le Mexique d\u00e9marrent en force"}]},{"@type":"WebSite","@id":"https:\/\/admin.industriall-union.org\/ru\/#website","url":"https:\/\/admin.industriall-union.org\/ru\/","name":"industriall-union","description":"","potentialAction":[{"@type":"SearchAction","target":{"@type":"EntryPoint","urlTemplate":"https:\/\/admin.industriall-union.org\/ru\/?s={search_term_string}"},"query-input":{"@type":"PropertyValueSpecification","valueRequired":true,"valueName":"search_term_string"}}],"inLanguage":"fr-FR"}]}},"_links":{"self":[{"href":"https:\/\/admin.industriall-union.org\/fr\/wp-json\/wp\/v2\/article\/174533","targetHints":{"allow":["GET"]}}],"collection":[{"href":"https:\/\/admin.industriall-union.org\/fr\/wp-json\/wp\/v2\/article"}],"about":[{"href":"https:\/\/admin.industriall-union.org\/fr\/wp-json\/wp\/v2\/types\/article"}],"wp:attachment":[{"href":"https:\/\/admin.industriall-union.org\/fr\/wp-json\/wp\/v2\/media?parent=174533"}],"wp:term":[{"taxonomy":"issues","embeddable":true,"href":"https:\/\/admin.industriall-union.org\/fr\/wp-json\/wp\/v2\/issues?post=174533"},{"taxonomy":"companies","embeddable":true,"href":"https:\/\/admin.industriall-union.org\/fr\/wp-json\/wp\/v2\/companies?post=174533"},{"taxonomy":"regions","embeddable":true,"href":"https:\/\/admin.industriall-union.org\/fr\/wp-json\/wp\/v2\/regions?post=174533"},{"taxonomy":"sectors","embeddable":true,"href":"https:\/\/admin.industriall-union.org\/fr\/wp-json\/wp\/v2\/sectors?post=174533"},{"taxonomy":"article_tags","embeddable":true,"href":"https:\/\/admin.industriall-union.org\/fr\/wp-json\/wp\/v2\/article_tags?post=174533"}],"curies":[{"name":"wp","href":"https:\/\/api.w.org\/{rel}","templated":true}]}}