{"id":174530,"date":"2013-02-18T13:25:24","date_gmt":"2013-02-18T13:25:24","guid":{"rendered":"https:\/\/admin.industriall-union.org\/agir-en-solidarite-avec-les-travailleurs-mexicains-de-bata\/"},"modified":"2025-02-08T14:53:13","modified_gmt":"2025-02-08T14:53:13","slug":"agir-en-solidarite-avec-les-travailleurs-mexicains-de-bata","status":"publish","type":"article","link":"https:\/\/admin.industriall-union.org\/fr\/agir-en-solidarite-avec-les-travailleurs-mexicains-de-bata\/","title":{"rendered":"Agir en solidarit\u00e9 avec les travailleurs mexicains de Bata"},"content":{"rendered":"<p>Sindicato \u00danico de Trabajadores de Calzado Sandak maintient fermement sa position. Il demande la r\u00e9ouverture de l&#039;usine et il a assur\u00e9 au cours des dix-huit derniers mois une surveillance de jour et de nuit devant l&rsquo;usine,&nbsp;une usine Bata situ\u00e9e \u00e0 Tlaxcala dans l&#039;est du Mexique,&nbsp;pour emp\u00eacher le d\u00e9m\u00e9nagement des machines. Malgr\u00e9 les terribles \u00e9preuves auxquelles ils sont confront\u00e9s, ces membres courageux du syndicat sont r\u00e9solus \u00e0 poursuivre la lutte. Envoyez-leur des messages de solidarit\u00e9 du monde entier et faites-leur savoir qu&#039;ils ne sont pas seuls dans cette lutte.<\/p><p>Les probl\u00e8mes chez Calzado Sandak ont commenc\u00e9 en d\u00e9cembre 2010 avec une d\u00e9cision qui, \u00e0 premi\u00e8re vue, semblait \u00eatre une bonne nouvelle: l&#039;entreprise pr\u00e9voyait d&#039;engager des n\u00e9gociations sur les salaires et les taux de paiement \u00e0 la pi\u00e8ce sans attendre l&#039;expiration de la convention collective. &nbsp;Mais quand l&#039;entreprise a ensuite lockout\u00e9 la moiti\u00e9 de sa main-d&#039;\u0153uvre et forc\u00e9 des travailleurs et travailleuses \u00e0 donner leur d\u00e9mission pour pouvoir r\u00e9cup\u00e9rer les salaires impay\u00e9s, les gens ont compris que les augmentations salariales avaient \u00e9t\u00e9 une tentative de justification de r\u00e9duction de l&#039;activit\u00e9 face \u00e0 l&#039;augmentation des co\u00fbts salariaux.<\/p><p>En juillet 2011, deux semaines seulement apr\u00e8s avoir sign\u00e9 un accord avec le syndicat sur la s\u00e9curit\u00e9 de l&#039;emploi, l&#039;entreprise a lockout\u00e9 le reste de la main-d&#039;\u0153uvre, en laissant deux semaines de salaire impay\u00e9 et en offrant \u00e0 la main-d&#039;\u0153uvre le choix de travailler \u00e0 domicile ou d&#039;accepter une indemnit\u00e9 de licenciement. Les chaussures Bata sont maintenant produites \u00e0 domicile ou dans de petits ateliers o\u00f9 les conditions sont inf\u00e9rieures \u00e0 la normale, notamment par le travail d&rsquo;enfants.<\/p><p>L&#039;entreprise a choisi d&#039;ignorer la loi, qui imposait d&#039;obtenir avant tout l&rsquo;approbation des services de main-d&#039;\u0153uvre sur la base d&#039;un examen du rendement de l&#039;entreprise et apr\u00e8s avoir d\u00e9termin\u00e9 si la fermeture \u00e9tait justifi\u00e9e.<\/p><p>Les membres du syndicat continuent d&#039;exiger avec fermet\u00e9 la r\u00e9ouverture de l&#039;usine. Beaucoup sont malades pour avoir utilis\u00e9 pendant des ann\u00e9es des produits toxiques sans aucune protection, et sans pouvoir b\u00e9n\u00e9ficier des soins m\u00e9dicaux indispensables du fait que l&#039;entreprise a mis fin \u00e0 leur s\u00e9curit\u00e9 sociale.<\/p><p>Cette situation a eu des cons\u00e9quences tragiques. En ao\u00fbt, l&#039;une des gr\u00e9vistes, Mar\u00eda Luisa Hern\u00e1ndez Moreno, qui \u00e9tait diab\u00e9tique, a \u00e9t\u00e9 frapp\u00e9e violemment par un garde charg\u00e9 de la s\u00e9curit\u00e9. Elle ne s&#039;en est jamais remise, et en l&#039;absence des soins m\u00e9dicaux indispensables, sa sant\u00e9 s&#039;est d\u00e9t\u00e9rior\u00e9e. Elle est morte six semaines plus tard. &nbsp;<\/p><p>Le syndicat exige la r\u00e9ouverture de Calzado Sendak, une n\u00e9gociation de bonne foi avec le syndicat et la contribution de l&rsquo;entreprise \u00e0 la s\u00e9curit\u00e9 sociale jusqu&rsquo;\u00e0 obtenir ce r\u00e9sultat. IndustriALL Global Union soutient totalement ces revendications.<\/p><p>Bata est \u00e9galement accus\u00e9 de graves infractions aux droits syndicaux de ses salari\u00e9s en Malaisie, au Kenya et en Afrique du Sud.<\/p><p>Envoyez votre message de solidarit\u00e9 aux travailleurs et travailleuses par courriel \u00e0 partir de cette page Web ou affichez un message vid\u00e9o de soutien sur youtube. Contactez <a href=\"mailto:press@industriall-union.org\">press@industriall-union.org<\/a> pour tout renseignement compl\u00e9mentaire.<\/p>","protected":false},"featured_media":0,"template":"","issues":[406,421,420,424,425],"companies":[],"regions":[275],"sectors":[467],"article_tags":[],"class_list":["post-174530","article","type-article","status-publish","hentry","issues-confronting-global-capital","issues-mexico-campaign","issues-solidarity","issues-violation","issues-workers-rights","regions-mexico","sectors-shoes-industry"],"acf":[],"yoast_head":"<!-- This site is optimized with the Yoast SEO Premium plugin v27.1 (Yoast SEO v27.1) - https:\/\/yoast.com\/product\/yoast-seo-premium-wordpress\/ -->\n<title>Agir en solidarit\u00e9 avec les travailleurs mexicains de Bata - industriall-union<\/title>\n<meta name=\"description\" content=\"Sindicato \u00danico de Trabajadores de Calzado Sandak maintient fermement sa position. Il demande la r\u00e9ouverture de l&#039;usine et il a assur\u00e9 au cours des\" \/>\n<meta name=\"robots\" content=\"index, follow, max-snippet:-1, max-image-preview:large, max-video-preview:-1\" \/>\n<link rel=\"canonical\" href=\"https:\/\/admin.industriall-union.org\/fr\/agir-en-solidarite-avec-les-travailleurs-mexicains-de-bata\/\" \/>\n<meta property=\"og:locale\" content=\"fr_FR\" \/>\n<meta property=\"og:type\" content=\"article\" \/>\n<meta property=\"og:title\" content=\"Agir en solidarit\u00e9 avec les travailleurs mexicains de Bata\" \/>\n<meta property=\"og:description\" content=\"Sindicato \u00danico de Trabajadores de Calzado Sandak maintient fermement sa position. Il demande la r\u00e9ouverture de l&#039;usine et il a assur\u00e9 au cours des\" \/>\n<meta property=\"og:url\" content=\"https:\/\/admin.industriall-union.org\/fr\/agir-en-solidarite-avec-les-travailleurs-mexicains-de-bata\/\" \/>\n<meta property=\"og:site_name\" content=\"industriall-union\" \/>\n<meta property=\"article:modified_time\" content=\"2025-02-08T14:53:13+00:00\" \/>\n<meta name=\"twitter:card\" content=\"summary_large_image\" \/>\n<meta name=\"twitter:label1\" content=\"Est. reading time\" \/>\n\t<meta name=\"twitter:data1\" content=\"3 minutes\" \/>\n<script type=\"application\/ld+json\" class=\"yoast-schema-graph\">{\"@context\":\"https:\/\/schema.org\",\"@graph\":[{\"@type\":\"WebPage\",\"@id\":\"https:\/\/admin.industriall-union.org\/fr\/agir-en-solidarite-avec-les-travailleurs-mexicains-de-bata\/\",\"url\":\"https:\/\/admin.industriall-union.org\/fr\/agir-en-solidarite-avec-les-travailleurs-mexicains-de-bata\/\",\"name\":\"Agir en solidarit\u00e9 avec les travailleurs mexicains de Bata - industriall-union\",\"isPartOf\":{\"@id\":\"https:\/\/admin.industriall-union.org\/#website\"},\"datePublished\":\"2013-02-18T13:25:24+00:00\",\"dateModified\":\"2025-02-08T14:53:13+00:00\",\"description\":\"Sindicato \u00danico de Trabajadores de Calzado Sandak maintient fermement sa position. Il demande la r\u00e9ouverture de l&#039;usine et il a assur\u00e9 au cours des\",\"breadcrumb\":{\"@id\":\"https:\/\/admin.industriall-union.org\/fr\/agir-en-solidarite-avec-les-travailleurs-mexicains-de-bata\/#breadcrumb\"},\"inLanguage\":\"fr-FR\",\"potentialAction\":[{\"@type\":\"ReadAction\",\"target\":[\"https:\/\/admin.industriall-union.org\/fr\/agir-en-solidarite-avec-les-travailleurs-mexicains-de-bata\/\"]}]},{\"@type\":\"BreadcrumbList\",\"@id\":\"https:\/\/admin.industriall-union.org\/fr\/agir-en-solidarite-avec-les-travailleurs-mexicains-de-bata\/#breadcrumb\",\"itemListElement\":[{\"@type\":\"ListItem\",\"position\":1,\"name\":\"Home\",\"item\":\"https:\/\/admin.industriall-union.org\/\"},{\"@type\":\"ListItem\",\"position\":2,\"name\":\"Articles\",\"item\":\"https:\/\/admin.industriall-union.org\/article\/\"},{\"@type\":\"ListItem\",\"position\":3,\"name\":\"Agir en solidarit\u00e9 avec les travailleurs mexicains de Bata\"}]},{\"@type\":\"WebSite\",\"@id\":\"https:\/\/admin.industriall-union.org\/#website\",\"url\":\"https:\/\/admin.industriall-union.org\/\",\"name\":\"industriall-union\",\"description\":\"\",\"potentialAction\":[{\"@type\":\"SearchAction\",\"target\":{\"@type\":\"EntryPoint\",\"urlTemplate\":\"https:\/\/admin.industriall-union.org\/?s={search_term_string}\"},\"query-input\":{\"@type\":\"PropertyValueSpecification\",\"valueRequired\":true,\"valueName\":\"search_term_string\"}}],\"inLanguage\":\"fr-FR\"}]}<\/script>\n<!-- \/ Yoast SEO Premium plugin. -->","yoast_head_json":{"title":"Agir en solidarit\u00e9 avec les travailleurs mexicains de Bata - industriall-union","description":"Sindicato \u00danico de Trabajadores de Calzado Sandak maintient fermement sa position. Il demande la r\u00e9ouverture de l&#039;usine et il a assur\u00e9 au cours des","robots":{"index":"index","follow":"follow","max-snippet":"max-snippet:-1","max-image-preview":"max-image-preview:large","max-video-preview":"max-video-preview:-1"},"canonical":"https:\/\/admin.industriall-union.org\/fr\/agir-en-solidarite-avec-les-travailleurs-mexicains-de-bata\/","og_locale":"fr_FR","og_type":"article","og_title":"Agir en solidarit\u00e9 avec les travailleurs mexicains de Bata","og_description":"Sindicato \u00danico de Trabajadores de Calzado Sandak maintient fermement sa position. Il demande la r\u00e9ouverture de l&#039;usine et il a assur\u00e9 au cours des","og_url":"https:\/\/admin.industriall-union.org\/fr\/agir-en-solidarite-avec-les-travailleurs-mexicains-de-bata\/","og_site_name":"industriall-union","article_modified_time":"2025-02-08T14:53:13+00:00","twitter_card":"summary_large_image","twitter_misc":{"Est. reading time":"3 minutes"},"schema":{"@context":"https:\/\/schema.org","@graph":[{"@type":"WebPage","@id":"https:\/\/admin.industriall-union.org\/fr\/agir-en-solidarite-avec-les-travailleurs-mexicains-de-bata\/","url":"https:\/\/admin.industriall-union.org\/fr\/agir-en-solidarite-avec-les-travailleurs-mexicains-de-bata\/","name":"Agir en solidarit\u00e9 avec les travailleurs mexicains de Bata - industriall-union","isPartOf":{"@id":"https:\/\/admin.industriall-union.org\/#website"},"datePublished":"2013-02-18T13:25:24+00:00","dateModified":"2025-02-08T14:53:13+00:00","description":"Sindicato \u00danico de Trabajadores de Calzado Sandak maintient fermement sa position. Il demande la r\u00e9ouverture de l&#039;usine et il a assur\u00e9 au cours des","breadcrumb":{"@id":"https:\/\/admin.industriall-union.org\/fr\/agir-en-solidarite-avec-les-travailleurs-mexicains-de-bata\/#breadcrumb"},"inLanguage":"fr-FR","potentialAction":[{"@type":"ReadAction","target":["https:\/\/admin.industriall-union.org\/fr\/agir-en-solidarite-avec-les-travailleurs-mexicains-de-bata\/"]}]},{"@type":"BreadcrumbList","@id":"https:\/\/admin.industriall-union.org\/fr\/agir-en-solidarite-avec-les-travailleurs-mexicains-de-bata\/#breadcrumb","itemListElement":[{"@type":"ListItem","position":1,"name":"Home","item":"https:\/\/admin.industriall-union.org\/"},{"@type":"ListItem","position":2,"name":"Articles","item":"https:\/\/admin.industriall-union.org\/article\/"},{"@type":"ListItem","position":3,"name":"Agir en solidarit\u00e9 avec les travailleurs mexicains de Bata"}]},{"@type":"WebSite","@id":"https:\/\/admin.industriall-union.org\/#website","url":"https:\/\/admin.industriall-union.org\/","name":"industriall-union","description":"","potentialAction":[{"@type":"SearchAction","target":{"@type":"EntryPoint","urlTemplate":"https:\/\/admin.industriall-union.org\/?s={search_term_string}"},"query-input":{"@type":"PropertyValueSpecification","valueRequired":true,"valueName":"search_term_string"}}],"inLanguage":"fr-FR"}]}},"_links":{"self":[{"href":"https:\/\/admin.industriall-union.org\/fr\/wp-json\/wp\/v2\/article\/174530","targetHints":{"allow":["GET"]}}],"collection":[{"href":"https:\/\/admin.industriall-union.org\/fr\/wp-json\/wp\/v2\/article"}],"about":[{"href":"https:\/\/admin.industriall-union.org\/fr\/wp-json\/wp\/v2\/types\/article"}],"wp:attachment":[{"href":"https:\/\/admin.industriall-union.org\/fr\/wp-json\/wp\/v2\/media?parent=174530"}],"wp:term":[{"taxonomy":"issues","embeddable":true,"href":"https:\/\/admin.industriall-union.org\/fr\/wp-json\/wp\/v2\/issues?post=174530"},{"taxonomy":"companies","embeddable":true,"href":"https:\/\/admin.industriall-union.org\/fr\/wp-json\/wp\/v2\/companies?post=174530"},{"taxonomy":"regions","embeddable":true,"href":"https:\/\/admin.industriall-union.org\/fr\/wp-json\/wp\/v2\/regions?post=174530"},{"taxonomy":"sectors","embeddable":true,"href":"https:\/\/admin.industriall-union.org\/fr\/wp-json\/wp\/v2\/sectors?post=174530"},{"taxonomy":"article_tags","embeddable":true,"href":"https:\/\/admin.industriall-union.org\/fr\/wp-json\/wp\/v2\/article_tags?post=174530"}],"curies":[{"name":"wp","href":"https:\/\/api.w.org\/{rel}","templated":true}]}}