{"id":174499,"date":"2013-02-21T16:30:18","date_gmt":"2013-02-21T16:30:18","guid":{"rendered":"https:\/\/admin.industriall-union.org\/l-inde-paralysee-par-une-greve-generale\/"},"modified":"2025-02-08T14:34:29","modified_gmt":"2025-02-08T14:34:29","slug":"l-inde-paralysee-par-une-greve-generale","status":"publish","type":"article","link":"https:\/\/admin.industriall-union.org\/fr\/l-inde-paralysee-par-une-greve-generale\/","title":{"rendered":"L\u2019Inde paralys\u00e9e par une gr\u00e8ve g\u00e9n\u00e9rale"},"content":{"rendered":"<p>Les revendications en 10 points des syndicats portent sur des mesures visant \u00e0 emp\u00eacher l&#039;augmentation des prix, \u00e0 cr\u00e9er des emplois et \u00e0 appliquer strictement la l\u00e9gislation du travail, et sur la couverture universelle de s\u00e9curit\u00e9 sociale pour les travailleurs et travailleuses syndiqu\u00e9s et non syndiqu\u00e9s.<\/p><p>Les revendications ont \u00e9t\u00e9 pr\u00e9sent\u00e9es conjointement par onze centrales syndicales, \u00e0 savoir, BMS, INTUC, AITUC, HMS, CITU, AIUTUC, AICCTU, UTUC, TUCC, SEWA, LPF et les f\u00e9d\u00e9rations ind\u00e9pendantes des travailleurs et travailleuses et des salari\u00e9s, comme cela avait \u00e9t\u00e9 d\u00e9cid\u00e9 le 4 septembre 2012 \u00e0 la Convention nationale des travailleurs.<\/p><p>En d\u00e9clarant dans un communiqu\u00e9 de presse publi\u00e9 le 20 f\u00e9vrier 2013 que la gr\u00e8ve g\u00e9n\u00e9rale \u00e9tait totale dans tous les secteurs et que tous les travailleurs et travailleuses avaient r\u00e9pondu \u00e0 l&rsquo;appel, les syndicats ont indiqu\u00e9 que &ldquo;la r\u00e9ponse sans pr\u00e9c\u00e9dent d&rsquo;un appel \u00e0 la gr\u00e8ve dans tout le pays d\u00e9passait de loin nos espoirs et refl\u00e9tait v\u00e9ritablement la col\u00e8re des gens face aux hausses continuelles des prix du diesel, du gaz, du charbon, de l&#039;\u00e9lectricit\u00e9 et des autres produits essentiels dont les m\u00e9nages ordinaires ont besoin&rdquo;.<\/p><p>La gr\u00e8ve s&#039;est poursuivie avec vigueur et d\u00e9termination le deuxi\u00e8me joueur, 21 f\u00e9vrier 2013, sans se laisser d\u00e9courager par la r\u00e9pression de la police et du gouvernement et les menaces des employeurs. &nbsp;Les travailleurs et travailleuses dans tous les principaux secteurs d&#039;importance strat\u00e9gique comme les banques, les assurances et autres secteurs financiers, l&#039;industrie p\u00e9troli\u00e8re, les transports routiers (tant publics que priv\u00e9s) dans de nombreux \u00c9tats, la d\u00e9fense (civile), les services postiers, les t\u00e9l\u00e9communications, les fonctionnaires dans plusieurs \u00c9tats, plusieurs minist\u00e8res du gouvernement central, les installations portuaires et les dockers, les mines de charbon et d&#039;autres min\u00e9raux, la production \u00e9lectrique et les plantations. Les travailleurs et travailleuses non syndiqu\u00e9s \u00e9taient \u00e9galement tr\u00e8s pr\u00e9sents pour faire entendre leur voix dans les manifestations.&nbsp; &nbsp;<\/p><p>Les deux journ\u00e9es de gr\u00e8ve g\u00e9n\u00e9rale faisaient suite \u00e0 des efforts conjoints des syndicats indiens qui ont d\u00e9but\u00e9 en 2009. Depuis cette date, pour exprimer leur ressentiment sur les politiques antisyndicales et l&rsquo;inaction du gouvernement pour prot\u00e9ger les int\u00e9r\u00eats de la classe ouvri\u00e8re, les grandes centrales syndicales, en transcendant les id\u00e9ologies politiques, se sont rassembl\u00e9es sur une plate-forme unique pour entreprendre un certain nombre d&#039;actions.<\/p><p>Toutefois, l&#039;indiff\u00e9rence toujours plus grande du gouvernement indien a forc\u00e9 les syndicats \u00e0 intensifier leurs efforts et \u00e0 lancer un ordre de gr\u00e8ve g\u00e9n\u00e9rale pour les deux journ\u00e9es cons\u00e9cutives des 20-21 f\u00e9vrier 2013 pour faire pression sur le gouvernement indien afin qu&rsquo;il tienne compte de certains droits fondamentaux de la personne et de questions li\u00e9es aux droits syndicaux dont l&#039;objet int\u00e9resse les travailleurs et travailleuses dans tout le pays.<\/p><p>Finalement le 13 f\u00e9vrier, le ministre du Travail a organis\u00e9 une r\u00e9union pour demander d&#039;annuler l&#039;appel \u00e0 la gr\u00e8ve. Le 17 f\u00e9vrier, le Premier ministre indien a demand\u00e9 l&#039;annulation de la gr\u00e8ve, et dans la soir\u00e9e du 18 f\u00e9vrier, des ministres de haut rang ont organis\u00e9 des r\u00e9unions avec les dirigeants syndicaux. Cependant, comme les ministres pr\u00e9sents n&#039;avaient pas r\u00e9ussi \u00e0 avancer de propositions concr\u00e8tes, m\u00eame sur une simple revendication, les syndicats ont d\u00e9cid\u00e9 que la gr\u00e8ve g\u00e9n\u00e9rale aurait lieu comme pr\u00e9vu.<\/p><p>Les revendications syndicales en dix points sont les suivantes:<\/p><ol><li>des mesures destin\u00e9es \u00e0 emp\u00eacher la hausse des prix,<\/li><li>des mesures pour cr\u00e9er de l&#039;emploi,<\/li><li>une application stricte de la l\u00e9gislation du travail,<\/li><li>la couverture universelle de s\u00e9curit\u00e9 sociale pour les travailleurs et travailleuses syndiqu\u00e9s et non syndiqu\u00e9s, et la cr\u00e9ation d&#039;un Fonds national de s\u00e9curit\u00e9 sociale,<\/li><li>l&#039;arr\u00eat du d\u00e9sinvestissement dans les engagements pris dans le secteur public au niveau f\u00e9d\u00e9ral et dans les \u00c9tats f\u00e9d\u00e9r\u00e9s,<\/li><li>l&#039;absence de contractualisation d&rsquo;un travail de nature p\u00e9renne et \u00e9galit\u00e9 des salaires et des prestations,<\/li><li>un amendement \u00e0 la loi sur les salaires minimums pour assurer une couverture universelle ne tenant pas compte des pr\u00e9visions, et fixation d&#039;un salaire minimum statutaire qui ne peut \u00eatre inf\u00e9rieur \u00e0 10.000 Rs\/- li\u00e9 \u00e0 l&#039;indice du co\u00fbt de la vie,<\/li><li>le retrait de tous les plafonds pour les r\u00e9tributions, et admissibilit\u00e9 aux primes, \u00e0 la caisse de pr\u00e9voyance; augmentation du quantum de gratification,<\/li><li>l&rsquo;assurance d&#039;une retraite pour tous les travailleurs et travailleuses, et<\/li><li>l&rsquo;enregistrement obligatoire des syndicats dans une p\u00e9riode de 45 jours, et ratification imm\u00e9diate des conventions de l&#039;OIT n<sup>o<\/sup> 87 et 98.<\/li><\/ol>","protected":false},"featured_media":0,"template":"","issues":[412],"companies":[],"regions":[166],"sectors":[],"article_tags":[529],"class_list":["post-174499","article","type-article","status-publish","hentry","issues-social-justice-and-globalization","regions-india","article_tags-strike"],"acf":[],"yoast_head":"<!-- This site is optimized with the Yoast SEO Premium plugin v27.1 (Yoast SEO v27.1) - https:\/\/yoast.com\/product\/yoast-seo-premium-wordpress\/ -->\n<title>L\u2019Inde paralys\u00e9e par une gr\u00e8ve g\u00e9n\u00e9rale - industriall-union<\/title>\n<meta name=\"description\" content=\"Les revendications en 10 points des syndicats portent sur des mesures visant \u00e0 emp\u00eacher l&#039;augmentation des prix, \u00e0 cr\u00e9er des emplois et \u00e0 appliquer\" \/>\n<meta name=\"robots\" content=\"index, follow, max-snippet:-1, max-image-preview:large, max-video-preview:-1\" \/>\n<link rel=\"canonical\" href=\"https:\/\/admin.industriall-union.org\/fr\/l-inde-paralysee-par-une-greve-generale\/\" \/>\n<meta property=\"og:locale\" content=\"fr_FR\" \/>\n<meta property=\"og:type\" content=\"article\" \/>\n<meta property=\"og:title\" content=\"L\u2019Inde paralys\u00e9e par une gr\u00e8ve g\u00e9n\u00e9rale\" \/>\n<meta property=\"og:description\" content=\"Les revendications en 10 points des syndicats portent sur des mesures visant \u00e0 emp\u00eacher l&#039;augmentation des prix, \u00e0 cr\u00e9er des emplois et \u00e0 appliquer\" \/>\n<meta property=\"og:url\" content=\"https:\/\/admin.industriall-union.org\/fr\/l-inde-paralysee-par-une-greve-generale\/\" \/>\n<meta property=\"og:site_name\" content=\"industriall-union\" \/>\n<meta property=\"article:modified_time\" content=\"2025-02-08T14:34:29+00:00\" \/>\n<meta name=\"twitter:card\" content=\"summary_large_image\" \/>\n<meta name=\"twitter:label1\" content=\"Est. reading time\" \/>\n\t<meta name=\"twitter:data1\" content=\"4 minutes\" \/>\n<script type=\"application\/ld+json\" class=\"yoast-schema-graph\">{\"@context\":\"https:\/\/schema.org\",\"@graph\":[{\"@type\":\"WebPage\",\"@id\":\"https:\/\/admin.industriall-union.org\/fr\/l-inde-paralysee-par-une-greve-generale\/\",\"url\":\"https:\/\/admin.industriall-union.org\/fr\/l-inde-paralysee-par-une-greve-generale\/\",\"name\":\"L\u2019Inde paralys\u00e9e par une gr\u00e8ve g\u00e9n\u00e9rale - industriall-union\",\"isPartOf\":{\"@id\":\"https:\/\/admin.industriall-union.org\/ru\/#website\"},\"datePublished\":\"2013-02-21T16:30:18+00:00\",\"dateModified\":\"2025-02-08T14:34:29+00:00\",\"description\":\"Les revendications en 10 points des syndicats portent sur des mesures visant \u00e0 emp\u00eacher l&#039;augmentation des prix, \u00e0 cr\u00e9er des emplois et \u00e0 appliquer\",\"breadcrumb\":{\"@id\":\"https:\/\/admin.industriall-union.org\/fr\/l-inde-paralysee-par-une-greve-generale\/#breadcrumb\"},\"inLanguage\":\"fr-FR\",\"potentialAction\":[{\"@type\":\"ReadAction\",\"target\":[\"https:\/\/admin.industriall-union.org\/fr\/l-inde-paralysee-par-une-greve-generale\/\"]}]},{\"@type\":\"BreadcrumbList\",\"@id\":\"https:\/\/admin.industriall-union.org\/fr\/l-inde-paralysee-par-une-greve-generale\/#breadcrumb\",\"itemListElement\":[{\"@type\":\"ListItem\",\"position\":1,\"name\":\"Home\",\"item\":\"https:\/\/admin.industriall-union.org\/ru\/\"},{\"@type\":\"ListItem\",\"position\":2,\"name\":\"Articles\",\"item\":\"https:\/\/admin.industriall-union.org\/ru\/article\/\"},{\"@type\":\"ListItem\",\"position\":3,\"name\":\"L\u2019Inde paralys\u00e9e par une gr\u00e8ve g\u00e9n\u00e9rale\"}]},{\"@type\":\"WebSite\",\"@id\":\"https:\/\/admin.industriall-union.org\/ru\/#website\",\"url\":\"https:\/\/admin.industriall-union.org\/ru\/\",\"name\":\"industriall-union\",\"description\":\"\",\"potentialAction\":[{\"@type\":\"SearchAction\",\"target\":{\"@type\":\"EntryPoint\",\"urlTemplate\":\"https:\/\/admin.industriall-union.org\/ru\/?s={search_term_string}\"},\"query-input\":{\"@type\":\"PropertyValueSpecification\",\"valueRequired\":true,\"valueName\":\"search_term_string\"}}],\"inLanguage\":\"fr-FR\"}]}<\/script>\n<!-- \/ Yoast SEO Premium plugin. -->","yoast_head_json":{"title":"L\u2019Inde paralys\u00e9e par une gr\u00e8ve g\u00e9n\u00e9rale - industriall-union","description":"Les revendications en 10 points des syndicats portent sur des mesures visant \u00e0 emp\u00eacher l&#039;augmentation des prix, \u00e0 cr\u00e9er des emplois et \u00e0 appliquer","robots":{"index":"index","follow":"follow","max-snippet":"max-snippet:-1","max-image-preview":"max-image-preview:large","max-video-preview":"max-video-preview:-1"},"canonical":"https:\/\/admin.industriall-union.org\/fr\/l-inde-paralysee-par-une-greve-generale\/","og_locale":"fr_FR","og_type":"article","og_title":"L\u2019Inde paralys\u00e9e par une gr\u00e8ve g\u00e9n\u00e9rale","og_description":"Les revendications en 10 points des syndicats portent sur des mesures visant \u00e0 emp\u00eacher l&#039;augmentation des prix, \u00e0 cr\u00e9er des emplois et \u00e0 appliquer","og_url":"https:\/\/admin.industriall-union.org\/fr\/l-inde-paralysee-par-une-greve-generale\/","og_site_name":"industriall-union","article_modified_time":"2025-02-08T14:34:29+00:00","twitter_card":"summary_large_image","twitter_misc":{"Est. reading time":"4 minutes"},"schema":{"@context":"https:\/\/schema.org","@graph":[{"@type":"WebPage","@id":"https:\/\/admin.industriall-union.org\/fr\/l-inde-paralysee-par-une-greve-generale\/","url":"https:\/\/admin.industriall-union.org\/fr\/l-inde-paralysee-par-une-greve-generale\/","name":"L\u2019Inde paralys\u00e9e par une gr\u00e8ve g\u00e9n\u00e9rale - industriall-union","isPartOf":{"@id":"https:\/\/admin.industriall-union.org\/ru\/#website"},"datePublished":"2013-02-21T16:30:18+00:00","dateModified":"2025-02-08T14:34:29+00:00","description":"Les revendications en 10 points des syndicats portent sur des mesures visant \u00e0 emp\u00eacher l&#039;augmentation des prix, \u00e0 cr\u00e9er des emplois et \u00e0 appliquer","breadcrumb":{"@id":"https:\/\/admin.industriall-union.org\/fr\/l-inde-paralysee-par-une-greve-generale\/#breadcrumb"},"inLanguage":"fr-FR","potentialAction":[{"@type":"ReadAction","target":["https:\/\/admin.industriall-union.org\/fr\/l-inde-paralysee-par-une-greve-generale\/"]}]},{"@type":"BreadcrumbList","@id":"https:\/\/admin.industriall-union.org\/fr\/l-inde-paralysee-par-une-greve-generale\/#breadcrumb","itemListElement":[{"@type":"ListItem","position":1,"name":"Home","item":"https:\/\/admin.industriall-union.org\/ru\/"},{"@type":"ListItem","position":2,"name":"Articles","item":"https:\/\/admin.industriall-union.org\/ru\/article\/"},{"@type":"ListItem","position":3,"name":"L\u2019Inde paralys\u00e9e par une gr\u00e8ve g\u00e9n\u00e9rale"}]},{"@type":"WebSite","@id":"https:\/\/admin.industriall-union.org\/ru\/#website","url":"https:\/\/admin.industriall-union.org\/ru\/","name":"industriall-union","description":"","potentialAction":[{"@type":"SearchAction","target":{"@type":"EntryPoint","urlTemplate":"https:\/\/admin.industriall-union.org\/ru\/?s={search_term_string}"},"query-input":{"@type":"PropertyValueSpecification","valueRequired":true,"valueName":"search_term_string"}}],"inLanguage":"fr-FR"}]}},"_links":{"self":[{"href":"https:\/\/admin.industriall-union.org\/fr\/wp-json\/wp\/v2\/article\/174499","targetHints":{"allow":["GET"]}}],"collection":[{"href":"https:\/\/admin.industriall-union.org\/fr\/wp-json\/wp\/v2\/article"}],"about":[{"href":"https:\/\/admin.industriall-union.org\/fr\/wp-json\/wp\/v2\/types\/article"}],"wp:attachment":[{"href":"https:\/\/admin.industriall-union.org\/fr\/wp-json\/wp\/v2\/media?parent=174499"}],"wp:term":[{"taxonomy":"issues","embeddable":true,"href":"https:\/\/admin.industriall-union.org\/fr\/wp-json\/wp\/v2\/issues?post=174499"},{"taxonomy":"companies","embeddable":true,"href":"https:\/\/admin.industriall-union.org\/fr\/wp-json\/wp\/v2\/companies?post=174499"},{"taxonomy":"regions","embeddable":true,"href":"https:\/\/admin.industriall-union.org\/fr\/wp-json\/wp\/v2\/regions?post=174499"},{"taxonomy":"sectors","embeddable":true,"href":"https:\/\/admin.industriall-union.org\/fr\/wp-json\/wp\/v2\/sectors?post=174499"},{"taxonomy":"article_tags","embeddable":true,"href":"https:\/\/admin.industriall-union.org\/fr\/wp-json\/wp\/v2\/article_tags?post=174499"}],"curies":[{"name":"wp","href":"https:\/\/api.w.org\/{rel}","templated":true}]}}