{"id":174496,"date":"2013-02-21T17:45:59","date_gmt":"2013-02-21T17:45:59","guid":{"rendered":"https:\/\/admin.industriall-union.org\/differentes-langues-meme-message-droits-syndicaux-au-mexique-maintenant\/"},"modified":"2025-02-08T14:28:26","modified_gmt":"2025-02-08T14:28:26","slug":"differentes-langues-meme-message-droits-syndicaux-au-mexique-maintenant","status":"publish","type":"article","link":"https:\/\/admin.industriall-union.org\/fr\/differentes-langues-meme-message-droits-syndicaux-au-mexique-maintenant\/","title":{"rendered":"Diff\u00e9rentes langues, m\u00eame message: Droits syndicaux au Mexique MAINTENANT!"},"content":{"rendered":"<p>Les journ\u00e9es d&rsquo;action englobent les luttes men\u00e9es par diff\u00e9rents groupes de travailleurs et travailleuses au Mexique. L&#039;histoire de chacun de ces groupes est une source d&rsquo;inspiration pour les syndicalistes du monde entier. Ce message <a href=\"http:\/\/www.youtube.com\/watch?v=NciX9NNf2cI&amp;feature=player_embedded\">vid\u00e9o passionnant<\/a> envoy\u00e9 par un membre du comit\u00e9 ex\u00e9cutif de IndustriALL, Michele O&rsquo;Neil, secr\u00e9taire nationale du TCFUA, aux travailleurs et travailleuses de la chaussure lock-out\u00e9s chez Bata Sandak, refl\u00e8te bien le sentiment exprim\u00e9 dans la campagne mondiale.<\/p><p>Le magnifique et historique syndicat mexicain, Los Mineros, a subi des attaques et a fait l&#039;objet d&#039;un harc\u00e8lement brutal des autorit\u00e9s mexicaines et du patronat pendant une p\u00e9riode de six ans. Son combat est toujours au c\u0153ur de la campagne internationale pour les droits syndicaux au Mexique. Les <a href=\"http:\/\/www.industriall-union.org\/fr\/themes\/solidarite\/campagne-mexique\">journ\u00e9es mondiales d&#039;action<\/a> se d\u00e9roulent dans la semaine du 19 f\u00e9vrier pour marquer l&#039;homicide industriel de 65 travailleurs \u00e0 la mine Pasta de Conchos il y a six ans, et la justice pour Pasta de Conchos reste une revendication centrale de cette campagne.<\/p><p>Les journ\u00e9es d&#039;action pour le Mexique <a href=\"http:\/\/www.industriall-union.org\/independent-unions-in-mexico-demand-rights\">ont d\u00e9but\u00e9 solennellement<\/a> \u00e0 Mexico le 18 f\u00e9vrier par un d\u00e9fil\u00e9 silencieux du Monumento da la Revolucion \u00e0 Angel de la Independencia pour porter le deuil de ces 65 mineurs. Les Mineros portaient 65 cercueils symboliques et les ont d\u00e9pos\u00e9s au monument o\u00f9 les mineurs de toutes les sections ont pris part \u00e0 une veill\u00e9e fun\u00e8bre durant toute la nuit. Les syndicats SME, UNTTYP, Continental Tires Workers, FAT, CAW, USW, UE, et IndustriALL Global Union, \u00e9taient pr\u00e9sents par solidarit\u00e9 avec Los Mineros.<\/p><p>Los Mineros fait face \u00e0 d&rsquo;autres grandes injustices, notamment dans les conflits chez <a href=\"http:\/\/www.industriall-union.org\/fr\/dire-a-pkc-de-reintegrer-les-travailleurs-au-mexique\">Ciudad Acu\u00f1a<\/a>, Cananea, Taxco et Zacatecas, et naturellement avec les fausses accusations au p\u00e9nal qui forcent le secr\u00e9taire g\u00e9n\u00e9ral, Napole\u00f3n Gomez Urrutia, \u00e0 rester exil\u00e9 au Canada. Napole\u00f3n participera aujourd&#039;hui 21 f\u00e9vrier \u00e0 une manifestation au consulat du Mexique \u00e0 Vancouver.<\/p><p>Parmi les autres luttes importantes, citons celles du <a href=\"http:\/\/www.industriall-union.org\/fr\/les-journees-daction-pour-le-mexique-demarrent-en-force\">SME<\/a>, du <a href=\"http:\/\/www.industriall-union.org\/mexican-corona-beer-bottlers-mobilization-attacked\">SUTEIVP<\/a> et de <a href=\"http:\/\/www.industriall-union.org\/fr\/agir-en-solidarite-avec-les-travailleurs-mexicains-de-bata\">Bata<\/a>. Les travailleurs et travailleuses de Bata Sandak ont re\u00e7u plusieurs centaines de messages de solidarit\u00e9 avec la p\u00e9tition en ligne de IndustriALL, ainsi que des messages vid\u00e9o de syndicats de l&#039;\u00e9tranger repr\u00e9sentant les travailleurs et travailleuses de la chaussure. Le personnel de PKC \u00e0 Ciudad Acu\u00f1a a re\u00e7u le soutien de <a href=\"http:\/\/www.labourstartcampaigns.net\/show_campaign.cgi?c=1727\">9.000 messages adress\u00e9s \u00e0 la direction finlandaise<\/a> par le biais de Labourstart.<\/p><p>Cliquer ici pour obtenir davantage de renseignements sur les actions entreprises dans <a href=\"http:\/\/www.industriall-union.org\/mexico-actions-2013\">divers pays<\/a> pour marquer les journ\u00e9es mondiales. Les pages pr\u00e9sentant un int\u00e9r\u00eat notable sont celles sur le <a href=\"http:\/\/www.industriall-union.org\/independent-unions-in-mexico-demand-rights\">Mexique<\/a>, l&rsquo;<a href=\"http:\/\/www.industriall-union.org\/south-african-unions-come-out-in-support-of-mexican-workers\">Afrique du Sud<\/a>, la&nbsp;<a href=\"http:\/\/www.industriall-union.org\/meaningful-commitments-at-geneva-mexican-embassy-meeting\">Suisse<\/a> et les <a href=\"http:\/\/www.industriall-union.org\/us-unions-take-action-on-mexico\">\u00c9tats-Unis<\/a>.<\/p><p>Les affili\u00e9s de UNI Global Union entreprendront des actions le 22 f\u00e9vrier pour marquer les journ\u00e9es mondiales aux ambassades du Mexique en Argentine, au Br\u00e9sil, au Chili, en Colombie, au Salvador, au Guatemala, au Panama, au Paraguay, au P\u00e9rou, en Uruguay et aux \u00c9tats-Unis.<\/p>","protected":false},"featured_media":0,"template":"","issues":[403,421,420],"companies":[],"regions":[155,202,254,288,308,311],"sectors":[],"article_tags":[],"class_list":["post-174496","article","type-article","status-publish","hentry","issues-convention-176-mine-safety","issues-mexico-campaign","issues-solidarity","regions-asia-pacific","regions-europe","regions-latin-america-and-the-caribbean","regions-middle-east-and-north-africa","regions-north-america","regions-sub-saharan-africa"],"acf":[],"yoast_head":"<!-- This site is optimized with the Yoast SEO Premium plugin v27.1 (Yoast SEO v27.1) - https:\/\/yoast.com\/product\/yoast-seo-premium-wordpress\/ -->\n<title>Diff\u00e9rentes langues, m\u00eame message: Droits syndicaux au Mexique MAINTENANT! - industriall-union<\/title>\n<meta name=\"description\" content=\"Les journ\u00e9es d&rsquo;action englobent les luttes men\u00e9es par diff\u00e9rents groupes de travailleurs et travailleuses au Mexique. L&#039;histoire de chacun de\" \/>\n<meta name=\"robots\" content=\"index, follow, max-snippet:-1, max-image-preview:large, max-video-preview:-1\" \/>\n<link rel=\"canonical\" href=\"https:\/\/admin.industriall-union.org\/fr\/differentes-langues-meme-message-droits-syndicaux-au-mexique-maintenant\/\" \/>\n<meta property=\"og:locale\" content=\"fr_FR\" \/>\n<meta property=\"og:type\" content=\"article\" \/>\n<meta property=\"og:title\" content=\"Diff\u00e9rentes langues, m\u00eame message: Droits syndicaux au Mexique MAINTENANT!\" \/>\n<meta property=\"og:description\" content=\"Les journ\u00e9es d&rsquo;action englobent les luttes men\u00e9es par diff\u00e9rents groupes de travailleurs et travailleuses au Mexique. L&#039;histoire de chacun de\" \/>\n<meta property=\"og:url\" content=\"https:\/\/admin.industriall-union.org\/fr\/differentes-langues-meme-message-droits-syndicaux-au-mexique-maintenant\/\" \/>\n<meta property=\"og:site_name\" content=\"industriall-union\" \/>\n<meta property=\"article:modified_time\" content=\"2025-02-08T14:28:26+00:00\" \/>\n<meta name=\"twitter:card\" content=\"summary_large_image\" \/>\n<meta name=\"twitter:label1\" content=\"Est. reading time\" \/>\n\t<meta name=\"twitter:data1\" content=\"3 minutes\" \/>\n<script type=\"application\/ld+json\" class=\"yoast-schema-graph\">{\"@context\":\"https:\/\/schema.org\",\"@graph\":[{\"@type\":\"WebPage\",\"@id\":\"https:\/\/admin.industriall-union.org\/fr\/differentes-langues-meme-message-droits-syndicaux-au-mexique-maintenant\/\",\"url\":\"https:\/\/admin.industriall-union.org\/fr\/differentes-langues-meme-message-droits-syndicaux-au-mexique-maintenant\/\",\"name\":\"Diff\u00e9rentes langues, m\u00eame message: Droits syndicaux au Mexique MAINTENANT! - industriall-union\",\"isPartOf\":{\"@id\":\"https:\/\/admin.industriall-union.org\/#website\"},\"datePublished\":\"2013-02-21T17:45:59+00:00\",\"dateModified\":\"2025-02-08T14:28:26+00:00\",\"description\":\"Les journ\u00e9es d&rsquo;action englobent les luttes men\u00e9es par diff\u00e9rents groupes de travailleurs et travailleuses au Mexique. L&#039;histoire de chacun de\",\"breadcrumb\":{\"@id\":\"https:\/\/admin.industriall-union.org\/fr\/differentes-langues-meme-message-droits-syndicaux-au-mexique-maintenant\/#breadcrumb\"},\"inLanguage\":\"fr-FR\",\"potentialAction\":[{\"@type\":\"ReadAction\",\"target\":[\"https:\/\/admin.industriall-union.org\/fr\/differentes-langues-meme-message-droits-syndicaux-au-mexique-maintenant\/\"]}]},{\"@type\":\"BreadcrumbList\",\"@id\":\"https:\/\/admin.industriall-union.org\/fr\/differentes-langues-meme-message-droits-syndicaux-au-mexique-maintenant\/#breadcrumb\",\"itemListElement\":[{\"@type\":\"ListItem\",\"position\":1,\"name\":\"Home\",\"item\":\"https:\/\/admin.industriall-union.org\/\"},{\"@type\":\"ListItem\",\"position\":2,\"name\":\"Articles\",\"item\":\"https:\/\/admin.industriall-union.org\/article\/\"},{\"@type\":\"ListItem\",\"position\":3,\"name\":\"Diff\u00e9rentes langues, m\u00eame message: Droits syndicaux au Mexique MAINTENANT!\"}]},{\"@type\":\"WebSite\",\"@id\":\"https:\/\/admin.industriall-union.org\/#website\",\"url\":\"https:\/\/admin.industriall-union.org\/\",\"name\":\"industriall-union\",\"description\":\"\",\"potentialAction\":[{\"@type\":\"SearchAction\",\"target\":{\"@type\":\"EntryPoint\",\"urlTemplate\":\"https:\/\/admin.industriall-union.org\/?s={search_term_string}\"},\"query-input\":{\"@type\":\"PropertyValueSpecification\",\"valueRequired\":true,\"valueName\":\"search_term_string\"}}],\"inLanguage\":\"fr-FR\"}]}<\/script>\n<!-- \/ Yoast SEO Premium plugin. -->","yoast_head_json":{"title":"Diff\u00e9rentes langues, m\u00eame message: Droits syndicaux au Mexique MAINTENANT! - industriall-union","description":"Les journ\u00e9es d&rsquo;action englobent les luttes men\u00e9es par diff\u00e9rents groupes de travailleurs et travailleuses au Mexique. L&#039;histoire de chacun de","robots":{"index":"index","follow":"follow","max-snippet":"max-snippet:-1","max-image-preview":"max-image-preview:large","max-video-preview":"max-video-preview:-1"},"canonical":"https:\/\/admin.industriall-union.org\/fr\/differentes-langues-meme-message-droits-syndicaux-au-mexique-maintenant\/","og_locale":"fr_FR","og_type":"article","og_title":"Diff\u00e9rentes langues, m\u00eame message: Droits syndicaux au Mexique MAINTENANT!","og_description":"Les journ\u00e9es d&rsquo;action englobent les luttes men\u00e9es par diff\u00e9rents groupes de travailleurs et travailleuses au Mexique. L&#039;histoire de chacun de","og_url":"https:\/\/admin.industriall-union.org\/fr\/differentes-langues-meme-message-droits-syndicaux-au-mexique-maintenant\/","og_site_name":"industriall-union","article_modified_time":"2025-02-08T14:28:26+00:00","twitter_card":"summary_large_image","twitter_misc":{"Est. reading time":"3 minutes"},"schema":{"@context":"https:\/\/schema.org","@graph":[{"@type":"WebPage","@id":"https:\/\/admin.industriall-union.org\/fr\/differentes-langues-meme-message-droits-syndicaux-au-mexique-maintenant\/","url":"https:\/\/admin.industriall-union.org\/fr\/differentes-langues-meme-message-droits-syndicaux-au-mexique-maintenant\/","name":"Diff\u00e9rentes langues, m\u00eame message: Droits syndicaux au Mexique MAINTENANT! - industriall-union","isPartOf":{"@id":"https:\/\/admin.industriall-union.org\/#website"},"datePublished":"2013-02-21T17:45:59+00:00","dateModified":"2025-02-08T14:28:26+00:00","description":"Les journ\u00e9es d&rsquo;action englobent les luttes men\u00e9es par diff\u00e9rents groupes de travailleurs et travailleuses au Mexique. L&#039;histoire de chacun de","breadcrumb":{"@id":"https:\/\/admin.industriall-union.org\/fr\/differentes-langues-meme-message-droits-syndicaux-au-mexique-maintenant\/#breadcrumb"},"inLanguage":"fr-FR","potentialAction":[{"@type":"ReadAction","target":["https:\/\/admin.industriall-union.org\/fr\/differentes-langues-meme-message-droits-syndicaux-au-mexique-maintenant\/"]}]},{"@type":"BreadcrumbList","@id":"https:\/\/admin.industriall-union.org\/fr\/differentes-langues-meme-message-droits-syndicaux-au-mexique-maintenant\/#breadcrumb","itemListElement":[{"@type":"ListItem","position":1,"name":"Home","item":"https:\/\/admin.industriall-union.org\/"},{"@type":"ListItem","position":2,"name":"Articles","item":"https:\/\/admin.industriall-union.org\/article\/"},{"@type":"ListItem","position":3,"name":"Diff\u00e9rentes langues, m\u00eame message: Droits syndicaux au Mexique MAINTENANT!"}]},{"@type":"WebSite","@id":"https:\/\/admin.industriall-union.org\/#website","url":"https:\/\/admin.industriall-union.org\/","name":"industriall-union","description":"","potentialAction":[{"@type":"SearchAction","target":{"@type":"EntryPoint","urlTemplate":"https:\/\/admin.industriall-union.org\/?s={search_term_string}"},"query-input":{"@type":"PropertyValueSpecification","valueRequired":true,"valueName":"search_term_string"}}],"inLanguage":"fr-FR"}]}},"_links":{"self":[{"href":"https:\/\/admin.industriall-union.org\/fr\/wp-json\/wp\/v2\/article\/174496","targetHints":{"allow":["GET"]}}],"collection":[{"href":"https:\/\/admin.industriall-union.org\/fr\/wp-json\/wp\/v2\/article"}],"about":[{"href":"https:\/\/admin.industriall-union.org\/fr\/wp-json\/wp\/v2\/types\/article"}],"wp:attachment":[{"href":"https:\/\/admin.industriall-union.org\/fr\/wp-json\/wp\/v2\/media?parent=174496"}],"wp:term":[{"taxonomy":"issues","embeddable":true,"href":"https:\/\/admin.industriall-union.org\/fr\/wp-json\/wp\/v2\/issues?post=174496"},{"taxonomy":"companies","embeddable":true,"href":"https:\/\/admin.industriall-union.org\/fr\/wp-json\/wp\/v2\/companies?post=174496"},{"taxonomy":"regions","embeddable":true,"href":"https:\/\/admin.industriall-union.org\/fr\/wp-json\/wp\/v2\/regions?post=174496"},{"taxonomy":"sectors","embeddable":true,"href":"https:\/\/admin.industriall-union.org\/fr\/wp-json\/wp\/v2\/sectors?post=174496"},{"taxonomy":"article_tags","embeddable":true,"href":"https:\/\/admin.industriall-union.org\/fr\/wp-json\/wp\/v2\/article_tags?post=174496"}],"curies":[{"name":"wp","href":"https:\/\/api.w.org\/{rel}","templated":true}]}}