{"id":174483,"date":"2013-02-22T15:19:29","date_gmt":"2013-02-22T15:19:29","guid":{"rendered":"https:\/\/admin.industriall-union.org\/des-travailleurs-contractuels-indiens-adherent-a-des-syndicats-de-mineurs\/"},"modified":"2025-02-08T14:19:47","modified_gmt":"2025-02-08T14:19:47","slug":"des-travailleurs-contractuels-indiens-adherent-a-des-syndicats-de-mineurs","status":"publish","type":"article","link":"https:\/\/admin.industriall-union.org\/fr\/des-travailleurs-contractuels-indiens-adherent-a-des-syndicats-de-mineurs\/","title":{"rendered":"Des travailleurs contractuels indiens adh\u00e8rent \u00e0 des syndicats de mineurs"},"content":{"rendered":"<blockquote><p><em>&ldquo;La puissance syndicale est tributaire de ses effectifs. Nous devons organiser les contractuels, les syndiquer, nous battre pour eux et accro\u00eetre notre puissance&rdquo;, a d\u00e9clar\u00e9 M. B.K. Das, secr\u00e9taire g\u00e9n\u00e9ral de l&rsquo;INMF<\/em>.<\/p><\/blockquote><p>Le nombre de personnes occupant un emploi permanent dans les mines de charbon indiennes a diminu\u00e9 rapidement, passant de 700.000 en 2000 \u00e0 300.000 actuellement, et devrait \u00eatre de 100.000 en 2016 selon les pr\u00e9visions. Cependant, la main-d&#039;\u0153uvre n&#039;a pas diminu\u00e9. Les contractuels ont remplac\u00e9 progressivement les permanents, et c&rsquo;est pourquoi l&rsquo;INMF a donn\u00e9 la priorit\u00e9 \u00e0 la syndicalisation des contractuels. La f\u00e9d\u00e9ration a commenc\u00e9 \u00e0 syndiquer syst\u00e9matiquement les travailleurs et travailleuses pr\u00e9caires dans de nombreuses entreprises, notamment Eastern Coalfields Limited (ECL), Mahanadi Coalfields Limited (MCL), Bharat Coking Coal Limited (BCCL), Western Coalfields (WCL) et South Eastern Coalfields Limited.<\/p><p>Apr\u00e8s avoir approuv\u00e9 un plan d&#039;action, l&rsquo;INMF a organis\u00e9 une s\u00e9rie d&#039;ateliers de sensibilisation en impliquant les directions syndicales dans diff\u00e9rents bassins charbonniers, puis par la localisation syst\u00e9matique des lieux de travail, la collecte d&rsquo;une information sur les travailleurs et travailleuses pr\u00e9caires, et pour d\u00e9terminer des organisateurs potentiels parmi les contractuels. Avec le soutien du projet sur l&#039;emploi pr\u00e9caire de IndustriALL, un programme de formation a \u00e9t\u00e9 \u00e9labor\u00e9 pour former des organisateurs parmi les permanents et les contractuels, et des ateliers d&#039;\u00e9ducation ont \u00e9t\u00e9 destin\u00e9s aux travailleurs et travailleuses pr\u00e9caires pour les encourager \u00e0 se battre pour obtenir un traitement \u00e9gal ou tout au moins meilleur. Ce programme a couvert tous les secteurs d&#039;activit\u00e9 dans les mines: des travailleuses ont \u00e9t\u00e9 form\u00e9es pour syndiquer des travailleuses contractuelles parmi le personnel de nettoyage dans les entreprises mini\u00e8res.&nbsp;<\/p><p>L&rsquo;INMF a pu r\u00e9aliser avec succ\u00e8s une campagne de syndicalisation malgr\u00e9 l&#039;hostilit\u00e9 des entreprises mini\u00e8res. L&#039;un des points forts de la campagne a consist\u00e9 \u00e0 faire conna\u00eetre ce que les syndicats avaient obtenu pour les travailleurs et travailleuses pr\u00e9caires dans diff\u00e9rentes mines de charbon. Le partage de l&#039;information sur les r\u00e9ussites syndicales a permis aux contractuels de r\u00e9aliser que leurs luttes pouvaient r\u00e9ussir et les a encourag\u00e9s \u00e0 se mobiliser.<\/p><p>Pendant toute la campagne, l&rsquo;INMF a suivi le principe d&#039;une syndicalisation des contractuels dans les m\u00eames syndicats au lieu de diviser la main-d&#039;\u0153uvre par la cr\u00e9ation de syndicats s\u00e9par\u00e9s. Toutefois dans certains cas, cela prenait un certain temps en raison d&rsquo;amendements n\u00e9cessaires aux statuts, ce qui a amen\u00e9 la cr\u00e9ation de plusieurs syndicats s\u00e9par\u00e9s pour les travailleurs et travailleuses sous contrat, notamment le syndicat des travailleurs contractuels du bassin charbonnier Asansole (9.600 membres) et le syndicat des travailleurs contractuels du transport du bassin charbonnier Mahanadi (10.375 membres), contr\u00f4l\u00e9s attentivement et soutenus par les syndicats existants.<\/p><p>La cr\u00e9ation de syndicats plus puissants a permis aux travailleurs et travailleuses pr\u00e9caires d&#039;obtenir des am\u00e9liorations de leurs conditions de travail. La n\u00e9gociation collective a permis au syndicat des travailleurs contractuels du transport du bassin charbonnier Mahanadi d&rsquo;obtenir le paiement r\u00e9gulier des salaires par le biais de la banque, la d\u00e9duction des contributions \u00e0 la caisse de pr\u00e9voyance, l&#039;acc\u00e8s \u00e0 des moyens m\u00e9dicaux dans les h\u00f4pitaux de l&#039;entreprise, et des primes annuelles. Au niveau national, leur puissance grandissante a aid\u00e9 les syndicats indiens \u00e0 se mobiliser avec succ\u00e8s pour obtenir un accord en 2012 sur une augmentation importante des salaires et autres allocations pour les travailleurs et travailleuses pr\u00e9caires dans le secteur public de l&#039;industrie du charbon.<\/p><p>L&rsquo;INMF a montr\u00e9 que la syndicalisation des travailleurs et travailleuses pr\u00e9caires n&#039;est pas seulement possible, mais qu&rsquo;elle accro\u00eet la force de tous les travailleurs et travailleuses pour n\u00e9gocier de meilleurs salaires et de meilleures conditions de travail.<\/p>","protected":false},"featured_media":0,"template":"","issues":[396,415],"companies":[],"regions":[166],"sectors":[495],"article_tags":[],"class_list":["post-174483","article","type-article","status-publish","hentry","issues-building-strong-unions","issues-stop-precarious-work","regions-india","sectors-mining"],"acf":[],"yoast_head":"<!-- This site is optimized with the Yoast SEO Premium plugin v27.1 (Yoast SEO v27.1) - https:\/\/yoast.com\/product\/yoast-seo-premium-wordpress\/ -->\n<title>Des travailleurs contractuels indiens adh\u00e8rent \u00e0 des syndicats de mineurs - industriall-union<\/title>\n<meta name=\"description\" content=\"&ldquo;La puissance syndicale est tributaire de ses effectifs. Nous devons organiser les contractuels, les syndiquer, nous battre pour eux et accro\u00eetre\" \/>\n<meta name=\"robots\" content=\"index, follow, max-snippet:-1, max-image-preview:large, max-video-preview:-1\" \/>\n<link rel=\"canonical\" href=\"https:\/\/admin.industriall-union.org\/fr\/des-travailleurs-contractuels-indiens-adherent-a-des-syndicats-de-mineurs\/\" \/>\n<meta property=\"og:locale\" content=\"fr_FR\" \/>\n<meta property=\"og:type\" content=\"article\" \/>\n<meta property=\"og:title\" content=\"Des travailleurs contractuels indiens adh\u00e8rent \u00e0 des syndicats de mineurs\" \/>\n<meta property=\"og:description\" content=\"&ldquo;La puissance syndicale est tributaire de ses effectifs. Nous devons organiser les contractuels, les syndiquer, nous battre pour eux et accro\u00eetre\" \/>\n<meta property=\"og:url\" content=\"https:\/\/admin.industriall-union.org\/fr\/des-travailleurs-contractuels-indiens-adherent-a-des-syndicats-de-mineurs\/\" \/>\n<meta property=\"og:site_name\" content=\"industriall-union\" \/>\n<meta property=\"article:modified_time\" content=\"2025-02-08T14:19:47+00:00\" \/>\n<meta name=\"twitter:card\" content=\"summary_large_image\" \/>\n<meta name=\"twitter:label1\" content=\"Est. reading time\" \/>\n\t<meta name=\"twitter:data1\" content=\"3 minutes\" \/>\n<script type=\"application\/ld+json\" class=\"yoast-schema-graph\">{\"@context\":\"https:\/\/schema.org\",\"@graph\":[{\"@type\":\"WebPage\",\"@id\":\"https:\/\/admin.industriall-union.org\/fr\/des-travailleurs-contractuels-indiens-adherent-a-des-syndicats-de-mineurs\/\",\"url\":\"https:\/\/admin.industriall-union.org\/fr\/des-travailleurs-contractuels-indiens-adherent-a-des-syndicats-de-mineurs\/\",\"name\":\"Des travailleurs contractuels indiens adh\u00e8rent \u00e0 des syndicats de mineurs - industriall-union\",\"isPartOf\":{\"@id\":\"https:\/\/admin.industriall-union.org\/#website\"},\"datePublished\":\"2013-02-22T15:19:29+00:00\",\"dateModified\":\"2025-02-08T14:19:47+00:00\",\"description\":\"&ldquo;La puissance syndicale est tributaire de ses effectifs. Nous devons organiser les contractuels, les syndiquer, nous battre pour eux et accro\u00eetre\",\"breadcrumb\":{\"@id\":\"https:\/\/admin.industriall-union.org\/fr\/des-travailleurs-contractuels-indiens-adherent-a-des-syndicats-de-mineurs\/#breadcrumb\"},\"inLanguage\":\"fr-FR\",\"potentialAction\":[{\"@type\":\"ReadAction\",\"target\":[\"https:\/\/admin.industriall-union.org\/fr\/des-travailleurs-contractuels-indiens-adherent-a-des-syndicats-de-mineurs\/\"]}]},{\"@type\":\"BreadcrumbList\",\"@id\":\"https:\/\/admin.industriall-union.org\/fr\/des-travailleurs-contractuels-indiens-adherent-a-des-syndicats-de-mineurs\/#breadcrumb\",\"itemListElement\":[{\"@type\":\"ListItem\",\"position\":1,\"name\":\"Home\",\"item\":\"https:\/\/admin.industriall-union.org\/\"},{\"@type\":\"ListItem\",\"position\":2,\"name\":\"Articles\",\"item\":\"https:\/\/admin.industriall-union.org\/article\/\"},{\"@type\":\"ListItem\",\"position\":3,\"name\":\"Des travailleurs contractuels indiens adh\u00e8rent \u00e0 des syndicats de mineurs\"}]},{\"@type\":\"WebSite\",\"@id\":\"https:\/\/admin.industriall-union.org\/#website\",\"url\":\"https:\/\/admin.industriall-union.org\/\",\"name\":\"industriall-union\",\"description\":\"\",\"potentialAction\":[{\"@type\":\"SearchAction\",\"target\":{\"@type\":\"EntryPoint\",\"urlTemplate\":\"https:\/\/admin.industriall-union.org\/?s={search_term_string}\"},\"query-input\":{\"@type\":\"PropertyValueSpecification\",\"valueRequired\":true,\"valueName\":\"search_term_string\"}}],\"inLanguage\":\"fr-FR\"}]}<\/script>\n<!-- \/ Yoast SEO Premium plugin. -->","yoast_head_json":{"title":"Des travailleurs contractuels indiens adh\u00e8rent \u00e0 des syndicats de mineurs - industriall-union","description":"&ldquo;La puissance syndicale est tributaire de ses effectifs. Nous devons organiser les contractuels, les syndiquer, nous battre pour eux et accro\u00eetre","robots":{"index":"index","follow":"follow","max-snippet":"max-snippet:-1","max-image-preview":"max-image-preview:large","max-video-preview":"max-video-preview:-1"},"canonical":"https:\/\/admin.industriall-union.org\/fr\/des-travailleurs-contractuels-indiens-adherent-a-des-syndicats-de-mineurs\/","og_locale":"fr_FR","og_type":"article","og_title":"Des travailleurs contractuels indiens adh\u00e8rent \u00e0 des syndicats de mineurs","og_description":"&ldquo;La puissance syndicale est tributaire de ses effectifs. Nous devons organiser les contractuels, les syndiquer, nous battre pour eux et accro\u00eetre","og_url":"https:\/\/admin.industriall-union.org\/fr\/des-travailleurs-contractuels-indiens-adherent-a-des-syndicats-de-mineurs\/","og_site_name":"industriall-union","article_modified_time":"2025-02-08T14:19:47+00:00","twitter_card":"summary_large_image","twitter_misc":{"Est. reading time":"3 minutes"},"schema":{"@context":"https:\/\/schema.org","@graph":[{"@type":"WebPage","@id":"https:\/\/admin.industriall-union.org\/fr\/des-travailleurs-contractuels-indiens-adherent-a-des-syndicats-de-mineurs\/","url":"https:\/\/admin.industriall-union.org\/fr\/des-travailleurs-contractuels-indiens-adherent-a-des-syndicats-de-mineurs\/","name":"Des travailleurs contractuels indiens adh\u00e8rent \u00e0 des syndicats de mineurs - industriall-union","isPartOf":{"@id":"https:\/\/admin.industriall-union.org\/#website"},"datePublished":"2013-02-22T15:19:29+00:00","dateModified":"2025-02-08T14:19:47+00:00","description":"&ldquo;La puissance syndicale est tributaire de ses effectifs. Nous devons organiser les contractuels, les syndiquer, nous battre pour eux et accro\u00eetre","breadcrumb":{"@id":"https:\/\/admin.industriall-union.org\/fr\/des-travailleurs-contractuels-indiens-adherent-a-des-syndicats-de-mineurs\/#breadcrumb"},"inLanguage":"fr-FR","potentialAction":[{"@type":"ReadAction","target":["https:\/\/admin.industriall-union.org\/fr\/des-travailleurs-contractuels-indiens-adherent-a-des-syndicats-de-mineurs\/"]}]},{"@type":"BreadcrumbList","@id":"https:\/\/admin.industriall-union.org\/fr\/des-travailleurs-contractuels-indiens-adherent-a-des-syndicats-de-mineurs\/#breadcrumb","itemListElement":[{"@type":"ListItem","position":1,"name":"Home","item":"https:\/\/admin.industriall-union.org\/"},{"@type":"ListItem","position":2,"name":"Articles","item":"https:\/\/admin.industriall-union.org\/article\/"},{"@type":"ListItem","position":3,"name":"Des travailleurs contractuels indiens adh\u00e8rent \u00e0 des syndicats de mineurs"}]},{"@type":"WebSite","@id":"https:\/\/admin.industriall-union.org\/#website","url":"https:\/\/admin.industriall-union.org\/","name":"industriall-union","description":"","potentialAction":[{"@type":"SearchAction","target":{"@type":"EntryPoint","urlTemplate":"https:\/\/admin.industriall-union.org\/?s={search_term_string}"},"query-input":{"@type":"PropertyValueSpecification","valueRequired":true,"valueName":"search_term_string"}}],"inLanguage":"fr-FR"}]}},"_links":{"self":[{"href":"https:\/\/admin.industriall-union.org\/fr\/wp-json\/wp\/v2\/article\/174483","targetHints":{"allow":["GET"]}}],"collection":[{"href":"https:\/\/admin.industriall-union.org\/fr\/wp-json\/wp\/v2\/article"}],"about":[{"href":"https:\/\/admin.industriall-union.org\/fr\/wp-json\/wp\/v2\/types\/article"}],"wp:attachment":[{"href":"https:\/\/admin.industriall-union.org\/fr\/wp-json\/wp\/v2\/media?parent=174483"}],"wp:term":[{"taxonomy":"issues","embeddable":true,"href":"https:\/\/admin.industriall-union.org\/fr\/wp-json\/wp\/v2\/issues?post=174483"},{"taxonomy":"companies","embeddable":true,"href":"https:\/\/admin.industriall-union.org\/fr\/wp-json\/wp\/v2\/companies?post=174483"},{"taxonomy":"regions","embeddable":true,"href":"https:\/\/admin.industriall-union.org\/fr\/wp-json\/wp\/v2\/regions?post=174483"},{"taxonomy":"sectors","embeddable":true,"href":"https:\/\/admin.industriall-union.org\/fr\/wp-json\/wp\/v2\/sectors?post=174483"},{"taxonomy":"article_tags","embeddable":true,"href":"https:\/\/admin.industriall-union.org\/fr\/wp-json\/wp\/v2\/article_tags?post=174483"}],"curies":[{"name":"wp","href":"https:\/\/api.w.org\/{rel}","templated":true}]}}