{"id":174467,"date":"2013-02-28T09:18:04","date_gmt":"2013-02-28T09:18:04","guid":{"rendered":"https:\/\/admin.industriall-union.org\/les-mauvaises-conditions-de-travail-forcent-le-gouvernement-zambien-a-saisir-la-mine-collum\/"},"modified":"2025-02-08T14:17:49","modified_gmt":"2025-02-08T14:17:49","slug":"les-mauvaises-conditions-de-travail-forcent-le-gouvernement-zambien-a-saisir-la-mine-collum","status":"publish","type":"article","link":"https:\/\/admin.industriall-union.org\/fr\/les-mauvaises-conditions-de-travail-forcent-le-gouvernement-zambien-a-saisir-la-mine-collum\/","title":{"rendered":"Les mauvaises conditions de travail forcent le gouvernement zambien \u00e0 saisir la mine Collum"},"content":{"rendered":"<p>La mine Collum qui avait depuis 2003 des propri\u00e9taires chinois, a \u00e9t\u00e9 fr\u00e9quemment l&rsquo;objet d&rsquo;une l&rsquo;agitation ouvri\u00e8re. D\u00e9j\u00e0 en 2005, les mauvaises conditions avaient \u00e9t\u00e9 signal\u00e9es au gouvernement qui avait envisag\u00e9 sa fermeture en 2006 apr\u00e8s qu&rsquo;une d\u00e9l\u00e9gation eut constat\u00e9 de visu les mauvaises conditions de travail endur\u00e9es par les mineurs.<\/p><p>En octobre 2010, 13 mineurs ont \u00e9t\u00e9 bless\u00e9s quand deux contrema\u00eetres ont ouvert le feu dans la mine sur les gr\u00e9vistes. Les travailleurs s&#039;\u00e9taient mis en gr\u00e8ve pour n&#039;avoir pas \u00e9t\u00e9 pay\u00e9s et pour protester contre les salaires trop faibles et les mauvaises conditions de travail. Par la suite, l&rsquo;\u00c9tat a abandonn\u00e9 les chefs d&#039;accusation contre les deux contrema\u00eetres.<\/p><p>Les tensions ont continu\u00e9 \u00e0 \u00eatre de plus en plus fortes \u00e0 la mine alors que les questions relatives au travail n&#039;\u00e9taient pas r\u00e9solues. Un diff\u00e9rend sur les sommes pay\u00e9es aux mineurs apr\u00e8s l&#039;augmentation du salaire minimum d\u00e9cid\u00e9e par le gouvernement en 2012 a donn\u00e9 lieu \u00e0 une protestation spontan\u00e9e des mineurs au cours de laquelle un <a href=\"http:\/\/www.industriall-union.org\/fr\/un-contremaitre-tue-lors-dune-protestation-a-la-mine-de-collum-en-zambie\">contrema\u00eetre chinois a \u00e9t\u00e9 tu\u00e9 et un autre <\/a>&nbsp;bless\u00e9.<\/p><p>&ldquo;Depuis la privatisation de la mine, le syndicat des mineurs de Zambie (Muz) a relev\u00e9 les graves pr\u00e9occupations des travailleurs sur les infractions \u00e0 la l\u00e9gislation du travail, les questions de sant\u00e9 et la s\u00e9curit\u00e9, de m\u00eame que l&rsquo;application de l&#039;accord n\u00e9goci\u00e9 qui a pos\u00e9 un dilemme continuel&rdquo;, a d\u00e9clar\u00e9 Joseph Chewe, secr\u00e9taire g\u00e9n\u00e9ral du Muz, affili\u00e9 \u00e0 IndustriALL Global Union. &ldquo;Muz soutient la prise de contr\u00f4le de la mine par le gouvernement qui a lieu dans le meilleur int\u00e9r\u00eat des travailleurs et permet de garantir les emplois. Mais le gouvernement doit s&#039;assurer que le nouvel investisseur respectera la l\u00e9gislation du travail et assurera de bonnes conditions de travail dans la mine pour ces travailleurs qui ont souffert trop longtemps&rdquo;. &nbsp;&nbsp;<\/p><p>Le gouvernement a annul\u00e9 les licences d&#039;exploitation mini\u00e8re d\u00e9tenues par l&#039;entreprise propri\u00e9taire de la mine Collum du fait qu&#039;aucune am\u00e9lioration n&#039;a \u00e9t\u00e9 r\u00e9alis\u00e9e \u00e0 la mine. L&#039;\u00c9tat assurera l&#039;exploitation de la mine jusqu&#039;\u00e0 ce qu&#039;un nouvel investisseur soit trouv\u00e9. Le gouvernement a assur\u00e9 les travailleurs qu&#039;il n&#039;y aura pas de pertes d&#039;emploi.<\/p><p>Une <a href=\"http:\/\/www.hrw.org\/news\/2013\/02\/20\/zambia-safety-gaps-threaten-copper-miners\">\u00e9tude de Human Rights Watch<\/a> (HRW) r\u00e9alis\u00e9e r\u00e9cemment a conclu que m\u00eame s&#039;il y a eu certaines am\u00e9liorations des conditions de travail dans les mines en Zambie depuis la venue au pouvoir du pr\u00e9sident Sata en 2011, il reste encore beaucoup \u00e0 faire pour assurer l&#039;application de la l\u00e9gislation du travail et une am\u00e9lioration des normes de s\u00e9curit\u00e9, notamment dans les mines de cuivre.&nbsp; Sata a promis d&#039;am\u00e9liorer les conditions de travail dans les mines au cours de sa campagne \u00e9lectorale.<\/p><p>Plusieurs syndicats et organisations de la soci\u00e9t\u00e9 civile en Zambie ont bien accueilli la prise de contr\u00f4le de la mine Collum, en esp\u00e9rant que cette action fera clairement comprendre que le gouvernement ne tol\u00e9rera pas des investisseurs qui passent outre \u00e0 la l\u00e9gislation et ne respectent pas les droits des travailleurs.<\/p>","protected":false},"featured_media":0,"template":"","issues":[406,403,402],"companies":[],"regions":[357],"sectors":[495],"article_tags":[],"class_list":["post-174467","article","type-article","status-publish","hentry","issues-confronting-global-capital","issues-convention-176-mine-safety","issues-health-and-safety","regions-zambia","sectors-mining"],"acf":[],"yoast_head":"<!-- This site is optimized with the Yoast SEO Premium plugin v27.1 (Yoast SEO v27.1) - https:\/\/yoast.com\/product\/yoast-seo-premium-wordpress\/ -->\n<title>Les mauvaises conditions de travail forcent le gouvernement zambien \u00e0 saisir la mine Collum - industriall-union<\/title>\n<meta name=\"description\" content=\"La mine Collum qui avait depuis 2003 des propri\u00e9taires chinois, a \u00e9t\u00e9 fr\u00e9quemment l&rsquo;objet d&rsquo;une l&rsquo;agitation ouvri\u00e8re. D\u00e9j\u00e0 en 2005, les\" \/>\n<meta name=\"robots\" content=\"index, follow, max-snippet:-1, max-image-preview:large, max-video-preview:-1\" \/>\n<link rel=\"canonical\" href=\"https:\/\/admin.industriall-union.org\/fr\/les-mauvaises-conditions-de-travail-forcent-le-gouvernement-zambien-a-saisir-la-mine-collum\/\" \/>\n<meta property=\"og:locale\" content=\"fr_FR\" \/>\n<meta property=\"og:type\" content=\"article\" \/>\n<meta property=\"og:title\" content=\"Les mauvaises conditions de travail forcent le gouvernement zambien \u00e0 saisir la mine Collum\" \/>\n<meta property=\"og:description\" content=\"La mine Collum qui avait depuis 2003 des propri\u00e9taires chinois, a \u00e9t\u00e9 fr\u00e9quemment l&rsquo;objet d&rsquo;une l&rsquo;agitation ouvri\u00e8re. D\u00e9j\u00e0 en 2005, les\" \/>\n<meta property=\"og:url\" content=\"https:\/\/admin.industriall-union.org\/fr\/les-mauvaises-conditions-de-travail-forcent-le-gouvernement-zambien-a-saisir-la-mine-collum\/\" \/>\n<meta property=\"og:site_name\" content=\"industriall-union\" \/>\n<meta property=\"article:modified_time\" content=\"2025-02-08T14:17:49+00:00\" \/>\n<meta name=\"twitter:card\" content=\"summary_large_image\" \/>\n<meta name=\"twitter:label1\" content=\"Est. reading time\" \/>\n\t<meta name=\"twitter:data1\" content=\"3 minutes\" \/>\n<script type=\"application\/ld+json\" class=\"yoast-schema-graph\">{\"@context\":\"https:\/\/schema.org\",\"@graph\":[{\"@type\":\"WebPage\",\"@id\":\"https:\/\/admin.industriall-union.org\/fr\/les-mauvaises-conditions-de-travail-forcent-le-gouvernement-zambien-a-saisir-la-mine-collum\/\",\"url\":\"https:\/\/admin.industriall-union.org\/fr\/les-mauvaises-conditions-de-travail-forcent-le-gouvernement-zambien-a-saisir-la-mine-collum\/\",\"name\":\"Les mauvaises conditions de travail forcent le gouvernement zambien \u00e0 saisir la mine Collum - industriall-union\",\"isPartOf\":{\"@id\":\"https:\/\/admin.industriall-union.org\/#website\"},\"datePublished\":\"2013-02-28T09:18:04+00:00\",\"dateModified\":\"2025-02-08T14:17:49+00:00\",\"description\":\"La mine Collum qui avait depuis 2003 des propri\u00e9taires chinois, a \u00e9t\u00e9 fr\u00e9quemment l&rsquo;objet d&rsquo;une l&rsquo;agitation ouvri\u00e8re. D\u00e9j\u00e0 en 2005, les\",\"breadcrumb\":{\"@id\":\"https:\/\/admin.industriall-union.org\/fr\/les-mauvaises-conditions-de-travail-forcent-le-gouvernement-zambien-a-saisir-la-mine-collum\/#breadcrumb\"},\"inLanguage\":\"fr-FR\",\"potentialAction\":[{\"@type\":\"ReadAction\",\"target\":[\"https:\/\/admin.industriall-union.org\/fr\/les-mauvaises-conditions-de-travail-forcent-le-gouvernement-zambien-a-saisir-la-mine-collum\/\"]}]},{\"@type\":\"BreadcrumbList\",\"@id\":\"https:\/\/admin.industriall-union.org\/fr\/les-mauvaises-conditions-de-travail-forcent-le-gouvernement-zambien-a-saisir-la-mine-collum\/#breadcrumb\",\"itemListElement\":[{\"@type\":\"ListItem\",\"position\":1,\"name\":\"Home\",\"item\":\"https:\/\/admin.industriall-union.org\/\"},{\"@type\":\"ListItem\",\"position\":2,\"name\":\"Articles\",\"item\":\"https:\/\/admin.industriall-union.org\/article\/\"},{\"@type\":\"ListItem\",\"position\":3,\"name\":\"Les mauvaises conditions de travail forcent le gouvernement zambien \u00e0 saisir la mine Collum\"}]},{\"@type\":\"WebSite\",\"@id\":\"https:\/\/admin.industriall-union.org\/#website\",\"url\":\"https:\/\/admin.industriall-union.org\/\",\"name\":\"industriall-union\",\"description\":\"\",\"potentialAction\":[{\"@type\":\"SearchAction\",\"target\":{\"@type\":\"EntryPoint\",\"urlTemplate\":\"https:\/\/admin.industriall-union.org\/?s={search_term_string}\"},\"query-input\":{\"@type\":\"PropertyValueSpecification\",\"valueRequired\":true,\"valueName\":\"search_term_string\"}}],\"inLanguage\":\"fr-FR\"}]}<\/script>\n<!-- \/ Yoast SEO Premium plugin. -->","yoast_head_json":{"title":"Les mauvaises conditions de travail forcent le gouvernement zambien \u00e0 saisir la mine Collum - industriall-union","description":"La mine Collum qui avait depuis 2003 des propri\u00e9taires chinois, a \u00e9t\u00e9 fr\u00e9quemment l&rsquo;objet d&rsquo;une l&rsquo;agitation ouvri\u00e8re. D\u00e9j\u00e0 en 2005, les","robots":{"index":"index","follow":"follow","max-snippet":"max-snippet:-1","max-image-preview":"max-image-preview:large","max-video-preview":"max-video-preview:-1"},"canonical":"https:\/\/admin.industriall-union.org\/fr\/les-mauvaises-conditions-de-travail-forcent-le-gouvernement-zambien-a-saisir-la-mine-collum\/","og_locale":"fr_FR","og_type":"article","og_title":"Les mauvaises conditions de travail forcent le gouvernement zambien \u00e0 saisir la mine Collum","og_description":"La mine Collum qui avait depuis 2003 des propri\u00e9taires chinois, a \u00e9t\u00e9 fr\u00e9quemment l&rsquo;objet d&rsquo;une l&rsquo;agitation ouvri\u00e8re. D\u00e9j\u00e0 en 2005, les","og_url":"https:\/\/admin.industriall-union.org\/fr\/les-mauvaises-conditions-de-travail-forcent-le-gouvernement-zambien-a-saisir-la-mine-collum\/","og_site_name":"industriall-union","article_modified_time":"2025-02-08T14:17:49+00:00","twitter_card":"summary_large_image","twitter_misc":{"Est. reading time":"3 minutes"},"schema":{"@context":"https:\/\/schema.org","@graph":[{"@type":"WebPage","@id":"https:\/\/admin.industriall-union.org\/fr\/les-mauvaises-conditions-de-travail-forcent-le-gouvernement-zambien-a-saisir-la-mine-collum\/","url":"https:\/\/admin.industriall-union.org\/fr\/les-mauvaises-conditions-de-travail-forcent-le-gouvernement-zambien-a-saisir-la-mine-collum\/","name":"Les mauvaises conditions de travail forcent le gouvernement zambien \u00e0 saisir la mine Collum - industriall-union","isPartOf":{"@id":"https:\/\/admin.industriall-union.org\/#website"},"datePublished":"2013-02-28T09:18:04+00:00","dateModified":"2025-02-08T14:17:49+00:00","description":"La mine Collum qui avait depuis 2003 des propri\u00e9taires chinois, a \u00e9t\u00e9 fr\u00e9quemment l&rsquo;objet d&rsquo;une l&rsquo;agitation ouvri\u00e8re. D\u00e9j\u00e0 en 2005, les","breadcrumb":{"@id":"https:\/\/admin.industriall-union.org\/fr\/les-mauvaises-conditions-de-travail-forcent-le-gouvernement-zambien-a-saisir-la-mine-collum\/#breadcrumb"},"inLanguage":"fr-FR","potentialAction":[{"@type":"ReadAction","target":["https:\/\/admin.industriall-union.org\/fr\/les-mauvaises-conditions-de-travail-forcent-le-gouvernement-zambien-a-saisir-la-mine-collum\/"]}]},{"@type":"BreadcrumbList","@id":"https:\/\/admin.industriall-union.org\/fr\/les-mauvaises-conditions-de-travail-forcent-le-gouvernement-zambien-a-saisir-la-mine-collum\/#breadcrumb","itemListElement":[{"@type":"ListItem","position":1,"name":"Home","item":"https:\/\/admin.industriall-union.org\/"},{"@type":"ListItem","position":2,"name":"Articles","item":"https:\/\/admin.industriall-union.org\/article\/"},{"@type":"ListItem","position":3,"name":"Les mauvaises conditions de travail forcent le gouvernement zambien \u00e0 saisir la mine Collum"}]},{"@type":"WebSite","@id":"https:\/\/admin.industriall-union.org\/#website","url":"https:\/\/admin.industriall-union.org\/","name":"industriall-union","description":"","potentialAction":[{"@type":"SearchAction","target":{"@type":"EntryPoint","urlTemplate":"https:\/\/admin.industriall-union.org\/?s={search_term_string}"},"query-input":{"@type":"PropertyValueSpecification","valueRequired":true,"valueName":"search_term_string"}}],"inLanguage":"fr-FR"}]}},"_links":{"self":[{"href":"https:\/\/admin.industriall-union.org\/fr\/wp-json\/wp\/v2\/article\/174467","targetHints":{"allow":["GET"]}}],"collection":[{"href":"https:\/\/admin.industriall-union.org\/fr\/wp-json\/wp\/v2\/article"}],"about":[{"href":"https:\/\/admin.industriall-union.org\/fr\/wp-json\/wp\/v2\/types\/article"}],"wp:attachment":[{"href":"https:\/\/admin.industriall-union.org\/fr\/wp-json\/wp\/v2\/media?parent=174467"}],"wp:term":[{"taxonomy":"issues","embeddable":true,"href":"https:\/\/admin.industriall-union.org\/fr\/wp-json\/wp\/v2\/issues?post=174467"},{"taxonomy":"companies","embeddable":true,"href":"https:\/\/admin.industriall-union.org\/fr\/wp-json\/wp\/v2\/companies?post=174467"},{"taxonomy":"regions","embeddable":true,"href":"https:\/\/admin.industriall-union.org\/fr\/wp-json\/wp\/v2\/regions?post=174467"},{"taxonomy":"sectors","embeddable":true,"href":"https:\/\/admin.industriall-union.org\/fr\/wp-json\/wp\/v2\/sectors?post=174467"},{"taxonomy":"article_tags","embeddable":true,"href":"https:\/\/admin.industriall-union.org\/fr\/wp-json\/wp\/v2\/article_tags?post=174467"}],"curies":[{"name":"wp","href":"https:\/\/api.w.org\/{rel}","templated":true}]}}